{"id":87953,"date":"2019-06-20T22:31:31","date_gmt":"2019-06-20T20:31:31","guid":{"rendered":"http:\/\/www.tucomarca.com\/wordpress\/segunda\/?p=87953"},"modified":"2019-06-20T22:31:31","modified_gmt":"2019-06-20T20:31:31","slug":"comencen-les-obres-de-reurbanitzacio-del-carrer-perales-i-la-rehabilitacio-de-la-facana-de-lajuntament","status":"publish","type":"post","link":"https:\/\/tucomarca.whitekongsoftware.com\/ca\/comencen-les-obres-de-reurbanitzacio-del-carrer-perales-i-la-rehabilitacio-de-la-facana-de-lajuntament\/","title":{"rendered":"Comencen les obres de reurbanitzaci\u00f3 del carrer Perales i la rehabilitaci\u00f3 de la fa\u00e7ana de l&#8217;Ajuntament"},"content":{"rendered":"<div class=\"\">\n<figure id=\"attachment_87950\" aria-describedby=\"caption-attachment-87950\" style=\"width: 368px\" class=\"wp-caption alignleft\"><img loading=\"lazy\" decoding=\"async\" class=\" wp-image-87950\" src=\"http:\/\/www.tucomarca.com\/wordpress\/segunda\/wp-content\/uploads\/2019\/06\/Fachada1.jpg\" alt=\"Fachada del Ayuntamiento de Cheste.\" width=\"368\" height=\"276\" srcset=\"https:\/\/tucomarca.whitekongsoftware.com\/wp-content\/uploads\/2019\/06\/Fachada1.jpg 2016w, https:\/\/tucomarca.whitekongsoftware.com\/wp-content\/uploads\/2019\/06\/Fachada1-300x225.jpg 300w, https:\/\/tucomarca.whitekongsoftware.com\/wp-content\/uploads\/2019\/06\/Fachada1-768x576.jpg 768w, https:\/\/tucomarca.whitekongsoftware.com\/wp-content\/uploads\/2019\/06\/Fachada1-1024x768.jpg 1024w\" sizes=\"auto, (max-width: 368px) 100vw, 368px\" \/><figcaption id=\"caption-attachment-87950\" class=\"wp-caption-text\">Fa\u00e7ana de l&#8217;Ajuntament de Cheste.<\/figcaption><\/figure>\n<p>Dimecres passat, 12 de juny, van comen\u00e7ar les obres de reurbanizac\u00f3n integral del carrer Perales, que contemplen una nova pavimentaci\u00f3 i l&#8217;adequaci\u00f3 dels conductes de la xarxa del subministrament d&#8217;aigua potable i de clavegueram, aix\u00ed com de la xarxa d&#8217;enllumenat p\u00fablic.<\/p>\n<p>L&#8217;Ajuntament invertir\u00e0 113.529,46 (IVA incl\u00f2s), provinents del programa de subvencions SOM de la Diputaci\u00f3 de Val\u00e8ncia, en la reurbanitzaci\u00f3 completa d&#8217;aquesta via, que mantindr\u00e0 una est\u00e8tica similar a la del carrer Campillo, igual que es va fer a les actuacions de Zamenhoff, La Virgen i Manuel de Falla, escomeses fa uns mesos. El termini d&#8217;execuci\u00f3 previst per a que finalitzin les obres \u00e9s d&#8217;aproximadament tres mesos.<\/p>\n<p>&#8220;L&#8217;actuaci\u00f3 en aquest carrer \u00e9s una continuaci\u00f3 del proc\u00e9s de millora cont\u00ednua del poble, en el que s&#8217;est\u00e0 seguint un pla de disseny per zones. Tant el deteriorament del ferm com les les instal\u00b7lacions amb fuites d&#8217;aigua i fecals del carrer Perales feia necess\u00e0ria la intervenci\u00f3 &#8220;, ha declarat l&#8217;alcalde, Jos\u00e9 Morell. &#8220;A m\u00e9s, la reurbanitzaci\u00f3 respon a les demandes que el ve\u00efnat va expressar a trav\u00e9s d&#8217;una enquesta&#8221;.<\/p>\n<p>&#8220;El projecte de reurbanitzaci\u00f3 d&#8217;aquest carrer porta previst des de fa dos anys i estic molt satisfet que per fi s&#8217;hagi pogut dur a terme&#8221;, ha afegit el regidor Jos\u00e9 Vicente Guijarro. &#8220;Igual que els carrers adjacents, Manuel de Falla, La Virgen, Doctor Zamenhoff i Campillo, ja realitzades; i Bonaire, que tamb\u00e9 est\u00e0 en prevista per escometre pr\u00f2ximament, Perales es veur\u00e0 amb una est\u00e8tica similar, amb voreres m\u00e9s amples, que faciliten la mobilitat de vianants, i amb el mateix tipus de pavimentaci\u00f3 i il\u00b7luminaci\u00f3; per\u00f2 sobretot, aquests carrers reurbanitzats compten amb un sistema de sanejament renovat, que era molt necessari &#8220;.<\/p>\n<p>Paral\u00b7lelament, la setmana passada van comen\u00e7ar les obres de rehabilitaci\u00f3 de la fa\u00e7ana de l&#8217;Ajuntament, una infraestructura que data de 1906 i que, tot i que ha tingut petites intervencions per restaurar desperfectes al llarg del temps, precisava d&#8217;una rehabilitaci\u00f3 integral.<\/p>\n<\/div>\n","protected":false},"excerpt":{"rendered":"<div class=\"mh-excerpt\">Dimecres passat, 12 de juny, van comen\u00e7ar les obres de reurbanizac\u00f3n integral del carrer Perales, que contemplen una nova pavimentaci\u00f3 i l&#8217;adequaci\u00f3 dels conductes de la xarxa del subministrament d&#8217;aigua potable i de clavegueram, aix\u00ed <a class=\"mh-excerpt-more\" href=\"https:\/\/tucomarca.whitekongsoftware.com\/ca\/comencen-les-obres-de-reurbanitzacio-del-carrer-perales-i-la-rehabilitacio-de-la-facana-de-lajuntament\/\" title=\"Comencen les obres de reurbanitzaci\u00f3 del carrer Perales i la rehabilitaci\u00f3 de la fa\u00e7ana de l&#8217;Ajuntament\">[+] <\/a><\/div>\n","protected":false},"author":2,"featured_media":87951,"comment_status":"open","ping_status":"open","sticky":false,"template":"","format":"standard","meta":{"footnotes":""},"categories":[10948,10894,10912,10896,10974],"tags":[11071,11109],"class_list":["post-87953","post","type-post","status-publish","format-standard","has-post-thumbnail","category-infraestructuras-ca","category-la-comarca-ca","category-la-hoya-ca","category-seccion-ca","category-cheste-ca","tag-cheste","tag-xest"],"_links":{"self":[{"href":"https:\/\/tucomarca.whitekongsoftware.com\/ca\/wp-json\/wp\/v2\/posts\/87953","targetHints":{"allow":["GET"]}}],"collection":[{"href":"https:\/\/tucomarca.whitekongsoftware.com\/ca\/wp-json\/wp\/v2\/posts"}],"about":[{"href":"https:\/\/tucomarca.whitekongsoftware.com\/ca\/wp-json\/wp\/v2\/types\/post"}],"author":[{"embeddable":true,"href":"https:\/\/tucomarca.whitekongsoftware.com\/ca\/wp-json\/wp\/v2\/users\/2"}],"replies":[{"embeddable":true,"href":"https:\/\/tucomarca.whitekongsoftware.com\/ca\/wp-json\/wp\/v2\/comments?post=87953"}],"version-history":[{"count":0,"href":"https:\/\/tucomarca.whitekongsoftware.com\/ca\/wp-json\/wp\/v2\/posts\/87953\/revisions"}],"wp:featuredmedia":[{"embeddable":true,"href":"https:\/\/tucomarca.whitekongsoftware.com\/ca\/wp-json\/wp\/v2\/media\/87951"}],"wp:attachment":[{"href":"https:\/\/tucomarca.whitekongsoftware.com\/ca\/wp-json\/wp\/v2\/media?parent=87953"}],"wp:term":[{"taxonomy":"category","embeddable":true,"href":"https:\/\/tucomarca.whitekongsoftware.com\/ca\/wp-json\/wp\/v2\/categories?post=87953"},{"taxonomy":"post_tag","embeddable":true,"href":"https:\/\/tucomarca.whitekongsoftware.com\/ca\/wp-json\/wp\/v2\/tags?post=87953"}],"curies":[{"name":"wp","href":"https:\/\/api.w.org\/{rel}","templated":true}]}}