{"id":87770,"date":"2019-06-15T15:32:35","date_gmt":"2019-06-15T13:32:35","guid":{"rendered":"http:\/\/www.tucomarca.com\/wordpress\/segunda\/?p=87770"},"modified":"2019-06-18T13:00:17","modified_gmt":"2019-06-18T11:00:17","slug":"el-socialista-fernando-benlliure-revalida-el-basto-de-comandament-a-lajuntament-dutiel","status":"publish","type":"post","link":"https:\/\/tucomarca.whitekongsoftware.com\/ca\/el-socialista-fernando-benlliure-revalida-el-basto-de-comandament-a-lajuntament-dutiel\/","title":{"rendered":"El socialista Fernando Benlliure revalida el bast\u00f3 de comandament a l&#8217;Ajuntament d&#8217;Utiel"},"content":{"rendered":"<figure id=\"attachment_87778\" aria-describedby=\"caption-attachment-87778\" style=\"width: 674px\" class=\"wp-caption alignnone\"><img loading=\"lazy\" decoding=\"async\" class=\" wp-image-87778\" src=\"http:\/\/www.tucomarca.com\/wordpress\/segunda\/wp-content\/uploads\/2019\/06\/FernandoBenlliurUtiel.jpg\" alt=\"Fernando Benlliure mostr\u00f3 la gratitud por el apoyo recibido y la responsabilidad que implica.\" width=\"674\" height=\"506\" srcset=\"https:\/\/tucomarca.whitekongsoftware.com\/wp-content\/uploads\/2019\/06\/FernandoBenlliurUtiel.jpg 1599w, https:\/\/tucomarca.whitekongsoftware.com\/wp-content\/uploads\/2019\/06\/FernandoBenlliurUtiel-300x225.jpg 300w, https:\/\/tucomarca.whitekongsoftware.com\/wp-content\/uploads\/2019\/06\/FernandoBenlliurUtiel-768x576.jpg 768w, https:\/\/tucomarca.whitekongsoftware.com\/wp-content\/uploads\/2019\/06\/FernandoBenlliurUtiel-1024x768.jpg 1024w\" sizes=\"auto, (max-width: 674px) 100vw, 674px\" \/><figcaption id=\"caption-attachment-87778\" class=\"wp-caption-text\">Fernando Benlliure va mostrar la gratitud pel suport rebut i la responsabilitat que implica.<\/figcaption><\/figure>\n<p>El ple constitutiu de la nova corporaci\u00f3 celebrat aquest mat\u00ed ratifica com a alcalde d&#8217;Utiel a Fernando Benlliure Garcia, que repeteix mandat despr\u00e9s d&#8217;aconseguir majoria absoluta la candidatura del PSOE a les eleccions municipals celebrades el passat 26 de maig.<\/p>\n<p>L&#8217;acte oficial de constituci\u00f3 de la corporaci\u00f3 municipal s&#8217;ha celebrat a les 12,00 hores a la sala de plens de l&#8217;Ajuntament d&#8217;Utiel davant nombr\u00f3s p\u00fablic assistent.<\/p>\n<p>Com marca el procediment oficial, la sessi\u00f3 extraordin\u00e0ria de ple s&#8217;iniciava amb la constituci\u00f3 de la mesa d&#8217;edat formada pels regidors \/ es electes de major i menor edat, Maria Carmen L\u00f3pez Gonz\u00e1lez (PSOE) i Hugo Murgui Romero (PP), actuant com a presidenta de la taula la primera.<\/p>\n<p>Despr\u00e9s de l&#8217;acreditaci\u00f3 dels regidors i regidores i el jurament o promesa del c\u00e0rrec, quedava constitu\u00eft l&#8217;Ajuntament d&#8217;Utiel procedint a continuaci\u00f3 a l&#8217;elecci\u00f3 d&#8217;alcalde.<\/p>\n<p>Es sotmetien a votaci\u00f3 mitjan\u00e7ant sistema ordinari (m\u00e0 al\u00e7ada) les candidatures de Fernando Benlliure Garcia (PSOE) i de Roc\u00edo Gim\u00e9nez P\u00e9rez (PP) resultant la candidatura m\u00e9s votada, l&#8217;encap\u00e7alada per Fernando Benlliure en comptar amb 11 vots, 10 dels regidors de el seu grup i el vot del portaveu d&#8217;Unides Podem-IU. Roc\u00edo Gim\u00e9nez P\u00e9rez obtenia dels 6 vots dels regidors del PP.<\/p>\n<p>Despr\u00e9s de l&#8217;elecci\u00f3 de l&#8217;alcalde, intervenia el regidor del partit amb menor representaci\u00f3, \u00d3scar Latorre qui ha apuntat que, tot i els inesperats resultats electorals del seu grup, el suport obtingut li permetr\u00e0 seguir amb la tasca realitzada pels seus predecessors dels partits d&#8217;IU i Ruya. El portaveu de Unides Podem IU va mostrar el seu comprom\u00eds per visibilitzar als llogarets i fomentar el desenvolupament rural.<\/p>\n<p>A continuaci\u00f3, la portaveu del PP a Utiel, Roc\u00edo Gim\u00e9nez, ha apuntat que seguiran lluitant des de l&#8217;oposici\u00f3 per treballar en benefici de tots amb vocaci\u00f3 de servei a Utiel i als seus ciutadans i agra\u00efa el suport dels seus companys de partit. Gim\u00e9nez va destacar la tasca d&#8217;oposici\u00f3 seriosa i responsable que duran a terme els 6 regidors del PP amb orgull i atenci\u00f3 personalitzada a la ciutadania i ha apuntat l&#8217;especial inter\u00e8s del seu grup perqu\u00e8 es compleixi el programa de l&#8217;equip de govern i els principals prop\u00f2sits de la seva partit: la creaci\u00f3 d&#8217;ocupaci\u00f3 i l&#8217;atracci\u00f3 d&#8217;empreses al municipi.<\/p>\n<p>L&#8217;acte va concloure amb la intervenci\u00f3 del reelegit alcalde d&#8217;Utiel, Fernando Benlliure, qui va agrair en el seu discurs el suport de la ciutadania per continuar amb els projectes iniciats en la passada legislatura. Benlliure va destacar la consecuci\u00f3 de fites importants com la recuperaci\u00f3 i millora de serveis p\u00fablics, el sanejament de les arques municipals, l&#8217;obertura de l&#8217;ajuntament a la ciutadania o la recuperaci\u00f3 del patrimoni utielano i va apuntar com a repte de la propera legislatura el desenvolupament econ\u00f2mic i sostenible de Utiel.<\/p>\n<p>Benlliure va mostrar la gratitud pel suport rebut i la responsabilitat que implica i ha destacat que seguiran amb un govern seri\u00f3s, rigor\u00f3s i proper amb l&#8217;objectiu de millorar la qualitat de vida de tots els utielanos i utielanas.<\/p>\n<p>En les properes setmanes es faran p\u00fabliques les \u00e0rees que ocuparan els regidors de l&#8217;equip de govern.<\/p>\n<p><strong>Corporaci\u00f3 de l&#8217;Ajuntament d&#8217;Utiel 2019-2023 PSOE &#8211; 10 Escons<\/strong><\/p>\n<p>1. Fernando Benlliure Garc\u00eda<br \/>\n2. Elo\u00edsa Viana Moreno<br \/>\n3. Fernando Arenas Mateu-Aparicio<br \/>\n4. Paula Roda Majordom<br \/>\n5. Rafael Moya Garc\u00eda<br \/>\n6. Carmen L\u00f3pez Gonz\u00e1lez<br \/>\n7. Paula Yag\u00fce G\u00f3mez<br \/>\n8. Alejandro Mart\u00ednez G\u00f3mez 9. Vicente Fuster Clavijo<br \/>\n10. Beatriz Merino Iniesta<\/p>\n","protected":false},"excerpt":{"rendered":"<div class=\"mh-excerpt\">El ple constitutiu de la nova corporaci\u00f3 celebrat aquest mat\u00ed ratifica com a alcalde d&#8217;Utiel a Fernando Benlliure Garcia, que repeteix mandat despr\u00e9s d&#8217;aconseguir majoria absoluta la candidatura del PSOE a les eleccions municipals celebrades <a class=\"mh-excerpt-more\" href=\"https:\/\/tucomarca.whitekongsoftware.com\/ca\/el-socialista-fernando-benlliure-revalida-el-basto-de-comandament-a-lajuntament-dutiel\/\" title=\"El socialista Fernando Benlliure revalida el bast\u00f3 de comandament a l&#8217;Ajuntament d&#8217;Utiel\">[+] <\/a><\/div>\n","protected":false},"author":1,"featured_media":87778,"comment_status":"open","ping_status":"open","sticky":false,"template":"","format":"standard","meta":{"footnotes":""},"categories":[10898,10894,10904,10947,10895,10909,10896,11059],"tags":[11174],"class_list":["post-87770","post","type-post","status-publish","format-standard","has-post-thumbnail","category-ventana-ca","category-la-comarca-ca","category-sin-categorizar-ca","category-politica","category-premsavalenciana-ca","category-requena-utiel-ca","category-seccion-ca","category-utiel-ca","tag-utiel-ca"],"_links":{"self":[{"href":"https:\/\/tucomarca.whitekongsoftware.com\/ca\/wp-json\/wp\/v2\/posts\/87770","targetHints":{"allow":["GET"]}}],"collection":[{"href":"https:\/\/tucomarca.whitekongsoftware.com\/ca\/wp-json\/wp\/v2\/posts"}],"about":[{"href":"https:\/\/tucomarca.whitekongsoftware.com\/ca\/wp-json\/wp\/v2\/types\/post"}],"author":[{"embeddable":true,"href":"https:\/\/tucomarca.whitekongsoftware.com\/ca\/wp-json\/wp\/v2\/users\/1"}],"replies":[{"embeddable":true,"href":"https:\/\/tucomarca.whitekongsoftware.com\/ca\/wp-json\/wp\/v2\/comments?post=87770"}],"version-history":[{"count":0,"href":"https:\/\/tucomarca.whitekongsoftware.com\/ca\/wp-json\/wp\/v2\/posts\/87770\/revisions"}],"wp:featuredmedia":[{"embeddable":true,"href":"https:\/\/tucomarca.whitekongsoftware.com\/ca\/wp-json\/wp\/v2\/media\/87778"}],"wp:attachment":[{"href":"https:\/\/tucomarca.whitekongsoftware.com\/ca\/wp-json\/wp\/v2\/media?parent=87770"}],"wp:term":[{"taxonomy":"category","embeddable":true,"href":"https:\/\/tucomarca.whitekongsoftware.com\/ca\/wp-json\/wp\/v2\/categories?post=87770"},{"taxonomy":"post_tag","embeddable":true,"href":"https:\/\/tucomarca.whitekongsoftware.com\/ca\/wp-json\/wp\/v2\/tags?post=87770"}],"curies":[{"name":"wp","href":"https:\/\/api.w.org\/{rel}","templated":true}]}}