{"id":87740,"date":"2019-06-15T13:56:56","date_gmt":"2019-06-15T11:56:56","guid":{"rendered":"http:\/\/www.tucomarca.com\/wordpress\/segunda\/?p=87740"},"modified":"2019-06-15T13:56:56","modified_gmt":"2019-06-15T11:56:56","slug":"pspv-i-compromis-compartiran-dos-anys-cadascun-lalcaldia-de-lliria","status":"publish","type":"post","link":"https:\/\/tucomarca.whitekongsoftware.com\/ca\/pspv-i-compromis-compartiran-dos-anys-cadascun-lalcaldia-de-lliria\/","title":{"rendered":"PSPV i Comprom\u00eds compartiran dos anys cadascun l&#8217;alcaldia de Ll\u00edria"},"content":{"rendered":"<p>El Partit Socialista i Comprom\u00eds han arribat a un acord tot just dues hores abans del ple d&#8217;investidura en virtut del qual les dues formacions compartiran l&#8217;alcaldia durant dos anys cadascuna.<\/p>\n<p>El primer a rebre la vara de m\u00e0 \u00e9s l&#8217;actual alcalde de Ll\u00edria, el socialista Manuel Civera, que ocupar\u00e0 el c\u00e0rrec els dos primers anys; mentre que Joan Manuel Miguel, de Comprom\u00eds, ho far\u00e0 els dos \u00faltims.<\/p>\n","protected":false},"excerpt":{"rendered":"<div class=\"mh-excerpt\">El Partit Socialista i Comprom\u00eds han arribat a un acord tot just dues hores abans del ple d&#8217;investidura en virtut del qual les dues formacions compartiran l&#8217;alcaldia durant dos anys cadascuna. El primer a rebre <a class=\"mh-excerpt-more\" href=\"https:\/\/tucomarca.whitekongsoftware.com\/ca\/pspv-i-compromis-compartiran-dos-anys-cadascun-lalcaldia-de-lliria\/\" title=\"PSPV i Comprom\u00eds compartiran dos anys cadascun l&#8217;alcaldia de Ll\u00edria\">[+] <\/a><\/div>\n","protected":false},"author":1,"featured_media":87717,"comment_status":"open","ping_status":"open","sticky":false,"template":"","format":"standard","meta":{"footnotes":""},"categories":[10892,10898,10894,10928,10947,10896],"tags":[11070],"class_list":["post-87740","post","type-post","status-publish","format-standard","has-post-thumbnail","category-camp-de-turia-ca","category-ventana-ca","category-la-comarca-ca","category-lliria-ca","category-politica","category-seccion-ca","tag-lliria-ca"],"_links":{"self":[{"href":"https:\/\/tucomarca.whitekongsoftware.com\/ca\/wp-json\/wp\/v2\/posts\/87740","targetHints":{"allow":["GET"]}}],"collection":[{"href":"https:\/\/tucomarca.whitekongsoftware.com\/ca\/wp-json\/wp\/v2\/posts"}],"about":[{"href":"https:\/\/tucomarca.whitekongsoftware.com\/ca\/wp-json\/wp\/v2\/types\/post"}],"author":[{"embeddable":true,"href":"https:\/\/tucomarca.whitekongsoftware.com\/ca\/wp-json\/wp\/v2\/users\/1"}],"replies":[{"embeddable":true,"href":"https:\/\/tucomarca.whitekongsoftware.com\/ca\/wp-json\/wp\/v2\/comments?post=87740"}],"version-history":[{"count":0,"href":"https:\/\/tucomarca.whitekongsoftware.com\/ca\/wp-json\/wp\/v2\/posts\/87740\/revisions"}],"wp:featuredmedia":[{"embeddable":true,"href":"https:\/\/tucomarca.whitekongsoftware.com\/ca\/wp-json\/wp\/v2\/media\/87717"}],"wp:attachment":[{"href":"https:\/\/tucomarca.whitekongsoftware.com\/ca\/wp-json\/wp\/v2\/media?parent=87740"}],"wp:term":[{"taxonomy":"category","embeddable":true,"href":"https:\/\/tucomarca.whitekongsoftware.com\/ca\/wp-json\/wp\/v2\/categories?post=87740"},{"taxonomy":"post_tag","embeddable":true,"href":"https:\/\/tucomarca.whitekongsoftware.com\/ca\/wp-json\/wp\/v2\/tags?post=87740"}],"curies":[{"name":"wp","href":"https:\/\/api.w.org\/{rel}","templated":true}]}}