{"id":87684,"date":"2019-06-14T19:11:44","date_gmt":"2019-06-14T17:11:44","guid":{"rendered":"http:\/\/www.tucomarca.com\/wordpress\/segunda\/?p=87684"},"modified":"2019-06-14T19:11:44","modified_gmt":"2019-06-14T17:11:44","slug":"el-circuit-ricardo-tormo-celebrara-per-primera-vegada-el-racing-weekend","status":"publish","type":"post","link":"https:\/\/tucomarca.whitekongsoftware.com\/ca\/el-circuit-ricardo-tormo-celebrara-per-primera-vegada-el-racing-weekend\/","title":{"rendered":"El Circuit Ricardo Tormo celebrar\u00e0 per primera vegada el Racing Weekend"},"content":{"rendered":"<figure id=\"attachment_87681\" aria-describedby=\"caption-attachment-87681\" style=\"width: 704px\" class=\"wp-caption alignnone\"><img loading=\"lazy\" decoding=\"async\" class=\" wp-image-87681\" src=\"http:\/\/www.tucomarca.com\/wordpress\/segunda\/wp-content\/uploads\/2019\/06\/Circuit.jpg\" alt=\"El Circuit Ricardo Tormo celebrar\u00e0 per primera vegada el Racing Weekend.\" width=\"704\" height=\"368\" srcset=\"https:\/\/tucomarca.whitekongsoftware.com\/wp-content\/uploads\/2019\/06\/Circuit.jpg 1920w, https:\/\/tucomarca.whitekongsoftware.com\/wp-content\/uploads\/2019\/06\/Circuit-300x157.jpg 300w, https:\/\/tucomarca.whitekongsoftware.com\/wp-content\/uploads\/2019\/06\/Circuit-768x402.jpg 768w, https:\/\/tucomarca.whitekongsoftware.com\/wp-content\/uploads\/2019\/06\/Circuit-1024x535.jpg 1024w\" sizes=\"auto, (max-width: 704px) 100vw, 704px\" \/><figcaption id=\"caption-attachment-87681\" class=\"wp-caption-text\">El Circuit Ricardo Tormo celebrar\u00e0 per primera vegada el Racing Weekend.<\/figcaption><\/figure>\n<p>El Circuit Ricardo Tormo celebrar\u00e0 el cap de setmana del 22 i 23 de juny la tercera cita del Racing Weekend, que organitza la Reial Federaci\u00f3 Espanyola d&#8217;Automobilisme.<\/p>\n<p>Es tracta de la primera ocasi\u00f3 en qu\u00e8 aquest certamen de nou encuny passa pel tra\u00e7at de Cheste, en el qual se celebraran proves de la F\u00f3rmula 4 i dels campionats d&#8217;Espanya de Turismes i Resist\u00e8ncia i GT.<\/p>\n<p>En la F\u00f3rmula 4 destaca la participaci\u00f3 dels tres pilots de l&#8217;escola del Circuit, la F\u00f3rmula de Campeones: Kilian Meyer, que lidera la classificaci\u00f3 general, Carles Mart\u00ednez i Nerea Mart\u00ed, que tindran l&#8217;oportunitat de competir en el circuit sobre el qual fan la major part dels seus entrenaments.<\/p>\n<p>El valenci\u00e0 Borja Garc\u00eda lidera la classificaci\u00f3 general del nou Campionat d&#8217;Espanya de Turismes. El pilot de Honda va aconseguir la seua primera vict\u00f2ria en la segona cita del certamen en Motorland Arag\u00f3n i \u00e9s un dels favorits per a lluitar pel p\u00f2dium en la seua carrera de casa.<\/p>\n<p>El Campionat d&#8217;Espanya de Resist\u00e8ncia aporta la graella m\u00e9s gran del cap de setmana i celebrar\u00e0 dues carreres en la jornada del diumenge i una el dissabte.<\/p>\n<p>L&#8217;entrada \u00e9s gratu\u00efta per a tots els aficionats, que a m\u00e9s tindran l&#8217;oportunitat de veure el treball de pilots i equips durant tot el cap de setmana al p\u00e0doc i el diumenge 23 de juny a les 13.20 hores al pas de boxs.<\/p>\n<p>L&#8217;activitat comen\u00e7ar\u00e0 el dijous 20 i el divendres 21 de juny amb els entrenaments col\u00b7lectius, el dissabte 22 tindran lloc els entrenaments oficials i les primeres carreres a la vesprada i el diumenge 23 se celebraran un total de set carreres.<\/p>\n","protected":false},"excerpt":{"rendered":"<div class=\"mh-excerpt\">El Circuit Ricardo Tormo celebrar\u00e0 el cap de setmana del 22 i 23 de juny la tercera cita del Racing Weekend, que organitza la Reial Federaci\u00f3 Espanyola d&#8217;Automobilisme. Es tracta de la primera ocasi\u00f3 en <a class=\"mh-excerpt-more\" href=\"https:\/\/tucomarca.whitekongsoftware.com\/ca\/el-circuit-ricardo-tormo-celebrara-per-primera-vegada-el-racing-weekend\/\" title=\"El Circuit Ricardo Tormo celebrar\u00e0 per primera vegada el Racing Weekend\">[+] <\/a><\/div>\n","protected":false},"author":1,"featured_media":87682,"comment_status":"open","ping_status":"open","sticky":false,"template":"","format":"standard","meta":{"footnotes":""},"categories":[11017,11003,10904,10912,10896,10974],"tags":[11109],"class_list":["post-87684","post","type-post","status-publish","format-standard","has-post-thumbnail","category-automovilismo-ca","category-sports","category-sin-categorizar-ca","category-la-hoya-ca","category-seccion-ca","category-cheste-ca","tag-xest"],"_links":{"self":[{"href":"https:\/\/tucomarca.whitekongsoftware.com\/ca\/wp-json\/wp\/v2\/posts\/87684","targetHints":{"allow":["GET"]}}],"collection":[{"href":"https:\/\/tucomarca.whitekongsoftware.com\/ca\/wp-json\/wp\/v2\/posts"}],"about":[{"href":"https:\/\/tucomarca.whitekongsoftware.com\/ca\/wp-json\/wp\/v2\/types\/post"}],"author":[{"embeddable":true,"href":"https:\/\/tucomarca.whitekongsoftware.com\/ca\/wp-json\/wp\/v2\/users\/1"}],"replies":[{"embeddable":true,"href":"https:\/\/tucomarca.whitekongsoftware.com\/ca\/wp-json\/wp\/v2\/comments?post=87684"}],"version-history":[{"count":0,"href":"https:\/\/tucomarca.whitekongsoftware.com\/ca\/wp-json\/wp\/v2\/posts\/87684\/revisions"}],"wp:featuredmedia":[{"embeddable":true,"href":"https:\/\/tucomarca.whitekongsoftware.com\/ca\/wp-json\/wp\/v2\/media\/87682"}],"wp:attachment":[{"href":"https:\/\/tucomarca.whitekongsoftware.com\/ca\/wp-json\/wp\/v2\/media?parent=87684"}],"wp:term":[{"taxonomy":"category","embeddable":true,"href":"https:\/\/tucomarca.whitekongsoftware.com\/ca\/wp-json\/wp\/v2\/categories?post=87684"},{"taxonomy":"post_tag","embeddable":true,"href":"https:\/\/tucomarca.whitekongsoftware.com\/ca\/wp-json\/wp\/v2\/tags?post=87684"}],"curies":[{"name":"wp","href":"https:\/\/api.w.org\/{rel}","templated":true}]}}