{"id":87636,"date":"2019-06-13T22:47:21","date_gmt":"2019-06-13T20:47:21","guid":{"rendered":"http:\/\/www.tucomarca.com\/wordpress\/segunda\/?p=87636"},"modified":"2019-06-13T22:47:21","modified_gmt":"2019-06-13T20:47:21","slug":"lassemblea-deu-dona-suport-per-unanimitat-lacord-de-govern-amb-el-psoe-i-podem-a-bunyol","status":"publish","type":"post","link":"https:\/\/tucomarca.whitekongsoftware.com\/ca\/lassemblea-deu-dona-suport-per-unanimitat-lacord-de-govern-amb-el-psoe-i-podem-a-bunyol\/","title":{"rendered":"L&#8217;Assemblea d&#8217;EU d\u00f3na suport per unanimitat l&#8217;acord de govern amb el PSOE i Podem a Bunyol"},"content":{"rendered":"<figure id=\"attachment_87628\" aria-describedby=\"caption-attachment-87628\" style=\"width: 575px\" class=\"wp-caption alignnone\"><img loading=\"lazy\" decoding=\"async\" class=\" wp-image-87628\" src=\"http:\/\/www.tucomarca.com\/wordpress\/segunda\/wp-content\/uploads\/2019\/06\/EUAsambleapacto.jpg\" alt=\"Asamblea de Esquerra Unida desarrollada este jueves por la noche en Bu\u00f1ol.\" width=\"575\" height=\"431\" srcset=\"https:\/\/tucomarca.whitekongsoftware.com\/wp-content\/uploads\/2019\/06\/EUAsambleapacto.jpg 1600w, https:\/\/tucomarca.whitekongsoftware.com\/wp-content\/uploads\/2019\/06\/EUAsambleapacto-300x225.jpg 300w, https:\/\/tucomarca.whitekongsoftware.com\/wp-content\/uploads\/2019\/06\/EUAsambleapacto-768x576.jpg 768w, https:\/\/tucomarca.whitekongsoftware.com\/wp-content\/uploads\/2019\/06\/EUAsambleapacto-1024x768.jpg 1024w\" sizes=\"auto, (max-width: 575px) 100vw, 575px\" \/><figcaption id=\"caption-attachment-87628\" class=\"wp-caption-text\">Asamblea de Esquerra Unida desarrollada este jueves por la noche en Bu\u00f1ol.<\/figcaption><\/figure>\n<p>L&#8217;Assemblea d&#8217;Esquerra Unida de Bunyol, reunida aquest dijous a la nit, ha donat suport per unanimitat l&#8217;acord amb el Partit Socialista per governar conjuntament amb Podem aquesta legislatura l&#8217;Ajuntament de la localitat, com ha confirmat el coordinador local d&#8217;EU a Bunyol, Chimo Masmano Ruiz.<\/p>\n<p>Un acord que, com ja ha avan\u00e7at <strong>tucomarca.com<\/strong> en la seva edici\u00f3 impresa, possibilitar\u00e0 que l&#8217;actual alcaldessa, Juncal Carrascosa (PSOE), segueixi al capdavant del consistori local els propers quatre anys.<\/p>\n<p>Chimo Masmano ha explicat que en el transcurs de l&#8217;Assemblea s&#8217;ha debatut sobre els \u00faltims resultats electorals i s&#8217;ha aprovat l&#8217;informe de gesti\u00f3 aix\u00ed com els detalls de l&#8217;acord, sobre el qual ha assegurat que la formaci\u00f3 de la qual ell \u00e9s coordinador local est\u00e0 &#8220;satisfeta amb els termes&#8221;; un acord del qual ha dit que era &#8220;necessari que estiguessin totes les forces d&#8217;esquerra al govern, o almenys les que aix\u00ed ho volguessin&#8221;; ja que Chimo Masmano ha recordat que la seva formaci\u00f3 &#8220;ha estat la precursora sempre des dels inicis d&#8217;un pacte d&#8217;esquerres a la localitat&#8221;.<\/p>\n<p>Com ja ha avan\u00e7at <strong>tucomarca.com<\/strong> en la seva edici\u00f3 impresa, del preacord de govern entre el Partit Socialista i Esquerra Unida recull que els responsables de cada \u00e0rea seran: Juncal Carrascosa compartir\u00e0 les funcions d&#8217;alcaldessa amb l&#8217;\u00e0rea de Desenvolupament Industrial, Comer\u00e7 i Ocupaci\u00f3. I el cap de llista d&#8217;EU a les passades eleccions, Rafa P\u00e9rez, tindr\u00e0 al seu c\u00e0rrec l&#8217;\u00e0rea de Fira i Festes i l&#8217;\u00e0rea d&#8217;Obres i Serveis.<\/p>\n<p>Per la seua banda, el n\u00famero dos del PSOE, Manuel Serra, administrar\u00e0 l&#8217;\u00e0rea d&#8217;Hisenda, Contractaci\u00f3 aix\u00ed com Esports i Comunicaci\u00f3; mentre que Carles Xerri (EU), es far\u00e0 c\u00e0rrec de Benestar Social i Participaci\u00f3 Ciutadana. La socialista Maria Vall\u00e8s (PSOE) ser\u00e0 la responsable de Personal, Turisme i Tomatina; mentre que Tania Carrascosa (EU) administrar\u00e0 Urbanisme; i finalment el regidor Juan Luis Pall\u00e1s (PSOE) tindr\u00e0 al seu c\u00e0rrec l&#8217;\u00e0rea de Cultura, Conservatori i Joventut.<\/p>\n<p>A m\u00e9s, l&#8217;Assemblea de Podem ha fet p\u00fablic aquest dijous el seu desig de participar en el govern municipal i donar suport a la investidura a Jonquera Carrascosa, pel que la seva regidora, Mati Mas, es far\u00e0 c\u00e0rrec de les \u00e0rees de Medi Ambient i Sanitat.<\/p>\n","protected":false},"excerpt":{"rendered":"<div class=\"mh-excerpt\">L&#8217;Assemblea d&#8217;Esquerra Unida de Bunyol, reunida aquest dijous a la nit, ha donat suport per unanimitat l&#8217;acord amb el Partit Socialista per governar conjuntament amb Podem aquesta legislatura l&#8217;Ajuntament de la localitat, com ha confirmat <a class=\"mh-excerpt-more\" href=\"https:\/\/tucomarca.whitekongsoftware.com\/ca\/lassemblea-deu-dona-suport-per-unanimitat-lacord-de-govern-amb-el-psoe-i-podem-a-bunyol\/\" title=\"L&#8217;Assemblea d&#8217;EU d\u00f3na suport per unanimitat l&#8217;acord de govern amb el PSOE i Podem a Bunyol\">[+] <\/a><\/div>\n","protected":false},"author":1,"featured_media":87629,"comment_status":"open","ping_status":"open","sticky":false,"template":"","format":"standard","meta":{"footnotes":""},"categories":[10911,10898,10894,10912,10947,10896],"tags":[11314,275,11378],"class_list":["post-87636","post","type-post","status-publish","format-standard","has-post-thumbnail","category-bunol-ca","category-ventana-ca","category-la-comarca-ca","category-la-hoya-ca","category-politica","category-seccion-ca","tag-bunyol-ca","tag-eu","tag-psoe-ca"],"_links":{"self":[{"href":"https:\/\/tucomarca.whitekongsoftware.com\/ca\/wp-json\/wp\/v2\/posts\/87636","targetHints":{"allow":["GET"]}}],"collection":[{"href":"https:\/\/tucomarca.whitekongsoftware.com\/ca\/wp-json\/wp\/v2\/posts"}],"about":[{"href":"https:\/\/tucomarca.whitekongsoftware.com\/ca\/wp-json\/wp\/v2\/types\/post"}],"author":[{"embeddable":true,"href":"https:\/\/tucomarca.whitekongsoftware.com\/ca\/wp-json\/wp\/v2\/users\/1"}],"replies":[{"embeddable":true,"href":"https:\/\/tucomarca.whitekongsoftware.com\/ca\/wp-json\/wp\/v2\/comments?post=87636"}],"version-history":[{"count":0,"href":"https:\/\/tucomarca.whitekongsoftware.com\/ca\/wp-json\/wp\/v2\/posts\/87636\/revisions"}],"wp:featuredmedia":[{"embeddable":true,"href":"https:\/\/tucomarca.whitekongsoftware.com\/ca\/wp-json\/wp\/v2\/media\/87629"}],"wp:attachment":[{"href":"https:\/\/tucomarca.whitekongsoftware.com\/ca\/wp-json\/wp\/v2\/media?parent=87636"}],"wp:term":[{"taxonomy":"category","embeddable":true,"href":"https:\/\/tucomarca.whitekongsoftware.com\/ca\/wp-json\/wp\/v2\/categories?post=87636"},{"taxonomy":"post_tag","embeddable":true,"href":"https:\/\/tucomarca.whitekongsoftware.com\/ca\/wp-json\/wp\/v2\/tags?post=87636"}],"curies":[{"name":"wp","href":"https:\/\/api.w.org\/{rel}","templated":true}]}}