{"id":87619,"date":"2019-06-13T20:16:34","date_gmt":"2019-06-13T18:16:34","guid":{"rendered":"http:\/\/www.tucomarca.com\/wordpress\/segunda\/?p=87619"},"modified":"2019-06-13T20:16:34","modified_gmt":"2019-06-13T18:16:34","slug":"populars-ciutadans-i-plataforma-durbanitzacions-de-godelleta-rubriquen-el-seu-pacte-de-govern","status":"publish","type":"post","link":"https:\/\/tucomarca.whitekongsoftware.com\/ca\/populars-ciutadans-i-plataforma-durbanitzacions-de-godelleta-rubriquen-el-seu-pacte-de-govern\/","title":{"rendered":"Populars, Ciutadans i Plataforma d&#8217;Urbanitzacions de Godelleta rubriquen el seu pacte de govern"},"content":{"rendered":"<figure id=\"attachment_87613\" aria-describedby=\"caption-attachment-87613\" style=\"width: 551px\" class=\"wp-caption alignnone\"><img loading=\"lazy\" decoding=\"async\" class=\" wp-image-87613\" src=\"http:\/\/www.tucomarca.com\/wordpress\/segunda\/wp-content\/uploads\/2019\/06\/PactoGodelleta.jpg\" alt=\"Juan Carlos Fayos (Ciudadanos). Silvia L\u00f3pez (PP) y Max Prades (PUG).\" width=\"551\" height=\"413\" srcset=\"https:\/\/tucomarca.whitekongsoftware.com\/wp-content\/uploads\/2019\/06\/PactoGodelleta.jpg 1600w, https:\/\/tucomarca.whitekongsoftware.com\/wp-content\/uploads\/2019\/06\/PactoGodelleta-300x225.jpg 300w, https:\/\/tucomarca.whitekongsoftware.com\/wp-content\/uploads\/2019\/06\/PactoGodelleta-768x576.jpg 768w, https:\/\/tucomarca.whitekongsoftware.com\/wp-content\/uploads\/2019\/06\/PactoGodelleta-1024x768.jpg 1024w\" sizes=\"auto, (max-width: 551px) 100vw, 551px\" \/><figcaption id=\"caption-attachment-87613\" class=\"wp-caption-text\">Juan Carlos Fayos (Ciutadans), Silvia L\u00f3pez (PP) y Max Prades (PUG).<\/figcaption><\/figure>\n<p>Ciutadans, Partit Popular i Plataforma d&#8217;Urbanitzacions de Godelleta (PUG) han subscrit aquest dijous a la tarda l&#8217;acord de govern que han arribat per garantir la governabilitat a l&#8217;Ajuntament de la localitat durant aquests propers quatre anys, en virtut del qual la candidata d&#8217; la llista m\u00e9s votada, la popular Silvia L\u00f3pez, es convertir\u00e0 en l&#8217;alcaldessa a partir d&#8217;aquest dissabte.<\/p>\n<p>L&#8217;acord ha estat subscrit pel cap de llista de Ciutadans les passades elecions municipals, Joan Carles Fayos, pel cap de llista de la Plataforma d&#8217;Urbanitzacions, M\u00e0xim Prades, i per la pr\u00f2pia alcaldable del PP, Silvia L\u00f3pez.<\/p>\n<p>Com ja ha avan\u00e7at tucomarca.com en la seva edici\u00f3 impresa, l&#8217;Assemblea de la PUG ha ratificat aquesta setmana \u00abpr\u00e0cticament per unanimitat, ja que nom\u00e9s hi va haver una abstenci\u00f3, l&#8217;acord amb PP i Ciutadans, descartant aix\u00ed la proposta que se&#8217;ns va fer a \u00faltima hora de dimarts per part del PSOE i d&#8217;EU \u00bb, com han confirmat fonts de la Plataforma d&#8217;Urbanitzacions.<\/p>\n<p>En els comicis del 26 de maig, el PP va obtenir quatre regidors; Ciutadans un i la Plataforma d&#8217;Urbanitzacions un altre, de manera que la suma d&#8217;ells d\u00f3na la majoria absoluta al plenari a les tres formacions (sis regidors). D&#8217;aquesta manera, ni Partit Socialista (amb tres regidors en aquests \u00faltims comicis) ni Esquerra Unida (amb dos) podran reeditar el pacte de govern que el 2015 els va permetre arrabassar el govern al Partit Popular.<\/p>\n<p>Com es recordar\u00e0, en les municipals de fa quatre anys Esquerra Unida i la Plataforma d&#8217;Urbanitzacions van conc\u00f3rrer en coalici\u00f3 a les eleccions (totes dues formacions van obtenir tres regidors); mentre que en aquests passats comicis la PUG ho ha fet en solitari i ha aconseguit un regidor.<\/p>\n","protected":false},"excerpt":{"rendered":"<div class=\"mh-excerpt\">Ciutadans, Partit Popular i Plataforma d&#8217;Urbanitzacions de Godelleta (PUG) han subscrit aquest dijous a la tarda l&#8217;acord de govern que han arribat per garantir la governabilitat a l&#8217;Ajuntament de la localitat durant aquests propers quatre <a class=\"mh-excerpt-more\" href=\"https:\/\/tucomarca.whitekongsoftware.com\/ca\/populars-ciutadans-i-plataforma-durbanitzacions-de-godelleta-rubriquen-el-seu-pacte-de-govern\/\" title=\"Populars, Ciutadans i Plataforma d&#8217;Urbanitzacions de Godelleta rubriquen el seu pacte de govern\">[+] <\/a><\/div>\n","protected":false},"author":1,"featured_media":87614,"comment_status":"open","ping_status":"open","sticky":false,"template":"","format":"standard","meta":{"footnotes":""},"categories":[10898,10977,10894,10904,10912,10947,10895,10896],"tags":[11087],"class_list":["post-87619","post","type-post","status-publish","format-standard","has-post-thumbnail","category-ventana-ca","category-godelleta-ca","category-la-comarca-ca","category-sin-categorizar-ca","category-la-hoya-ca","category-politica","category-premsavalenciana-ca","category-seccion-ca","tag-godelleta-ca"],"_links":{"self":[{"href":"https:\/\/tucomarca.whitekongsoftware.com\/ca\/wp-json\/wp\/v2\/posts\/87619","targetHints":{"allow":["GET"]}}],"collection":[{"href":"https:\/\/tucomarca.whitekongsoftware.com\/ca\/wp-json\/wp\/v2\/posts"}],"about":[{"href":"https:\/\/tucomarca.whitekongsoftware.com\/ca\/wp-json\/wp\/v2\/types\/post"}],"author":[{"embeddable":true,"href":"https:\/\/tucomarca.whitekongsoftware.com\/ca\/wp-json\/wp\/v2\/users\/1"}],"replies":[{"embeddable":true,"href":"https:\/\/tucomarca.whitekongsoftware.com\/ca\/wp-json\/wp\/v2\/comments?post=87619"}],"version-history":[{"count":0,"href":"https:\/\/tucomarca.whitekongsoftware.com\/ca\/wp-json\/wp\/v2\/posts\/87619\/revisions"}],"wp:featuredmedia":[{"embeddable":true,"href":"https:\/\/tucomarca.whitekongsoftware.com\/ca\/wp-json\/wp\/v2\/media\/87614"}],"wp:attachment":[{"href":"https:\/\/tucomarca.whitekongsoftware.com\/ca\/wp-json\/wp\/v2\/media?parent=87619"}],"wp:term":[{"taxonomy":"category","embeddable":true,"href":"https:\/\/tucomarca.whitekongsoftware.com\/ca\/wp-json\/wp\/v2\/categories?post=87619"},{"taxonomy":"post_tag","embeddable":true,"href":"https:\/\/tucomarca.whitekongsoftware.com\/ca\/wp-json\/wp\/v2\/tags?post=87619"}],"curies":[{"name":"wp","href":"https:\/\/api.w.org\/{rel}","templated":true}]}}