{"id":87554,"date":"2019-06-12T11:44:38","date_gmt":"2019-06-12T09:44:38","guid":{"rendered":"http:\/\/www.tucomarca.com\/wordpress\/segunda\/?p=87554"},"modified":"2019-06-12T11:44:38","modified_gmt":"2019-06-12T09:44:38","slug":"la-regidoria-desports-i-el-c-a-correores-de-bunyol-organitzen-aquest-diumenge-la-5k-raquel-lavilla-villar-i-vi-solidaria-al-planell","status":"publish","type":"post","link":"https:\/\/tucomarca.whitekongsoftware.com\/ca\/la-regidoria-desports-i-el-c-a-correores-de-bunyol-organitzen-aquest-diumenge-la-5k-raquel-lavilla-villar-i-vi-solidaria-al-planell\/","title":{"rendered":"La regidoria d&#8217;Esports i el C.A. Correores de Bunyol organitzen aquest diumenge la 5K Raquel Lavilla Villar i VI Solid\u00e0ria al Planell"},"content":{"rendered":"<figure id=\"attachment_87551\" aria-describedby=\"caption-attachment-87551\" style=\"width: 351px\" class=\"wp-caption alignleft\"><img loading=\"lazy\" decoding=\"async\" class=\" wp-image-87551\" src=\"http:\/\/www.tucomarca.com\/wordpress\/segunda\/wp-content\/uploads\/2019\/06\/carrera5KRL.jpg\" alt=\"Este domingo el Planell de Bu\u00f1ol alberga la IV Carrera 5K Raquel Lavilla Villar y VI Solidaria.\" width=\"351\" height=\"510\" srcset=\"https:\/\/tucomarca.whitekongsoftware.com\/wp-content\/uploads\/2019\/06\/carrera5KRL.jpg 463w, https:\/\/tucomarca.whitekongsoftware.com\/wp-content\/uploads\/2019\/06\/carrera5KRL-206x300.jpg 206w\" sizes=\"auto, (max-width: 351px) 100vw, 351px\" \/><figcaption id=\"caption-attachment-87551\" class=\"wp-caption-text\">Aquest diumenge el Planell de Bunyol acull la IV Cursa 5K Raquel Lavilla Villar i VI Solid\u00e0ria.<\/figcaption><\/figure>\n<p><strong>Tot el recaptat de la venda de dorsals va destinat a la compra de material esportiu per als tres col\u00b7legis del municipi i l&#8217;IES Foia de Bunyol<\/strong><\/p>\n<p>Aquest diumenge el Planell de Bunyol acull la IV Cursa 5K Raquel Lavilla Villar i VI Solid\u00e0ria, organitzada pel C.A. Correores de Bunyol i la Regidoria d&#8217;Esports. A les 10h ser\u00e0 la sortida. Tamb\u00e9 se celebrar\u00e0 la cursa infantil a les 11h.<\/p>\n<p>Encara es pot comprar a 5 euros el dorsal per participar aquest diumenge en la IV Carrera Raquel Lavilla Villar i VI Solid\u00e0ria. El preu inclou obsequi i segur en carrera. Per a la cursa infantil, que comen\u00e7ar\u00e0 a les 11h, no cal pagar dorsal. Des de l&#8217;organitzaci\u00f3 recomanen als menors que vagin a c\u00f3rrer la 5K amb dorsal que vagin acompanyats d&#8217;un adult.<\/p>\n<p>Marta P\u00e9rez, regidora d&#8217;Esports, en funcions, de l&#8217;Ajuntament de Bunyol, s&#8217;ha mostrat molt satisfeta de concloure el seu mandat al capdavant d&#8217;aquesta regidoria amb aquesta carrera. <em>&#8220;Com que aquest any tornem a entrar al Circuit de Carreres de la Diputaci\u00f3 de Val\u00e8ncia, que suposa que la Cursa Tomatina ser\u00e0 el 10 d&#8217;agost, no podem organitzar una altra carrera dies despr\u00e9s, com es fa sempre en les festes de la localitat , a finals d&#8217;agost. Per aquest motiu, i volent continuar amb el mateix format que l&#8217;any passat en unificar la cursa solid\u00e0ria amb la 5K Raquel Lavilla Villar, ja que s\u00f3n dues carreres molt emotives, la primera pel seu car\u00e0cter solidari i perqu\u00e8 participen els m\u00e9s petits i la segona per l&#8217;homenatge a Raquel, hem vist m\u00e9s oport\u00fa organitzar-les juntes aquest diumenge, ara que els petits finalitzen el curs escolar i aix\u00ed vam aconseguir que siguin molts atletes de tota la comarca els que participin i col\u00b7laborin amb la noble causa per als la compra de material esportiu dels centres educatius i homenatjar la nostra gran corredora, fort pionera de l&#8217;atletisme en el nostre municipi, com va ser Raquel Lavilla Villar &#8220;<\/em>.<\/p>\n<p>L&#8217;edil continuar\u00e0 formant part del C.A. Correores de Bunyol, i per tant estar\u00e0 present de forma activa en aquesta cursa i en properes curses organitzades per aquest club. Felicita l&#8217;enorme tasca d&#8217;aquest club en pro de l&#8217;atletisme en els darrers anys, i <em>&#8220;segur que continuaran fent aquest esport gran a la localitat i fora d&#8217;ella. Per aix\u00f2 tots hem de recolzar aquest diumenge aquesta cursa amb la nostra pres\u00e8ncia i participaci\u00f3 &#8220;<\/em>, ha acabat P\u00e9rez. La regidora recorda que diumenge el c\u00e0rrec pol\u00edtic que representar\u00e0 l&#8217;Ajuntament ser\u00e0 Jonquera Carrascosa, l&#8217;alcaldessa, que ser\u00e0 nomenada el dissabte 15 de juny.<\/p>\n<p>Des de l&#8217;organitzaci\u00f3 recorden que tota la recaptaci\u00f3 va destinada \u00edntegrament a la compra de material esportiu per als col\u00b7legis i institut de Bunyol. Hi participen els tres col\u00b7legis de la localitat (Col\u00b7legi Cervantes, Col\u00b7legi Sant Llu\u00eds i Col\u00b7legi Talaia) i l&#8217;IES Foia de Bunyol. Tots els que vulguin inscriure han d&#8217;acudir a l&#8217;establiment La Daurada, als col\u00b7legis del municipi o l&#8217;IES, aix\u00ed com al web www.correores.com<\/p>\n<p>Aquesta activitat esportiva est\u00e0 organitzada pel Club Atletisme Correores de Bunyol i la Regidoria d&#8217;Esports del Consistori bu\u00f1olense.<\/p>\n","protected":false},"excerpt":{"rendered":"<div class=\"mh-excerpt\">Tot el recaptat de la venda de dorsals va destinat a la compra de material esportiu per als tres col\u00b7legis del municipi i l&#8217;IES Foia de Bunyol Aquest diumenge el Planell de Bunyol acull la <a class=\"mh-excerpt-more\" href=\"https:\/\/tucomarca.whitekongsoftware.com\/ca\/la-regidoria-desports-i-el-c-a-correores-de-bunyol-organitzen-aquest-diumenge-la-5k-raquel-lavilla-villar-i-vi-solidaria-al-planell\/\" title=\"La regidoria d&#8217;Esports i el C.A. Correores de Bunyol organitzen aquest diumenge la 5K Raquel Lavilla Villar i VI Solid\u00e0ria al Planell\">[+] <\/a><\/div>\n","protected":false},"author":2,"featured_media":87552,"comment_status":"open","ping_status":"open","sticky":false,"template":"","format":"standard","meta":{"footnotes":""},"categories":[11019,11018,10911,11003,10912,10896],"tags":[10913,11314],"class_list":["post-87554","post","type-post","status-publish","format-standard","has-post-thumbnail","category-agenda-ca","category-atletisme","category-bunol-ca","category-sports","category-la-hoya-ca","category-seccion-ca","tag-bunol-ca","tag-bunyol-ca"],"_links":{"self":[{"href":"https:\/\/tucomarca.whitekongsoftware.com\/ca\/wp-json\/wp\/v2\/posts\/87554","targetHints":{"allow":["GET"]}}],"collection":[{"href":"https:\/\/tucomarca.whitekongsoftware.com\/ca\/wp-json\/wp\/v2\/posts"}],"about":[{"href":"https:\/\/tucomarca.whitekongsoftware.com\/ca\/wp-json\/wp\/v2\/types\/post"}],"author":[{"embeddable":true,"href":"https:\/\/tucomarca.whitekongsoftware.com\/ca\/wp-json\/wp\/v2\/users\/2"}],"replies":[{"embeddable":true,"href":"https:\/\/tucomarca.whitekongsoftware.com\/ca\/wp-json\/wp\/v2\/comments?post=87554"}],"version-history":[{"count":0,"href":"https:\/\/tucomarca.whitekongsoftware.com\/ca\/wp-json\/wp\/v2\/posts\/87554\/revisions"}],"wp:featuredmedia":[{"embeddable":true,"href":"https:\/\/tucomarca.whitekongsoftware.com\/ca\/wp-json\/wp\/v2\/media\/87552"}],"wp:attachment":[{"href":"https:\/\/tucomarca.whitekongsoftware.com\/ca\/wp-json\/wp\/v2\/media?parent=87554"}],"wp:term":[{"taxonomy":"category","embeddable":true,"href":"https:\/\/tucomarca.whitekongsoftware.com\/ca\/wp-json\/wp\/v2\/categories?post=87554"},{"taxonomy":"post_tag","embeddable":true,"href":"https:\/\/tucomarca.whitekongsoftware.com\/ca\/wp-json\/wp\/v2\/tags?post=87554"}],"curies":[{"name":"wp","href":"https:\/\/api.w.org\/{rel}","templated":true}]}}