{"id":87514,"date":"2019-06-11T19:33:56","date_gmt":"2019-06-11T17:33:56","guid":{"rendered":"http:\/\/www.tucomarca.com\/wordpress\/segunda\/?p=87514"},"modified":"2019-06-11T19:39:53","modified_gmt":"2019-06-11T17:39:53","slug":"colomer-destaca-que-la-vinculacio-de-la-musica-al-turisme-contribueix-a-construir-una-comunitat-mes-rica-diversa-i-felic","status":"publish","type":"post","link":"https:\/\/tucomarca.whitekongsoftware.com\/ca\/colomer-destaca-que-la-vinculacio-de-la-musica-al-turisme-contribueix-a-construir-una-comunitat-mes-rica-diversa-i-felic\/","title":{"rendered":"Colomer destaca que la vinculaci\u00f3 de la m\u00fasica al turisme &#8220;contribueix a construir una Comunitat m\u00e9s rica, diversa i feli\u00e7&#8221;"},"content":{"rendered":"<figure id=\"attachment_87511\" aria-describedby=\"caption-attachment-87511\" style=\"width: 499px\" class=\"wp-caption alignleft\"><img loading=\"lazy\" decoding=\"async\" class=\" wp-image-87511\" src=\"http:\/\/www.tucomarca.com\/wordpress\/segunda\/wp-content\/uploads\/2019\/06\/ColomerWASBE-e1560272898355.jpg\" alt=\"Francesc Colomer ha participado en la presentaci\u00f3n de la Conferencia Internacional WASBE junto a la alcaldesa de Bu\u00f1ol y el presidente de WASBE.\" width=\"499\" height=\"252\" \/><figcaption id=\"caption-attachment-87511\" class=\"wp-caption-text\">Francesc Colomer ha participat en la presentaci\u00f3 de la Confer\u00e8ncia Internacional WASBE al costat de l&#8217;alcaldessa de Bunyol i el president de WASBE.<\/figcaption><\/figure>\n<p>El secretari auton\u00f2mic de Turisme, Francesc Colomer, ha participat aquest dimecres en la presentaci\u00f3 de la Confer\u00e8ncia Internacional World Association for Symphonic Bands and Ensembles (WASBE), juntament amb l&#8217;alcaldessa de Bunyol, Jonquera Carrascosa, el president de WASBE, Dar\u00edo Sotelo, i el vicepresident de la Federaci\u00f3de Societats Musicals de la ComunitatValenciana (FSMCV), Remigi Morant.<\/p>\n<p>Durant la seva intervenci\u00f3, Francesc Colomer destacat que la vinculaci\u00f3 de la m\u00fasica al turisme &#8220;contribueix a construir una Comunitat Valenciana m\u00e9s rica, diversa i feli\u00e7&#8221; i que &#8220;la cultura i la m\u00fasica tindran sempre un espai a la seva disposici\u00f3 dins de Turisme&#8221;.<\/p>\n<p>El congr\u00e9s de la WASBE, que se celebrar\u00e0 del 9 al 13 de juliol a Bunyol, est\u00e0 dedicada a la m\u00fasica de vent m\u00e9s important del m\u00f3n i agrupa directors, compositors, int\u00e8rprets, editors, docents, fabricants d&#8217;instruments i experts procedents dels cinc continents.<\/p>\n<p>Francesc Colomer ha destacat que &#8220;Turisme Comunitat Valenciana col\u00b7labora amb l&#8217;organitzaci\u00f3 d&#8217;aquesta Confer\u00e8ncia Internacional WASBE a trav\u00e9s d&#8217;un conveno de col\u00b7laboraci\u00f3 que subscriu amb l&#8217;Ajuntament de Bunyol i en el qual es recull la celebraci\u00f3 d&#8217;aquest esdeveniment&#8221;.<\/p>\n<p>El responsible de Turisme ha reiterat l&#8217;aposta del seu departament &#8220;pel turisme experiencial com el vinculat a la m\u00fasica, ja que \u00e9s un actiu i atractiu tur\u00edstic molt important per a nosaltres&#8221;.<\/p>\n<p>Finalment, ha destacat que &#8220;el pr\u00f2xim mes de juliol Bunyol ser\u00e0 la capital mundial de la m\u00fasica&#8221; i ha destacat que a m\u00e9s durant aquests dies &#8220;es convertir\u00e0 en una f\u00e0brica de m\u00e0rqueting, perqu\u00e8 els que vinguin a la Confer\u00e8ncia Internacional WASBE es convertiran en prescriptors tur\u00edstics de la nostra destinaci\u00f3&#8221;.<\/p>\n","protected":false},"excerpt":{"rendered":"<div class=\"mh-excerpt\">El secretari auton\u00f2mic de Turisme, Francesc Colomer, ha participat aquest dimecres en la presentaci\u00f3 de la Confer\u00e8ncia Internacional World Association for Symphonic Bands and Ensembles (WASBE), juntament amb l&#8217;alcaldessa de Bunyol, Jonquera Carrascosa, el president <a class=\"mh-excerpt-more\" href=\"https:\/\/tucomarca.whitekongsoftware.com\/ca\/colomer-destaca-que-la-vinculacio-de-la-musica-al-turisme-contribueix-a-construir-una-comunitat-mes-rica-diversa-i-felic\/\" title=\"Colomer destaca que la vinculaci\u00f3 de la m\u00fasica al turisme &#8220;contribueix a construir una Comunitat m\u00e9s rica, diversa i feli\u00e7&#8221;\">[+] <\/a><\/div>\n","protected":false},"author":1,"featured_media":87512,"comment_status":"open","ping_status":"open","sticky":false,"template":"","format":"standard","meta":{"footnotes":""},"categories":[10911,11005,10898,10894,10904,10912,11007,10895,10896],"tags":[10913,11314],"class_list":["post-87514","post","type-post","status-publish","format-standard","has-post-thumbnail","category-bunol-ca","category-canal-musica","category-ventana-ca","category-la-comarca-ca","category-sin-categorizar-ca","category-la-hoya-ca","category-ocio-y-cultura-ca","category-premsavalenciana-ca","category-seccion-ca","tag-bunol-ca","tag-bunyol-ca"],"_links":{"self":[{"href":"https:\/\/tucomarca.whitekongsoftware.com\/ca\/wp-json\/wp\/v2\/posts\/87514","targetHints":{"allow":["GET"]}}],"collection":[{"href":"https:\/\/tucomarca.whitekongsoftware.com\/ca\/wp-json\/wp\/v2\/posts"}],"about":[{"href":"https:\/\/tucomarca.whitekongsoftware.com\/ca\/wp-json\/wp\/v2\/types\/post"}],"author":[{"embeddable":true,"href":"https:\/\/tucomarca.whitekongsoftware.com\/ca\/wp-json\/wp\/v2\/users\/1"}],"replies":[{"embeddable":true,"href":"https:\/\/tucomarca.whitekongsoftware.com\/ca\/wp-json\/wp\/v2\/comments?post=87514"}],"version-history":[{"count":0,"href":"https:\/\/tucomarca.whitekongsoftware.com\/ca\/wp-json\/wp\/v2\/posts\/87514\/revisions"}],"wp:featuredmedia":[{"embeddable":true,"href":"https:\/\/tucomarca.whitekongsoftware.com\/ca\/wp-json\/wp\/v2\/media\/87512"}],"wp:attachment":[{"href":"https:\/\/tucomarca.whitekongsoftware.com\/ca\/wp-json\/wp\/v2\/media?parent=87514"}],"wp:term":[{"taxonomy":"category","embeddable":true,"href":"https:\/\/tucomarca.whitekongsoftware.com\/ca\/wp-json\/wp\/v2\/categories?post=87514"},{"taxonomy":"post_tag","embeddable":true,"href":"https:\/\/tucomarca.whitekongsoftware.com\/ca\/wp-json\/wp\/v2\/tags?post=87514"}],"curies":[{"name":"wp","href":"https:\/\/api.w.org\/{rel}","templated":true}]}}