{"id":87293,"date":"2019-06-10T12:36:05","date_gmt":"2019-06-10T10:36:05","guid":{"rendered":"http:\/\/www.tucomarca.com\/wordpress\/segunda\/?p=87293"},"modified":"2019-06-10T12:36:05","modified_gmt":"2019-06-10T10:36:05","slug":"riba-roja-protegeix-18-pous-dhorta-com-a-bens-de-rellevancia-local-que-servien-per-emmagatzemar-aigua-en-epoca-de-sequera","status":"publish","type":"post","link":"https:\/\/tucomarca.whitekongsoftware.com\/ca\/riba-roja-protegeix-18-pous-dhorta-com-a-bens-de-rellevancia-local-que-servien-per-emmagatzemar-aigua-en-epoca-de-sequera\/","title":{"rendered":"Riba-roja protegeix 18 Pous d&#8217;Horta com a b\u00e9ns de rellev\u00e0ncia local que servien per emmagatzemar aigua en \u00e8poca de sequera"},"content":{"rendered":"<figure id=\"attachment_87289\" aria-describedby=\"caption-attachment-87289\" style=\"width: 464px\" class=\"wp-caption alignleft\"><img loading=\"lazy\" decoding=\"async\" class=\" wp-image-87289\" src=\"http:\/\/www.tucomarca.com\/wordpress\/segunda\/wp-content\/uploads\/2019\/06\/Riba-rojaPozos.jpg\" alt=\"La medida permitir\u00e1 estudiar los sistemas de riego que se utilizaban.\" width=\"464\" height=\"251\" srcset=\"https:\/\/tucomarca.whitekongsoftware.com\/wp-content\/uploads\/2019\/06\/Riba-rojaPozos.jpg 941w, https:\/\/tucomarca.whitekongsoftware.com\/wp-content\/uploads\/2019\/06\/Riba-rojaPozos-300x162.jpg 300w, https:\/\/tucomarca.whitekongsoftware.com\/wp-content\/uploads\/2019\/06\/Riba-rojaPozos-768x415.jpg 768w\" sizes=\"auto, (max-width: 464px) 100vw, 464px\" \/><figcaption id=\"caption-attachment-87289\" class=\"wp-caption-text\">La mesura permetr\u00e0 estudiar els sistemes de reg que es feien servir.<\/figcaption><\/figure>\n<p>L&#8217;Ajuntament de Riba-roja de T\u00faria ha aprovat la declaraci\u00f3 de b\u00e9ns de rellev\u00e0ncia local (BRL) als m\u00e9s de 20 Pous d&#8217;Horta que existeixen actualment escampats al llarg del terme municipal amb l&#8217;objectiu de salvaguardar amb l&#8217;objectiu que no es perdi la seva ess\u00e8ncia original. La declaraci\u00f3 oficial suposa que passaran a ser un patrimoni hist\u00f2ric important per a la localitat.<\/p>\n<p>Els coneguts com Pous d&#8217;Horta formen part de l&#8217;estructura relacionada amb el regadiu i l&#8217;emmagatzematge d&#8217;aigua de Riba-roja que van complir en el seu moment un paper important en l&#8217;agricultura local en tant que es van construir per proveir d&#8217;aigua a la poblaci\u00f3 ia les \u00e0rees de cultiu adjacents. La seva ubicaci\u00f3 no \u00e9s casual ja que es troben al costat dels terrenys de cultiu i els camins rurals i que els agricultors de l&#8217;\u00e8poca feien servir per tal de proveir-se, especialment en \u00e8poca de sequera.<\/p>\n<p>La seva relaci\u00f3 amb el riu T\u00faria \u00e9s consubstancial amb l&#8217;origen de la seva exist\u00e8ncia ja que s&#8217;aprofitaven de la seva proximitat per proveir els seus camps de cultiu una de els sectors econ\u00f2mics va ser el motor de Riba-roja durant moltes d\u00e8cades. De fet, els Pous d&#8217;Horta s\u00f3n una her\u00e8ncia que ha passat al llarg de diverses generacions i que l&#8217;ajuntament amb aquest prop\u00f2sit pret\u00e9n protegir de qualsevol circumst\u00e0ncia.<\/p>\n<p>La declaraci\u00f3 com BRL \u00e9s el primer pas previ a l&#8217;estudi detallat i amb detall que es pret\u00e9n dur a terme des del consistori en cada un d&#8217;ells tant en el proc\u00e9s d&#8217;inventariat sobre la totalitat dels mateixos en els quals s&#8217;inclou una fitxa sobre els seus caracter\u00edstiques, situaci\u00f3 geogr\u00e0fica i estat actual de conservaci\u00f3 aix\u00ed com les necessitats futures per a la seva consolidaci\u00f3.<\/p>\n<p>Els treballs municipals inclouran, a m\u00e9s, una actualitzaci\u00f3 del cat\u00e0leg municipal de b\u00e9ns i espais protegits per tal d&#8217;adaptar les fitxes i la resta de la informaci\u00f3 a les actuals disposicions en legislaci\u00f3 auton\u00f2mica vigent.<\/p>\n<p>Els prop de 20 Pous d&#8217;Horta passaran a formar part des d&#8217;ara l&#8217;esmentat cat\u00e0leg en la seva qualitat de b\u00e9ns de rellev\u00e0ncia local sense necessitat que sigui la Conselleria de Cultura la que inco\u00ef el corresponent expedient en mat\u00e8ria de conservaci\u00f3 sobre el patrimoni hist\u00f2ric de Riba -roja de T\u00faria aix\u00ed com les futures subvencions o ajudes econ\u00f2miques que es puguin sol\u00b7licitar de la Generalitat.<\/p>\n<p>Cal recordar que al llarg de la present legislatura l&#8217;Ajuntament de Riba-roja de T\u00faria ha procedit a protegir diversos conjunts hist\u00f2rics de la localitat, com el b\u00fanquer del Barranc de la Cabrassa, el Pont Vell o el conegut aq\u00fceducte rom\u00e0 de Porxinos, donades les seves particularitats que els converteixen en un eix estrat\u00e8gic en la composici\u00f3 del seu patrimoni municipal.<\/p>\n<p>L&#8217;alcalde de Riba-roja, Robert Raga, ha subratllat la import\u00e0ncia de protegir els Pous d&#8217;Horta &#8220;perqu\u00e8 les generacions venidores puguin contemplar la forma que els nostres avantpassats tenien per emmagatzemar l&#8217;aigua i aprenguin tots els sistemes que els agricultors feien servir per treballar ja que durant moltes d\u00e8cades aquest sector econ\u00f2mic era un dels motors del municipi i un referent per a la resta de localitats de la Comunitat Valenciana &#8220;<\/p>\n","protected":false},"excerpt":{"rendered":"<div class=\"mh-excerpt\">L&#8217;Ajuntament de Riba-roja de T\u00faria ha aprovat la declaraci\u00f3 de b\u00e9ns de rellev\u00e0ncia local (BRL) als m\u00e9s de 20 Pous d&#8217;Horta que existeixen actualment escampats al llarg del terme municipal amb l&#8217;objectiu de salvaguardar amb <a class=\"mh-excerpt-more\" href=\"https:\/\/tucomarca.whitekongsoftware.com\/ca\/riba-roja-protegeix-18-pous-dhorta-com-a-bens-de-rellevancia-local-que-servien-per-emmagatzemar-aigua-en-epoca-de-sequera\/\" title=\"Riba-roja protegeix 18 Pous d&#8217;Horta com a b\u00e9ns de rellev\u00e0ncia local que servien per emmagatzemar aigua en \u00e8poca de sequera\">[+] <\/a><\/div>\n","protected":false},"author":1,"featured_media":87290,"comment_status":"open","ping_status":"open","sticky":false,"template":"","format":"standard","meta":{"footnotes":""},"categories":[10892,10898,10948,10894,10947,10906,10896],"tags":[11102],"class_list":["post-87293","post","type-post","status-publish","format-standard","has-post-thumbnail","category-camp-de-turia-ca","category-ventana-ca","category-infraestructuras-ca","category-la-comarca-ca","category-politica","category-riba-roja-ca","category-seccion-ca","tag-riba-roja-2-ca"],"_links":{"self":[{"href":"https:\/\/tucomarca.whitekongsoftware.com\/ca\/wp-json\/wp\/v2\/posts\/87293","targetHints":{"allow":["GET"]}}],"collection":[{"href":"https:\/\/tucomarca.whitekongsoftware.com\/ca\/wp-json\/wp\/v2\/posts"}],"about":[{"href":"https:\/\/tucomarca.whitekongsoftware.com\/ca\/wp-json\/wp\/v2\/types\/post"}],"author":[{"embeddable":true,"href":"https:\/\/tucomarca.whitekongsoftware.com\/ca\/wp-json\/wp\/v2\/users\/1"}],"replies":[{"embeddable":true,"href":"https:\/\/tucomarca.whitekongsoftware.com\/ca\/wp-json\/wp\/v2\/comments?post=87293"}],"version-history":[{"count":0,"href":"https:\/\/tucomarca.whitekongsoftware.com\/ca\/wp-json\/wp\/v2\/posts\/87293\/revisions"}],"wp:featuredmedia":[{"embeddable":true,"href":"https:\/\/tucomarca.whitekongsoftware.com\/ca\/wp-json\/wp\/v2\/media\/87290"}],"wp:attachment":[{"href":"https:\/\/tucomarca.whitekongsoftware.com\/ca\/wp-json\/wp\/v2\/media?parent=87293"}],"wp:term":[{"taxonomy":"category","embeddable":true,"href":"https:\/\/tucomarca.whitekongsoftware.com\/ca\/wp-json\/wp\/v2\/categories?post=87293"},{"taxonomy":"post_tag","embeddable":true,"href":"https:\/\/tucomarca.whitekongsoftware.com\/ca\/wp-json\/wp\/v2\/tags?post=87293"}],"curies":[{"name":"wp","href":"https:\/\/api.w.org\/{rel}","templated":true}]}}