{"id":87202,"date":"2019-06-05T14:12:39","date_gmt":"2019-06-05T12:12:39","guid":{"rendered":"http:\/\/www.tucomarca.com\/wordpress\/segunda\/?p=87202"},"modified":"2019-06-05T14:12:39","modified_gmt":"2019-06-05T12:12:39","slug":"setaigues-protagonitza-enguany-la-gira-de-las-xicotetes-europas-descena-erasmus-i-diputacio-en-la-comarca-de-la-foia-de-bunol-chiva","status":"publish","type":"post","link":"https:\/\/tucomarca.whitekongsoftware.com\/ca\/setaigues-protagonitza-enguany-la-gira-de-las-xicotetes-europas-descena-erasmus-i-diputacio-en-la-comarca-de-la-foia-de-bunol-chiva\/","title":{"rendered":"Setaig\u00fces protagonitza enguany la gira de &#8220;Las Xicotetes Europas&#8221; d&#8217;Escena Erasmus i Diputaci\u00f3 en la comarca de la Foia de Bu\u00f1ol-Chiva"},"content":{"rendered":"<figure id=\"attachment_87199\" aria-describedby=\"caption-attachment-87199\" style=\"width: 390px\" class=\"wp-caption alignleft\"><img loading=\"lazy\" decoding=\"async\" class=\" wp-image-87199\" src=\"http:\/\/www.tucomarca.com\/wordpress\/segunda\/wp-content\/uploads\/2019\/06\/DSC0977.jpeg\" alt=\"Siete Aguas protagoniza este a\u00f1o la gira de \u201cLas Peque\u00f1as Europas\u201d de Escena Erasmus y Diputaci\u00f3n en la comarca de la Hoya de Bu\u00f1ol-Chiva.\" width=\"390\" height=\"260\" srcset=\"https:\/\/tucomarca.whitekongsoftware.com\/wp-content\/uploads\/2019\/06\/DSC0977.jpeg 640w, https:\/\/tucomarca.whitekongsoftware.com\/wp-content\/uploads\/2019\/06\/DSC0977-300x200.jpeg 300w\" sizes=\"auto, (max-width: 390px) 100vw, 390px\" \/><figcaption id=\"caption-attachment-87199\" class=\"wp-caption-text\">Set Aig\u00fces protagonitza aquest any la gira de &#8220;Les Petites Europes&#8221; d&#8217;Escena Erasmus i Diputaci\u00f3 a la comarca de la Foia de Bunyol-Xiva.<\/figcaption><\/figure>\n<p><strong>L&#8217;espectacle d&#8217;aquest any &#8220;Una can\u00e7\u00f3 per a Europa&#8221; es podr\u00e0 veure aquest diumenge 9 de juny a les 20 h. al Sal\u00f3 Musical La Pau de Set Aig\u00fces<\/strong><\/p>\n<p>El projecte teatral europeu de la Universitat, Escena Erasmus fa parada per primer cop al municipi de Setaig\u00fces (La Foia de Bunyol-Xiva) per presentar el seu \u00faltim espectacle, &#8216;Una can\u00e7\u00f3 per a Europa&#8217;. Una com\u00e8dia amb can\u00e7ons en directe que pret\u00e9n ser un crit d&#8217;optimisme davant l&#8217;auge de l&#8217;extrema dreta i els populismes i que girar\u00e0 per la Comunitat Valenciana fins al 14 de juliol.<\/p>\n<p>Aquesta funci\u00f3 s&#8217;emmarca dins de la gira de &#8220;Les Petites Europes&#8221; posada en marxa per set\u00e8 any consecutiu per l&#8217;\u00c0rea de Cultura de la Diputaci\u00f3 de Val\u00e8ncia i el projecte teatral europeu Escena Erasmus de la Universitat de Val\u00e8ncia.<\/p>\n<p>&#8216;Una can\u00e7\u00f3 per a Europa&#8217; \u00e9s un espectacle, en castell\u00e0 i valenci\u00e0, interpretat per 16 actors i actrius de 7 nacionalitats diferents (Eti\u00f2pia, Alemanya, Noruega, G\u00e0mbia, It\u00e0lia, Fran\u00e7a i Espanya), que demostren sobre l&#8217;escenari que \u00e9s possible treballar junts i superar les difer\u00e8ncies. Enfrontaments, discussions, populismes, fronteres creixents, amenaces, falta d&#8217;\u00e8tica, col\u00b7lapse, banderes renovades, somriures tortes. \u00bfCamina Europa cap a un nou abisme? \u00bfArribem al final d&#8217;un llarg temps de pau? Podem sortir d&#8217;aquesta cru\u00eflla? Cap a on anem? \u00c9s la premissa de l&#8217;espectacle que es va representar a Val\u00e8ncia amb gran \u00e8xit de p\u00fablic i de cr\u00edtica i que ara recorrer\u00e0 m\u00e9s de 20 poblacions valencianes.<\/p>\n<p>Per al seu director esc\u00e8nic, Javier Sahuquillo l&#8217;espectacle \u00e9s &#8220;una com\u00e8dia que, des de la diversi\u00f3 i amb un car\u00e0cter cr\u00edtic, imagina una Europa en que l&#8217;any 2023 guanya la ultradreta, una realitat plausible, que convida el p\u00fablic a fer-se preguntes&#8221;.<\/p>\n<p>El muntatge est\u00e0 escrit a prop\u00f2sit per destacats dramaturgs de l&#8217;escena valenciana: Guada S\u00e1ez, Michele Ruols, Bego\u00f1a Tena, Sonia Alejo, Sara Ac\u00e0mer, Daniel Tormo, i per primera vegada col\u00b7laboren un autor de Madrid, Ignacio Garc\u00eda May, i un autor itali\u00e0 , Michele Ruol. L&#8217;espectacle est\u00e0 protagonitzat per: Nicol\u00e1s Aranda (Can\u00e0ries), Hanna Assefu (Eti\u00f2pia), Lucy Bigard (Fran\u00e7a), Simona Bongiorni (It\u00e0lia), Vera La Rosa (It\u00e0lia), Momodou Dibba (G\u00e0mbia), Martin Gast (Alemanya), Mari Holmsen (Noruega), Annkathrin Jantz (Alemanya), Andr\u00e9-Ren\u00e9 Knobloch (Alemanya), Adriana Morbiducci (Fran\u00e7a), Quentin Rodr\u00edguez (Fran\u00e7a) i les actrius i actors valencians: Elena Pardo, Celia Burgos, Helena Ramon, Bruno Tortosa i Raquel Violero.<\/p>\n<p>Per a l&#8217;alcalde en funcions de Set Aig\u00fces, Santiago Mas: &#8220;valorem molt positivament la visita d&#8217;Escena Erasmus al nostre municipi, ja que el principal objectiu \u00e9s que, des de la cultura i mitjan\u00e7ant la interpretaci\u00f3, puguem apropar a les persones la idea d&#8217;interculturalitat . En l&#8217;actualitat \u00e9s una assignatura pendent en la nostra societat, i hem d&#8217;incidir en treballar pel respecte i la solidaritat cap a totes les persones. Per aix\u00f2, considerem que aquest projecte \u00e9s de gran import\u00e0ncia per al nostre municipi &#8220;.<\/p>\n<p>Durant tot el dia es realitzaran activitats de di\u00e0leg entre la companyia europea i els col\u00b7lectius de la poblaci\u00f3. A les 20 h. es realitzar\u00e0 la funci\u00f3 de l&#8217;espectacle al Sal\u00f3 Musical &#8220;La Pau&#8221; de Set Aig\u00fces. L&#8217;entrada \u00e9s gratu\u00efta fins a completar aforament. La funci\u00f3 no est\u00e0 recomanada per a menors de 12 anys.<\/p>\n<p>Escena Erasmus (Premi Europeu Carlemany de la Joventut 2011, Premi Talent Jove 2018, i Menci\u00f3 Especial del Patrimoni 2018 de la Pearle Live Performance Europe) \u00e9s un projecte pioner a Europa en la promoci\u00f3 cultural entre joves i un dels projectes culturals m\u00e9s singulars de la Universitat de Val\u00e8ncia<\/p>\n","protected":false},"excerpt":{"rendered":"<div class=\"mh-excerpt\">L&#8217;espectacle d&#8217;aquest any &#8220;Una can\u00e7\u00f3 per a Europa&#8221; es podr\u00e0 veure aquest diumenge 9 de juny a les 20 h. al Sal\u00f3 Musical La Pau de Set Aig\u00fces El projecte teatral europeu de la Universitat, <a class=\"mh-excerpt-more\" href=\"https:\/\/tucomarca.whitekongsoftware.com\/ca\/setaigues-protagonitza-enguany-la-gira-de-las-xicotetes-europas-descena-erasmus-i-diputacio-en-la-comarca-de-la-foia-de-bunol-chiva\/\" title=\"Setaig\u00fces protagonitza enguany la gira de &#8220;Las Xicotetes Europas&#8221; d&#8217;Escena Erasmus i Diputaci\u00f3 en la comarca de la Foia de Bu\u00f1ol-Chiva\">[+] <\/a><\/div>\n","protected":false},"author":2,"featured_media":87200,"comment_status":"open","ping_status":"open","sticky":false,"template":"","format":"standard","meta":{"footnotes":""},"categories":[11019,10912,11007,10896,10979],"tags":[11695,11157],"class_list":["post-87202","post","type-post","status-publish","format-standard","has-post-thumbnail","category-agenda-ca","category-la-hoya-ca","category-ocio-y-cultura-ca","category-seccion-ca","category-siete-aguas-ca","tag-escena-erasmus-ca","tag-siete-aguas-ca"],"_links":{"self":[{"href":"https:\/\/tucomarca.whitekongsoftware.com\/ca\/wp-json\/wp\/v2\/posts\/87202","targetHints":{"allow":["GET"]}}],"collection":[{"href":"https:\/\/tucomarca.whitekongsoftware.com\/ca\/wp-json\/wp\/v2\/posts"}],"about":[{"href":"https:\/\/tucomarca.whitekongsoftware.com\/ca\/wp-json\/wp\/v2\/types\/post"}],"author":[{"embeddable":true,"href":"https:\/\/tucomarca.whitekongsoftware.com\/ca\/wp-json\/wp\/v2\/users\/2"}],"replies":[{"embeddable":true,"href":"https:\/\/tucomarca.whitekongsoftware.com\/ca\/wp-json\/wp\/v2\/comments?post=87202"}],"version-history":[{"count":0,"href":"https:\/\/tucomarca.whitekongsoftware.com\/ca\/wp-json\/wp\/v2\/posts\/87202\/revisions"}],"wp:featuredmedia":[{"embeddable":true,"href":"https:\/\/tucomarca.whitekongsoftware.com\/ca\/wp-json\/wp\/v2\/media\/87200"}],"wp:attachment":[{"href":"https:\/\/tucomarca.whitekongsoftware.com\/ca\/wp-json\/wp\/v2\/media?parent=87202"}],"wp:term":[{"taxonomy":"category","embeddable":true,"href":"https:\/\/tucomarca.whitekongsoftware.com\/ca\/wp-json\/wp\/v2\/categories?post=87202"},{"taxonomy":"post_tag","embeddable":true,"href":"https:\/\/tucomarca.whitekongsoftware.com\/ca\/wp-json\/wp\/v2\/tags?post=87202"}],"curies":[{"name":"wp","href":"https:\/\/api.w.org\/{rel}","templated":true}]}}