{"id":87194,"date":"2019-06-04T14:53:18","date_gmt":"2019-06-04T12:53:18","guid":{"rendered":"http:\/\/www.tucomarca.com\/wordpress\/segunda\/?p=87194"},"modified":"2019-06-04T14:53:18","modified_gmt":"2019-06-04T12:53:18","slug":"el-cd-xest-femeni-tanca-la-seua-participacio-a-la-copa-amb-la-victoria-per-3-a-0-davant-del-joventut-paternense","status":"publish","type":"post","link":"https:\/\/tucomarca.whitekongsoftware.com\/ca\/el-cd-xest-femeni-tanca-la-seua-participacio-a-la-copa-amb-la-victoria-per-3-a-0-davant-del-joventut-paternense\/","title":{"rendered":"El CD Xest femen\u00ed tanca la seua participaci\u00f3 a la Copa amb la vict\u00f2ria per 3 a 0 davant del Joventut Paternense"},"content":{"rendered":"<p>&nbsp;<\/p>\n<p>Tot i que les chestanas ja sabien que el resultat no anava a influir en les opcions de passar de ronda, van sortir al camp i ho van donar tot des de l&#8217;inici. I \u00e9s que la Copa s&#8217;ha afrontat bastant b\u00e9 en l\u00ednies generals i preval l&#8217;orgull de jugar l&#8217;\u00faltim partit a casa de la temporada.<\/p>\n<p>Les blaves des del primer minut van sortir a donar-ho tot, sense pressions ja despr\u00e9s de saber que la Copa acabaria all\u00e0 i amb la convicci\u00f3 que serien els darrers 90 minuts. I calia acomiadar b\u00e9 la temporada, \u00e9s per aix\u00f2 que en nom\u00e9s 3 minuts disputats, les locals van aconseguir posar-se per davant gr\u00e0cies a una maniobra d&#8217;Kyra Mira-sol, per avan\u00e7ar aix\u00ed el seu equip en el llumin\u00f3s.<\/p>\n<p>A partir d&#8217;aqu\u00ed va entrar la calma, encara que no per aix\u00f2 menys ocasions i arribades a l&#8217;\u00e0rea, per\u00f2 s\u00ed el joc m\u00e9s pausat i organitzat, \u00e9s per aix\u00f2 que fins ben arribat el tram final de la primera meitat, no hi va haver m\u00e9s gols. Per\u00f2 quan semblava que tot s&#8217;anirien al descans amb el marcador per la m\u00ednima per davant, Irene Soria posaria m\u00e9s avantatge en el marcador, per a tranquil\u00b7litat de tot l&#8217;equip i la grada, qui saltava de goig pel que veia en el verd.<\/p>\n<p>Despr\u00e9s de la tornada del descans, ja per afrontar els \u00faltims 45 minuts i amb l&#8217;avantatge per 2-0, les chestanas es van posar a gaudir. La cosa ja no era seguir unes pautes r\u00edgides, sin\u00f3 gaudir i fer el que saben fer per intentar ampliar l&#8217;avantatge; \u00e9s per aix\u00f2 que passats 8 minuts de joc, la gran ariet de l&#8217;equip de Marian, Ayleen Cusi, va aconseguir fer encara m\u00e9s gran l&#8217;avantatge al marcador, col\u00b7locant el 3-0 i fent aix\u00ed que ja la tranquil\u00b7litat de emportar-se els 3 punts al butxaca fos real i material.<\/p>\n<p>Van passar els minuts i el joc era per al conjunt local, clar que amb intensitat per part de les de Joventut Paterner, els qui no van deixar de lluitar, per\u00f2 sense fortuna; i despr\u00e9s d&#8217;arribar al 90, la vict\u00f2ria es va consolidar i va donar pas a l&#8217;alegria de les chestanas, els qui van fer una temporada en l\u00ednies general i c\u00f2mput global bastant bona, tant en la competici\u00f3 De lliga com a la Copa i deixant a veure que hi ha nivell en el futbol base a les nostres fronteres en la categoria femenina. Informa, Ra\u00fal Miralles Lacalle @raulmks<\/p>\n<p>&nbsp;<\/p>\n","protected":false},"excerpt":{"rendered":"<div class=\"mh-excerpt\">&nbsp; Tot i que les chestanas ja sabien que el resultat no anava a influir en les opcions de passar de ronda, van sortir al camp i ho van donar tot des de l&#8217;inici. I <a class=\"mh-excerpt-more\" href=\"https:\/\/tucomarca.whitekongsoftware.com\/ca\/el-cd-xest-femeni-tanca-la-seua-participacio-a-la-copa-amb-la-victoria-per-3-a-0-davant-del-joventut-paternense\/\" title=\"El CD Xest femen\u00ed tanca la seua participaci\u00f3 a la Copa amb la vict\u00f2ria per 3 a 0 davant del Joventut Paternense\">[+] <\/a><\/div>\n","protected":false},"author":1,"featured_media":86399,"comment_status":"open","ping_status":"open","sticky":false,"template":"","format":"standard","meta":{"footnotes":""},"categories":[11015,11003,10912,10896,10974],"tags":[11074,11264],"class_list":["post-87194","post","type-post","status-publish","format-standard","has-post-thumbnail","category-canal-futbol","category-sports","category-la-hoya-ca","category-seccion-ca","category-cheste-ca","tag-deportes-ca","tag-esports-ca"],"_links":{"self":[{"href":"https:\/\/tucomarca.whitekongsoftware.com\/ca\/wp-json\/wp\/v2\/posts\/87194","targetHints":{"allow":["GET"]}}],"collection":[{"href":"https:\/\/tucomarca.whitekongsoftware.com\/ca\/wp-json\/wp\/v2\/posts"}],"about":[{"href":"https:\/\/tucomarca.whitekongsoftware.com\/ca\/wp-json\/wp\/v2\/types\/post"}],"author":[{"embeddable":true,"href":"https:\/\/tucomarca.whitekongsoftware.com\/ca\/wp-json\/wp\/v2\/users\/1"}],"replies":[{"embeddable":true,"href":"https:\/\/tucomarca.whitekongsoftware.com\/ca\/wp-json\/wp\/v2\/comments?post=87194"}],"version-history":[{"count":0,"href":"https:\/\/tucomarca.whitekongsoftware.com\/ca\/wp-json\/wp\/v2\/posts\/87194\/revisions"}],"wp:featuredmedia":[{"embeddable":true,"href":"https:\/\/tucomarca.whitekongsoftware.com\/ca\/wp-json\/wp\/v2\/media\/86399"}],"wp:attachment":[{"href":"https:\/\/tucomarca.whitekongsoftware.com\/ca\/wp-json\/wp\/v2\/media?parent=87194"}],"wp:term":[{"taxonomy":"category","embeddable":true,"href":"https:\/\/tucomarca.whitekongsoftware.com\/ca\/wp-json\/wp\/v2\/categories?post=87194"},{"taxonomy":"post_tag","embeddable":true,"href":"https:\/\/tucomarca.whitekongsoftware.com\/ca\/wp-json\/wp\/v2\/tags?post=87194"}],"curies":[{"name":"wp","href":"https:\/\/api.w.org\/{rel}","templated":true}]}}