{"id":87171,"date":"2019-06-04T18:18:19","date_gmt":"2019-06-04T16:18:19","guid":{"rendered":"http:\/\/www.tucomarca.com\/wordpress\/segunda\/?p=87171"},"modified":"2019-06-04T18:18:19","modified_gmt":"2019-06-04T16:18:19","slug":"csif-alerta-que-bunyol-es-queda-hui-sense-servei-de-policia-local-durant-la-nit-per-falta-dagents-i-exigeix-reforcos","status":"publish","type":"post","link":"https:\/\/tucomarca.whitekongsoftware.com\/ca\/csif-alerta-que-bunyol-es-queda-hui-sense-servei-de-policia-local-durant-la-nit-per-falta-dagents-i-exigeix-reforcos\/","title":{"rendered":"CSIF alerta que Bunyol es queda hui sense servei de Policia Local durant la nit per falta d&#8217;agents i exigeix refor\u00e7os"},"content":{"rendered":"<p>El sindicat CSIF alerta que el municipi de Bunyol es quedar\u00e0 hui\u00a0sense servei de Policia Local en el torn de nit per primera vegada en d\u00e8cades. &#8220;La reducci\u00f3 cont\u00ednua de la plantilla ha provocat aquesta situaci\u00f3, de manera que les persones que viuen a la poblaci\u00f3 no podran comptar amb aquest servei de deu de la nit a sis del mat\u00ed&#8221;. La central sindical avisa que el &#8220;problema es reproduir\u00e0 en les pr\u00f2ximes setmanes&#8221; i urgeix a &#8220;incrementar el nombre d&#8217;efectius policials&#8221;.<\/p>\n<p>La Central Sindical Independent i de Funcionaris (CSIF) explica que els responsables pol\u00edtics del municipi han rebut &#8220;nombrosos informes de la situaci\u00f3 des 2016 sense que, fins ara, hagin adoptat mesures i ampliat efectius. El sindicat recalca que, per la seva grand\u00e0ria, Bunyol hauria de comptar amb una plantilla m\u00ednima composta per un inspector, dos oficials i 15 agents. no obstant aix\u00f2, disposa \u00fanicament d&#8217;onze agents, dels quals dos s\u00f3n interins i no poden portar armes ni han de cobrir torn de nit, i un altre realitza les funcions de direcci\u00f3 accidental del lloc &#8220;.<\/p>\n<p>CSIF afegeix que la situaci\u00f3 s&#8217;ha anat &#8220;agreujant en els \u00faltims tres anys, en no refor\u00e7ar la plantilla tot i les tres jubilacions que s&#8217;han produ\u00eft i el pas a segona activitat d&#8217;altres tres agents. Tampoc ha existit una previsi\u00f3 de contractaci\u00f3 de efectius per cobrir els per\u00edodes de vacances. Davant d&#8217;aquestes circumst\u00e0ncies, la gran majoria de la plantilla de la Policia Local de Bunyol ha fet un gran sobreesfor\u00e7 per cobrir tots els torns &#8220;.<\/p>\n<p>La central sindical explica que les \u00faltimes oposicions a Policia Local van ser en 2007, i que el 2011 &#8220;l&#8217;equip de govern va amortitzar dues places d&#8217;agent i la de inspector. Amb tots aquests ingredients i davant la falta de policies, s&#8217;ha arribat a la situaci\u00f3 que es produir\u00e0 avui per primera vegada en d\u00e8cades de no poder cobrir el torn de nit. CSIF demana al govern local que reaccioni amb urg\u00e8ncia, incrementi la plantilla i garanteixi la seguretat dels habitants de Bunyol &#8220;.<\/p>\n","protected":false},"excerpt":{"rendered":"<div class=\"mh-excerpt\">El sindicat CSIF alerta que el municipi de Bunyol es quedar\u00e0 hui\u00a0sense servei de Policia Local en el torn de nit per primera vegada en d\u00e8cades. &#8220;La reducci\u00f3 cont\u00ednua de la plantilla ha provocat aquesta <a class=\"mh-excerpt-more\" href=\"https:\/\/tucomarca.whitekongsoftware.com\/ca\/csif-alerta-que-bunyol-es-queda-hui-sense-servei-de-policia-local-durant-la-nit-per-falta-dagents-i-exigeix-reforcos\/\" title=\"CSIF alerta que Bunyol es queda hui sense servei de Policia Local durant la nit per falta d&#8217;agents i exigeix refor\u00e7os\">[+] <\/a><\/div>\n","protected":false},"author":1,"featured_media":87172,"comment_status":"open","ping_status":"open","sticky":false,"template":"","format":"standard","meta":{"footnotes":""},"categories":[10911,10898,10894,10904,10912,10947,10896],"tags":[11314],"class_list":["post-87171","post","type-post","status-publish","format-standard","has-post-thumbnail","category-bunol-ca","category-ventana-ca","category-la-comarca-ca","category-sin-categorizar-ca","category-la-hoya-ca","category-politica","category-seccion-ca","tag-bunyol-ca"],"_links":{"self":[{"href":"https:\/\/tucomarca.whitekongsoftware.com\/ca\/wp-json\/wp\/v2\/posts\/87171","targetHints":{"allow":["GET"]}}],"collection":[{"href":"https:\/\/tucomarca.whitekongsoftware.com\/ca\/wp-json\/wp\/v2\/posts"}],"about":[{"href":"https:\/\/tucomarca.whitekongsoftware.com\/ca\/wp-json\/wp\/v2\/types\/post"}],"author":[{"embeddable":true,"href":"https:\/\/tucomarca.whitekongsoftware.com\/ca\/wp-json\/wp\/v2\/users\/1"}],"replies":[{"embeddable":true,"href":"https:\/\/tucomarca.whitekongsoftware.com\/ca\/wp-json\/wp\/v2\/comments?post=87171"}],"version-history":[{"count":0,"href":"https:\/\/tucomarca.whitekongsoftware.com\/ca\/wp-json\/wp\/v2\/posts\/87171\/revisions"}],"wp:featuredmedia":[{"embeddable":true,"href":"https:\/\/tucomarca.whitekongsoftware.com\/ca\/wp-json\/wp\/v2\/media\/87172"}],"wp:attachment":[{"href":"https:\/\/tucomarca.whitekongsoftware.com\/ca\/wp-json\/wp\/v2\/media?parent=87171"}],"wp:term":[{"taxonomy":"category","embeddable":true,"href":"https:\/\/tucomarca.whitekongsoftware.com\/ca\/wp-json\/wp\/v2\/categories?post=87171"},{"taxonomy":"post_tag","embeddable":true,"href":"https:\/\/tucomarca.whitekongsoftware.com\/ca\/wp-json\/wp\/v2\/tags?post=87171"}],"curies":[{"name":"wp","href":"https:\/\/api.w.org\/{rel}","templated":true}]}}