{"id":87167,"date":"2019-06-04T14:05:06","date_gmt":"2019-06-04T12:05:06","guid":{"rendered":"http:\/\/www.tucomarca.com\/wordpress\/segunda\/?p=87167"},"modified":"2019-06-04T14:05:06","modified_gmt":"2019-06-04T12:05:06","slug":"fotogaleria-els-centres-escolars-de-xest-recapten-1-061-euros-al-mercat-solidari-2019","status":"publish","type":"post","link":"https:\/\/tucomarca.whitekongsoftware.com\/ca\/fotogaleria-els-centres-escolars-de-xest-recapten-1-061-euros-al-mercat-solidari-2019\/","title":{"rendered":"Fotogaleria: els centres escolars de Xest recapten 1.061 euros al mercat solidari 2019"},"content":{"rendered":"<figure id=\"attachment_87132\" aria-describedby=\"caption-attachment-87132\" style=\"width: 341px\" class=\"wp-caption alignleft\"><img loading=\"lazy\" decoding=\"async\" class=\" wp-image-87132\" src=\"http:\/\/www.tucomarca.com\/wordpress\/segunda\/wp-content\/uploads\/2019\/06\/MercadilloSolidario2019_8.jpeg\" alt=\"Los centros escolares de Cheste recaudan 1.061 euros en el mercadillo solidario 2019.\" width=\"341\" height=\"227\" srcset=\"https:\/\/tucomarca.whitekongsoftware.com\/wp-content\/uploads\/2019\/06\/MercadilloSolidario2019_8.jpeg 5184w, https:\/\/tucomarca.whitekongsoftware.com\/wp-content\/uploads\/2019\/06\/MercadilloSolidario2019_8-300x200.jpeg 300w, https:\/\/tucomarca.whitekongsoftware.com\/wp-content\/uploads\/2019\/06\/MercadilloSolidario2019_8-768x512.jpeg 768w, https:\/\/tucomarca.whitekongsoftware.com\/wp-content\/uploads\/2019\/06\/MercadilloSolidario2019_8-1024x683.jpeg 1024w\" sizes=\"auto, (max-width: 341px) 100vw, 341px\" \/><figcaption id=\"caption-attachment-87132\" class=\"wp-caption-text\">Els centres escolars de Xest recapten 1.061 euros al mercat solidari 2019.<\/figcaption><\/figure>\n<p>Divendres passat, 31 de maig, es va celebrar un mercat solidari a la pla\u00e7a Doctor Cajal, organitzat pels centres escolars de Xest en col\u00b7laboraci\u00f3 amb la regidoria d&#8217;Educaci\u00f3, amb la finalitat de recaptar fons per a l&#8217;associaci\u00f3 M\u00e0 d&#8217;\u00c0frica, que tamb\u00e9 va participar en l&#8217;esdeveniment.<\/p>\n<p>Durant el mat\u00ed, l&#8217;alumnat dels centres va vendre tota mena d&#8217;objectes reciclats de segona m\u00e0 a preus molt competitius i, com van repetir els nens i nenes en diverses ocasions, &#8220;per una bona causa&#8221;. Paral\u00b7lelament, un grup d&#8217;alumnes va organitzar un estand en qu\u00e8 s&#8217;oferien per fer pentinats i trenes als i les assistents. A m\u00e9s, tamb\u00e9 es personalitzaven llapis, en els quals es gravaven els noms de ve\u00efns i ve\u00efnes.<\/p>\n<p>&#8220;El mercat solidari \u00e9s una activitat preciosa que podem realitzar gr\u00e0cies a la col\u00b7laboraci\u00f3 de docents, alumnat i direccions dels centres educatius de Xest. Des de la regidoria d&#8217;Educaci\u00f3, vull agrair-los la seva feina i que acceptessin la proposta a l&#8217;inici de la legislatura. Un any m\u00e9s han demostrat que la solidaritat \u00e9s la tendresa dels pobles, un valor que cal seguir potenciant &#8220;, destaca la regidora d&#8217;Educaci\u00f3, M\u00aa \u00c1ngeles Llorente.<\/p>\n<p>En total es van recaptar 1.061 euros, destinats \u00edntegrament a M\u00e0 d&#8217;\u00c0frica, una associaci\u00f3 marroquina sense \u00e0nim de lucre situada a Errachidia, creada per activar un espai educatiu que afavoreixi el desenvolupament sociocultural dels nens i nenes que viuen en els llogarets de les zones en les que realitzen projectes. &#8220;Des de l&#8217;associaci\u00f3, juntament amb els voluntaris i volunt\u00e0ries, treballem en la reforma de col\u00b7legis o centres educatius locals realitzant arranjaments i reparacions, decorant i pintant les parets. Tamb\u00e9 aportem material escolar i recursos educatius per ajudar en el seu funcionament. A m\u00e9s, ajudem a les fam\u00edlies m\u00e9s desfavorides realitzant petits arranjaments que necessitin a casa seva o ajudant en les tasques di\u00e0ries i tasques en el camp &#8220;, explicava Mabel, en nom de l&#8217;Associaci\u00f3. &#8220;El lema un cop de m\u00e0 no toca per\u00f2 dos poden tocar neix dels beneficis de compartir el temps, els coneixements i el somriure en un moment on la individualitat prima al m\u00f3n&#8221;.<\/p>\n<div id='gallery-1' class='gallery galleryid-87167 gallery-columns-3 gallery-size-medium'><figure class='gallery-item'>\n\t\t\t<div class='gallery-icon landscape'>\n\t\t\t\t<a href='https:\/\/tucomarca.whitekongsoftware.com\/ca\/fotogaleria-els-centres-escolars-de-xest-recapten-1-061-euros-al-mercat-solidari-2019\/mercadillosolidario2019_1-2\/'><img loading=\"lazy\" decoding=\"async\" width=\"300\" height=\"200\" src=\"https:\/\/tucomarca.whitekongsoftware.com\/wp-content\/uploads\/2019\/06\/MercadilloSolidario2019_1-300x200.jpeg\" class=\"attachment-medium size-medium\" alt=\"\" srcset=\"https:\/\/tucomarca.whitekongsoftware.com\/wp-content\/uploads\/2019\/06\/MercadilloSolidario2019_1-300x200.jpeg 300w, https:\/\/tucomarca.whitekongsoftware.com\/wp-content\/uploads\/2019\/06\/MercadilloSolidario2019_1-768x512.jpeg 768w, https:\/\/tucomarca.whitekongsoftware.com\/wp-content\/uploads\/2019\/06\/MercadilloSolidario2019_1-1024x683.jpeg 1024w\" sizes=\"auto, (max-width: 300px) 100vw, 300px\" \/><\/a>\n\t\t\t<\/div><\/figure><figure class='gallery-item'>\n\t\t\t<div class='gallery-icon landscape'>\n\t\t\t\t<a href='https:\/\/tucomarca.whitekongsoftware.com\/ca\/fotogaleria-els-centres-escolars-de-xest-recapten-1-061-euros-al-mercat-solidari-2019\/mercadillosolidario2019_2-2\/'><img loading=\"lazy\" decoding=\"async\" width=\"300\" height=\"200\" src=\"https:\/\/tucomarca.whitekongsoftware.com\/wp-content\/uploads\/2019\/06\/MercadilloSolidario2019_2-300x200.jpeg\" class=\"attachment-medium size-medium\" alt=\"\" srcset=\"https:\/\/tucomarca.whitekongsoftware.com\/wp-content\/uploads\/2019\/06\/MercadilloSolidario2019_2-300x200.jpeg 300w, https:\/\/tucomarca.whitekongsoftware.com\/wp-content\/uploads\/2019\/06\/MercadilloSolidario2019_2-768x512.jpeg 768w, https:\/\/tucomarca.whitekongsoftware.com\/wp-content\/uploads\/2019\/06\/MercadilloSolidario2019_2-1024x683.jpeg 1024w\" sizes=\"auto, (max-width: 300px) 100vw, 300px\" \/><\/a>\n\t\t\t<\/div><\/figure><figure class='gallery-item'>\n\t\t\t<div class='gallery-icon landscape'>\n\t\t\t\t<a href='https:\/\/tucomarca.whitekongsoftware.com\/ca\/fotogaleria-els-centres-escolars-de-xest-recapten-1-061-euros-al-mercat-solidari-2019\/mercadillosolidario2019_3-2\/'><img loading=\"lazy\" decoding=\"async\" width=\"300\" height=\"200\" src=\"https:\/\/tucomarca.whitekongsoftware.com\/wp-content\/uploads\/2019\/06\/MercadilloSolidario2019_3-300x200.jpeg\" class=\"attachment-medium size-medium\" alt=\"\" srcset=\"https:\/\/tucomarca.whitekongsoftware.com\/wp-content\/uploads\/2019\/06\/MercadilloSolidario2019_3-300x200.jpeg 300w, https:\/\/tucomarca.whitekongsoftware.com\/wp-content\/uploads\/2019\/06\/MercadilloSolidario2019_3-768x512.jpeg 768w, https:\/\/tucomarca.whitekongsoftware.com\/wp-content\/uploads\/2019\/06\/MercadilloSolidario2019_3-1024x683.jpeg 1024w\" sizes=\"auto, (max-width: 300px) 100vw, 300px\" \/><\/a>\n\t\t\t<\/div><\/figure><figure class='gallery-item'>\n\t\t\t<div class='gallery-icon landscape'>\n\t\t\t\t<a href='https:\/\/tucomarca.whitekongsoftware.com\/ca\/fotogaleria-els-centres-escolars-de-xest-recapten-1-061-euros-al-mercat-solidari-2019\/mercadillosolidario2019_4-2\/'><img loading=\"lazy\" decoding=\"async\" width=\"300\" height=\"200\" src=\"https:\/\/tucomarca.whitekongsoftware.com\/wp-content\/uploads\/2019\/06\/MercadilloSolidario2019_4-300x200.jpeg\" class=\"attachment-medium size-medium\" alt=\"\" srcset=\"https:\/\/tucomarca.whitekongsoftware.com\/wp-content\/uploads\/2019\/06\/MercadilloSolidario2019_4-300x200.jpeg 300w, https:\/\/tucomarca.whitekongsoftware.com\/wp-content\/uploads\/2019\/06\/MercadilloSolidario2019_4-768x512.jpeg 768w, https:\/\/tucomarca.whitekongsoftware.com\/wp-content\/uploads\/2019\/06\/MercadilloSolidario2019_4-1024x683.jpeg 1024w\" sizes=\"auto, (max-width: 300px) 100vw, 300px\" \/><\/a>\n\t\t\t<\/div><\/figure><figure class='gallery-item'>\n\t\t\t<div class='gallery-icon landscape'>\n\t\t\t\t<a href='https:\/\/tucomarca.whitekongsoftware.com\/ca\/fotogaleria-els-centres-escolars-de-xest-recapten-1-061-euros-al-mercat-solidari-2019\/mercadillosolidario2019_5-2\/'><img loading=\"lazy\" decoding=\"async\" width=\"300\" height=\"200\" src=\"https:\/\/tucomarca.whitekongsoftware.com\/wp-content\/uploads\/2019\/06\/MercadilloSolidario2019_5-300x200.jpeg\" class=\"attachment-medium size-medium\" alt=\"\" srcset=\"https:\/\/tucomarca.whitekongsoftware.com\/wp-content\/uploads\/2019\/06\/MercadilloSolidario2019_5-300x200.jpeg 300w, https:\/\/tucomarca.whitekongsoftware.com\/wp-content\/uploads\/2019\/06\/MercadilloSolidario2019_5-768x512.jpeg 768w, https:\/\/tucomarca.whitekongsoftware.com\/wp-content\/uploads\/2019\/06\/MercadilloSolidario2019_5-1024x683.jpeg 1024w\" sizes=\"auto, (max-width: 300px) 100vw, 300px\" \/><\/a>\n\t\t\t<\/div><\/figure><figure class='gallery-item'>\n\t\t\t<div class='gallery-icon landscape'>\n\t\t\t\t<a href='https:\/\/tucomarca.whitekongsoftware.com\/ca\/fotogaleria-els-centres-escolars-de-xest-recapten-1-061-euros-al-mercat-solidari-2019\/mercadillosolidario2019_6-2\/'><img loading=\"lazy\" decoding=\"async\" width=\"300\" height=\"200\" src=\"https:\/\/tucomarca.whitekongsoftware.com\/wp-content\/uploads\/2019\/06\/MercadilloSolidario2019_6-300x200.jpeg\" class=\"attachment-medium size-medium\" alt=\"\" srcset=\"https:\/\/tucomarca.whitekongsoftware.com\/wp-content\/uploads\/2019\/06\/MercadilloSolidario2019_6-300x200.jpeg 300w, https:\/\/tucomarca.whitekongsoftware.com\/wp-content\/uploads\/2019\/06\/MercadilloSolidario2019_6-768x512.jpeg 768w, https:\/\/tucomarca.whitekongsoftware.com\/wp-content\/uploads\/2019\/06\/MercadilloSolidario2019_6-1024x683.jpeg 1024w\" sizes=\"auto, (max-width: 300px) 100vw, 300px\" \/><\/a>\n\t\t\t<\/div><\/figure><figure class='gallery-item'>\n\t\t\t<div class='gallery-icon landscape'>\n\t\t\t\t<a href='https:\/\/tucomarca.whitekongsoftware.com\/ca\/fotogaleria-els-centres-escolars-de-xest-recapten-1-061-euros-al-mercat-solidari-2019\/mercadillosolidario2019_7-2\/'><img loading=\"lazy\" decoding=\"async\" width=\"300\" height=\"200\" src=\"https:\/\/tucomarca.whitekongsoftware.com\/wp-content\/uploads\/2019\/06\/MercadilloSolidario2019_7-300x200.jpeg\" class=\"attachment-medium size-medium\" alt=\"\" srcset=\"https:\/\/tucomarca.whitekongsoftware.com\/wp-content\/uploads\/2019\/06\/MercadilloSolidario2019_7-300x200.jpeg 300w, https:\/\/tucomarca.whitekongsoftware.com\/wp-content\/uploads\/2019\/06\/MercadilloSolidario2019_7-768x512.jpeg 768w, https:\/\/tucomarca.whitekongsoftware.com\/wp-content\/uploads\/2019\/06\/MercadilloSolidario2019_7-1024x683.jpeg 1024w\" sizes=\"auto, (max-width: 300px) 100vw, 300px\" \/><\/a>\n\t\t\t<\/div><\/figure><figure class='gallery-item'>\n\t\t\t<div class='gallery-icon landscape'>\n\t\t\t\t<a href='https:\/\/tucomarca.whitekongsoftware.com\/ca\/fotogaleria-els-centres-escolars-de-xest-recapten-1-061-euros-al-mercat-solidari-2019\/mercadillosolidario2019_8-2-2\/'><img loading=\"lazy\" decoding=\"async\" width=\"300\" height=\"200\" src=\"https:\/\/tucomarca.whitekongsoftware.com\/wp-content\/uploads\/2019\/06\/MercadilloSolidario2019_8-1-300x200.jpeg\" class=\"attachment-medium size-medium\" alt=\"\" srcset=\"https:\/\/tucomarca.whitekongsoftware.com\/wp-content\/uploads\/2019\/06\/MercadilloSolidario2019_8-1-300x200.jpeg 300w, https:\/\/tucomarca.whitekongsoftware.com\/wp-content\/uploads\/2019\/06\/MercadilloSolidario2019_8-1-768x512.jpeg 768w, https:\/\/tucomarca.whitekongsoftware.com\/wp-content\/uploads\/2019\/06\/MercadilloSolidario2019_8-1-1024x683.jpeg 1024w\" sizes=\"auto, (max-width: 300px) 100vw, 300px\" \/><\/a>\n\t\t\t<\/div><\/figure><figure class='gallery-item'>\n\t\t\t<div class='gallery-icon landscape'>\n\t\t\t\t<a href='https:\/\/tucomarca.whitekongsoftware.com\/ca\/fotogaleria-els-centres-escolars-de-xest-recapten-1-061-euros-al-mercat-solidari-2019\/mercadillosolidario2019_9-2\/'><img loading=\"lazy\" decoding=\"async\" width=\"300\" height=\"200\" src=\"https:\/\/tucomarca.whitekongsoftware.com\/wp-content\/uploads\/2019\/06\/MercadilloSolidario2019_9-300x200.jpeg\" class=\"attachment-medium size-medium\" alt=\"\" srcset=\"https:\/\/tucomarca.whitekongsoftware.com\/wp-content\/uploads\/2019\/06\/MercadilloSolidario2019_9-300x200.jpeg 300w, https:\/\/tucomarca.whitekongsoftware.com\/wp-content\/uploads\/2019\/06\/MercadilloSolidario2019_9-768x512.jpeg 768w, https:\/\/tucomarca.whitekongsoftware.com\/wp-content\/uploads\/2019\/06\/MercadilloSolidario2019_9-1024x683.jpeg 1024w\" sizes=\"auto, (max-width: 300px) 100vw, 300px\" \/><\/a>\n\t\t\t<\/div><\/figure><figure class='gallery-item'>\n\t\t\t<div class='gallery-icon landscape'>\n\t\t\t\t<a href='https:\/\/tucomarca.whitekongsoftware.com\/ca\/fotogaleria-els-centres-escolars-de-xest-recapten-1-061-euros-al-mercat-solidari-2019\/mercadillosolidario2019_10-2\/'><img loading=\"lazy\" decoding=\"async\" width=\"300\" height=\"200\" src=\"https:\/\/tucomarca.whitekongsoftware.com\/wp-content\/uploads\/2019\/06\/MercadilloSolidario2019_10-300x200.jpeg\" class=\"attachment-medium size-medium\" alt=\"\" srcset=\"https:\/\/tucomarca.whitekongsoftware.com\/wp-content\/uploads\/2019\/06\/MercadilloSolidario2019_10-300x200.jpeg 300w, https:\/\/tucomarca.whitekongsoftware.com\/wp-content\/uploads\/2019\/06\/MercadilloSolidario2019_10-768x512.jpeg 768w, https:\/\/tucomarca.whitekongsoftware.com\/wp-content\/uploads\/2019\/06\/MercadilloSolidario2019_10-1024x683.jpeg 1024w\" sizes=\"auto, (max-width: 300px) 100vw, 300px\" \/><\/a>\n\t\t\t<\/div><\/figure><figure class='gallery-item'>\n\t\t\t<div class='gallery-icon landscape'>\n\t\t\t\t<a href='https:\/\/tucomarca.whitekongsoftware.com\/ca\/fotogaleria-els-centres-escolars-de-xest-recapten-1-061-euros-al-mercat-solidari-2019\/mercadillosolidario2019_11-2\/'><img loading=\"lazy\" decoding=\"async\" width=\"300\" height=\"200\" src=\"https:\/\/tucomarca.whitekongsoftware.com\/wp-content\/uploads\/2019\/06\/MercadilloSolidario2019_11-300x200.jpeg\" class=\"attachment-medium size-medium\" alt=\"\" srcset=\"https:\/\/tucomarca.whitekongsoftware.com\/wp-content\/uploads\/2019\/06\/MercadilloSolidario2019_11-300x200.jpeg 300w, https:\/\/tucomarca.whitekongsoftware.com\/wp-content\/uploads\/2019\/06\/MercadilloSolidario2019_11-768x512.jpeg 768w, https:\/\/tucomarca.whitekongsoftware.com\/wp-content\/uploads\/2019\/06\/MercadilloSolidario2019_11-1024x683.jpeg 1024w\" sizes=\"auto, (max-width: 300px) 100vw, 300px\" \/><\/a>\n\t\t\t<\/div><\/figure><figure class='gallery-item'>\n\t\t\t<div class='gallery-icon landscape'>\n\t\t\t\t<a href='https:\/\/tucomarca.whitekongsoftware.com\/ca\/fotogaleria-els-centres-escolars-de-xest-recapten-1-061-euros-al-mercat-solidari-2019\/mercadillosolidario2019_12-2\/'><img loading=\"lazy\" decoding=\"async\" width=\"300\" height=\"200\" src=\"https:\/\/tucomarca.whitekongsoftware.com\/wp-content\/uploads\/2019\/06\/MercadilloSolidario2019_12-300x200.jpeg\" class=\"attachment-medium size-medium\" alt=\"\" srcset=\"https:\/\/tucomarca.whitekongsoftware.com\/wp-content\/uploads\/2019\/06\/MercadilloSolidario2019_12-300x200.jpeg 300w, https:\/\/tucomarca.whitekongsoftware.com\/wp-content\/uploads\/2019\/06\/MercadilloSolidario2019_12-768x512.jpeg 768w, https:\/\/tucomarca.whitekongsoftware.com\/wp-content\/uploads\/2019\/06\/MercadilloSolidario2019_12-1024x683.jpeg 1024w\" sizes=\"auto, (max-width: 300px) 100vw, 300px\" \/><\/a>\n\t\t\t<\/div><\/figure><figure class='gallery-item'>\n\t\t\t<div class='gallery-icon landscape'>\n\t\t\t\t<a href='https:\/\/tucomarca.whitekongsoftware.com\/ca\/fotogaleria-els-centres-escolars-de-xest-recapten-1-061-euros-al-mercat-solidari-2019\/mercadillosolidario2019_13-2\/'><img loading=\"lazy\" decoding=\"async\" width=\"300\" height=\"200\" src=\"https:\/\/tucomarca.whitekongsoftware.com\/wp-content\/uploads\/2019\/06\/MercadilloSolidario2019_13-300x200.jpeg\" class=\"attachment-medium size-medium\" alt=\"\" srcset=\"https:\/\/tucomarca.whitekongsoftware.com\/wp-content\/uploads\/2019\/06\/MercadilloSolidario2019_13-300x200.jpeg 300w, https:\/\/tucomarca.whitekongsoftware.com\/wp-content\/uploads\/2019\/06\/MercadilloSolidario2019_13-768x512.jpeg 768w, https:\/\/tucomarca.whitekongsoftware.com\/wp-content\/uploads\/2019\/06\/MercadilloSolidario2019_13-1024x683.jpeg 1024w\" sizes=\"auto, (max-width: 300px) 100vw, 300px\" \/><\/a>\n\t\t\t<\/div><\/figure><figure class='gallery-item'>\n\t\t\t<div class='gallery-icon landscape'>\n\t\t\t\t<a href='https:\/\/tucomarca.whitekongsoftware.com\/ca\/fotogaleria-els-centres-escolars-de-xest-recapten-1-061-euros-al-mercat-solidari-2019\/mercadillosolidario2019_14-2\/'><img loading=\"lazy\" decoding=\"async\" width=\"300\" height=\"200\" src=\"https:\/\/tucomarca.whitekongsoftware.com\/wp-content\/uploads\/2019\/06\/MercadilloSolidario2019_14-300x200.jpeg\" class=\"attachment-medium size-medium\" alt=\"\" srcset=\"https:\/\/tucomarca.whitekongsoftware.com\/wp-content\/uploads\/2019\/06\/MercadilloSolidario2019_14-300x200.jpeg 300w, https:\/\/tucomarca.whitekongsoftware.com\/wp-content\/uploads\/2019\/06\/MercadilloSolidario2019_14-768x512.jpeg 768w, https:\/\/tucomarca.whitekongsoftware.com\/wp-content\/uploads\/2019\/06\/MercadilloSolidario2019_14-1024x683.jpeg 1024w\" sizes=\"auto, (max-width: 300px) 100vw, 300px\" \/><\/a>\n\t\t\t<\/div><\/figure><figure class='gallery-item'>\n\t\t\t<div class='gallery-icon landscape'>\n\t\t\t\t<a href='https:\/\/tucomarca.whitekongsoftware.com\/ca\/fotogaleria-els-centres-escolars-de-xest-recapten-1-061-euros-al-mercat-solidari-2019\/mercadillosolidario2019_15-2\/'><img loading=\"lazy\" decoding=\"async\" width=\"300\" height=\"200\" src=\"https:\/\/tucomarca.whitekongsoftware.com\/wp-content\/uploads\/2019\/06\/MercadilloSolidario2019_15-300x200.jpeg\" class=\"attachment-medium size-medium\" alt=\"\" srcset=\"https:\/\/tucomarca.whitekongsoftware.com\/wp-content\/uploads\/2019\/06\/MercadilloSolidario2019_15-300x200.jpeg 300w, https:\/\/tucomarca.whitekongsoftware.com\/wp-content\/uploads\/2019\/06\/MercadilloSolidario2019_15-768x512.jpeg 768w, https:\/\/tucomarca.whitekongsoftware.com\/wp-content\/uploads\/2019\/06\/MercadilloSolidario2019_15-1024x683.jpeg 1024w\" sizes=\"auto, (max-width: 300px) 100vw, 300px\" \/><\/a>\n\t\t\t<\/div><\/figure><figure class='gallery-item'>\n\t\t\t<div class='gallery-icon landscape'>\n\t\t\t\t<a href='https:\/\/tucomarca.whitekongsoftware.com\/ca\/fotogaleria-els-centres-escolars-de-xest-recapten-1-061-euros-al-mercat-solidari-2019\/mercadillosolidario2019_16-2\/'><img loading=\"lazy\" decoding=\"async\" width=\"300\" height=\"200\" src=\"https:\/\/tucomarca.whitekongsoftware.com\/wp-content\/uploads\/2019\/06\/MercadilloSolidario2019_16-300x200.jpeg\" class=\"attachment-medium size-medium\" alt=\"\" srcset=\"https:\/\/tucomarca.whitekongsoftware.com\/wp-content\/uploads\/2019\/06\/MercadilloSolidario2019_16-300x200.jpeg 300w, https:\/\/tucomarca.whitekongsoftware.com\/wp-content\/uploads\/2019\/06\/MercadilloSolidario2019_16-768x512.jpeg 768w, https:\/\/tucomarca.whitekongsoftware.com\/wp-content\/uploads\/2019\/06\/MercadilloSolidario2019_16-1024x683.jpeg 1024w\" sizes=\"auto, (max-width: 300px) 100vw, 300px\" \/><\/a>\n\t\t\t<\/div><\/figure>\n\t\t<\/div>\n\n","protected":false},"excerpt":{"rendered":"<div class=\"mh-excerpt\">Divendres passat, 31 de maig, es va celebrar un mercat solidari a la pla\u00e7a Doctor Cajal, organitzat pels centres escolars de Xest en col\u00b7laboraci\u00f3 amb la regidoria d&#8217;Educaci\u00f3, amb la finalitat de recaptar fons per <a class=\"mh-excerpt-more\" href=\"https:\/\/tucomarca.whitekongsoftware.com\/ca\/fotogaleria-els-centres-escolars-de-xest-recapten-1-061-euros-al-mercat-solidari-2019\/\" title=\"Fotogaleria: els centres escolars de Xest recapten 1.061 euros al mercat solidari 2019\">[+] <\/a><\/div>\n","protected":false},"author":2,"featured_media":87133,"comment_status":"open","ping_status":"open","sticky":false,"template":"","format":"standard","meta":{"footnotes":""},"categories":[10894,10912,11004,10896,10974],"tags":[11071,11109],"class_list":["post-87167","post","type-post","status-publish","format-standard","has-post-thumbnail","category-la-comarca-ca","category-la-hoya-ca","category-la-semana-en-imagenes-ca","category-seccion-ca","category-cheste-ca","tag-cheste","tag-xest"],"_links":{"self":[{"href":"https:\/\/tucomarca.whitekongsoftware.com\/ca\/wp-json\/wp\/v2\/posts\/87167","targetHints":{"allow":["GET"]}}],"collection":[{"href":"https:\/\/tucomarca.whitekongsoftware.com\/ca\/wp-json\/wp\/v2\/posts"}],"about":[{"href":"https:\/\/tucomarca.whitekongsoftware.com\/ca\/wp-json\/wp\/v2\/types\/post"}],"author":[{"embeddable":true,"href":"https:\/\/tucomarca.whitekongsoftware.com\/ca\/wp-json\/wp\/v2\/users\/2"}],"replies":[{"embeddable":true,"href":"https:\/\/tucomarca.whitekongsoftware.com\/ca\/wp-json\/wp\/v2\/comments?post=87167"}],"version-history":[{"count":0,"href":"https:\/\/tucomarca.whitekongsoftware.com\/ca\/wp-json\/wp\/v2\/posts\/87167\/revisions"}],"wp:featuredmedia":[{"embeddable":true,"href":"https:\/\/tucomarca.whitekongsoftware.com\/ca\/wp-json\/wp\/v2\/media\/87133"}],"wp:attachment":[{"href":"https:\/\/tucomarca.whitekongsoftware.com\/ca\/wp-json\/wp\/v2\/media?parent=87167"}],"wp:term":[{"taxonomy":"category","embeddable":true,"href":"https:\/\/tucomarca.whitekongsoftware.com\/ca\/wp-json\/wp\/v2\/categories?post=87167"},{"taxonomy":"post_tag","embeddable":true,"href":"https:\/\/tucomarca.whitekongsoftware.com\/ca\/wp-json\/wp\/v2\/tags?post=87167"}],"curies":[{"name":"wp","href":"https:\/\/api.w.org\/{rel}","templated":true}]}}