{"id":87108,"date":"2019-06-03T19:00:23","date_gmt":"2019-06-03T17:00:23","guid":{"rendered":"http:\/\/www.tucomarca.com\/wordpress\/segunda\/?p=87108"},"modified":"2019-06-03T19:00:23","modified_gmt":"2019-06-03T17:00:23","slug":"el-festival-de-musica-coral-i-el-concert-de-la-banda-badlands-posen-el-punt-i-final-al-cicle-de-musica-a-la-primavera-2019-a-xest","status":"publish","type":"post","link":"https:\/\/tucomarca.whitekongsoftware.com\/ca\/el-festival-de-musica-coral-i-el-concert-de-la-banda-badlands-posen-el-punt-i-final-al-cicle-de-musica-a-la-primavera-2019-a-xest\/","title":{"rendered":"El festival de m\u00fasica coral i el concert de la banda Badlands posen el punt i final al cicle de M\u00fasica a la primavera 2019 a Xest"},"content":{"rendered":"<div class=\"\">\n<figure id=\"attachment_87102\" aria-describedby=\"caption-attachment-87102\" style=\"width: 413px\" class=\"wp-caption alignleft\"><img loading=\"lazy\" decoding=\"async\" class=\" wp-image-87102\" src=\"http:\/\/www.tucomarca.com\/wordpress\/segunda\/wp-content\/uploads\/2019\/06\/CORALES01.jpg\" alt=\"El festival de m\u00fasica coral y el concierto de la banda Badlands ponen el broche de oro al ciclo de M\u00fasica en Primavera 2019.\" width=\"413\" height=\"275\" srcset=\"https:\/\/tucomarca.whitekongsoftware.com\/wp-content\/uploads\/2019\/06\/CORALES01.jpg 850w, https:\/\/tucomarca.whitekongsoftware.com\/wp-content\/uploads\/2019\/06\/CORALES01-300x200.jpg 300w, https:\/\/tucomarca.whitekongsoftware.com\/wp-content\/uploads\/2019\/06\/CORALES01-768x512.jpg 768w\" sizes=\"auto, (max-width: 413px) 100vw, 413px\" \/><figcaption id=\"caption-attachment-87102\" class=\"wp-caption-text\">El festival de m\u00fasica coral i el concert de la banda Badlands posen el punt i final al cicle de M\u00fasica a la primavera 2019.<\/figcaption><\/figure>\n<p>Despr\u00e9s d&#8217;un mes d&#8217;actuacions musicals, el cicle de M\u00fasica a la primavera 2019 arribava a la seva fi el passat cap de setmana, amb la celebraci\u00f3 d&#8217;un festival coral, el dissabte 1 de juny, en qu\u00e8 van participar les corals Cant\u00e1bile de Xest, Vicent Ribes Turis i Cor del Centre Instructiu Musical de Benimaclet, i l&#8217;actuaci\u00f3 de la coneguda banda valenciana Badlands, ahir diumenge, 2 de juny.<br \/>\n&#8220;En aquesta edici\u00f3 del cicle de M\u00fasica a la primavera hem intentat portar actuacions de tots els estils, d&#8217;alta qualitat i, en la majoria d&#8217;ocasions, amb la participaci\u00f3 de m\u00fasics de marca valenciana, donant ress\u00f2 a la cultura de la nostra zona. A m\u00e9s, aquest fet, ens permet el patrocini de Culturarts, de manera que les actuacions compten amb una part subvencionada i tenen menor cost per a l&#8217;Ajuntament &#8220;, declarava la regidora de Cultura, M\u00aa \u00c1ngeles Llorente.<\/p>\n<p><strong>Festival coral<\/strong><br \/>\nEl cap de setmana s&#8217;obria amb l&#8217;actuaci\u00f3 de les corals Cant\u00e1bile de Xest, Vicent Ribes Tur\u00eds i Cor del Centre Instructiu Musical de Benimaclet, dissabte, a la pla\u00e7a Doctor Cajal. Un Festival Coral incl\u00f2s en la XVI campanya de Concerts d&#8217;Intercanvis musicals promoguda per la Federaci\u00f3 de Societats Musicals de la Comunitat Valenciana.<\/p>\n<p>&#8220;En aquesta celebraci\u00f3 del cicle de M\u00fasica a la primavera no podia faltar la m\u00fasica coral polif\u00f2nica. El cant coral adquireix un elevat sentit social en unir en agrupacions corals a \u00e9ssers humans de diferents cercles culturals, estrats socials, creences, sexes i edats. \u00c9s una activitat que fomenta la companyonia, la sensibilitat, el respecte i la toler\u00e0ncia &#8220;, van presentar a l&#8217;inici de l&#8217;acte membres de la coral Cant\u00e1bile de Xest.<\/p>\n<p>El cor del CIM Benimaclet, creat el 1996 i que ara dirigeix \u200b\u200bGemma Morales, va ser l&#8217;encarregat d&#8217;obrir la primera part del festival, acompanyat per Arturo Asensi al piano. Van interpretar les can\u00e7ons Gaudete, Kyrie, Jo vinc a oferir el meu cor, Maitechu meva, L&#8217;\u00faltim caf\u00e8, La nit (Blue Moon), Idil\u00b7li, La trompa i el fill i tramussos d&#8217;\u00c0frica. Durant la segona part, la coral Cant\u00e1bile de Xest al costat del cor Vicent Ribes de Tur\u00eds, van interpretar can\u00e7ons de John Lennon i Paul McCartney: Love me do, Let it be, Can not buy me love, She loves you, Yesterday, Ob- la-Di Ob-la-Da i All my loving, seguides de la can\u00e7\u00f3 Bohemian Rhapsody, de la banda Queen, amb l&#8217;acompanyament de Jos\u00e9 Enrique Soriano a la guitarra, Manuel Morales al piano i Dani Mar\u00edn amb la bateria. Tot aix\u00f2 sota la direcci\u00f3 de Marta M\u00e1rmol.<\/p>\n<\/div>\n<div class=\"\"><\/div>\n<div class=\"\"><span class=\"\"><b class=\"\">Badlands en concert<\/b><\/span><\/div>\n<div class=\"\">\n<figure id=\"attachment_87104\" aria-describedby=\"caption-attachment-87104\" style=\"width: 401px\" class=\"wp-caption alignleft\"><img loading=\"lazy\" decoding=\"async\" class=\" wp-image-87104\" src=\"http:\/\/www.tucomarca.com\/wordpress\/segunda\/wp-content\/uploads\/2019\/06\/12_Badlands.jpg\" alt=\"\" width=\"401\" height=\"267\" srcset=\"https:\/\/tucomarca.whitekongsoftware.com\/wp-content\/uploads\/2019\/06\/12_Badlands.jpg 5472w, https:\/\/tucomarca.whitekongsoftware.com\/wp-content\/uploads\/2019\/06\/12_Badlands-300x200.jpg 300w, https:\/\/tucomarca.whitekongsoftware.com\/wp-content\/uploads\/2019\/06\/12_Badlands-768x512.jpg 768w, https:\/\/tucomarca.whitekongsoftware.com\/wp-content\/uploads\/2019\/06\/12_Badlands-1024x683.jpg 1024w\" sizes=\"auto, (max-width: 401px) 100vw, 401px\" \/><figcaption id=\"caption-attachment-87104\" class=\"wp-caption-text\">Bandlands en concert.<\/figcaption><\/figure>\n<\/div>\n<div class=\"\">\n<p>El cicle &#8220;M\u00fasica a la primavera&#8221; arribava a la seva fi ahir amb l&#8217;actuaci\u00f3 de Badlands. &#8220;Aquest grup, creat el 2014, en tan sols cinc anys s&#8217;ha fet un lloc en l&#8217;escena musical valenciana i nacional, oferint un so reconeixible, c\u00e0lid i \u00fanic que els ha portat a tocar en totes les sales importants del territori nacional i guanyar concursos com Sona la Dipu, el 2015, el concurs nacional de la Uni\u00f3 Musical Espanyola, en 2016, o Mad Cool Talent, el 2018 &#8220;, anunciava la regidora de Cultura, M\u00aa \u00c1ngeles Llorente, abans que comenc\u00e9s el concert. &#8220;Aquesta banda ha participat en escenaris de festivals de renom, com el Mad Cool Festival, el Granada Sound, En Clau d&#8217;Aigua, el Primavera Sound, el Sonorama o el MotgoRock Festival, entre d&#8217;altres&#8221;.<\/p>\n<p>La banda Badlands, integrada per May Ib\u00e1\u00f1ez (veu), Ra\u00fal Pru\u00f1onosa (banjo i guitarra ac\u00fastica), Guillermo Giner (guitarra ac\u00fastica i el\u00e8ctrica), Rafa Adri\u00e1n (viol\u00ed i teclat), Ben Wirjosemito (bateria) i Andr\u00e9s Marc (contrabaix), va captivar el p\u00fablic amb el seu caracter\u00edstic estil que combina el country, el folk i el bluegrass, i va acabar la seva actuaci\u00f3 rebent l&#8217;ovaci\u00f3 de totes i tots els espectadors, que fins i tot es van animar a aixecar-se i ballar les \u00faltimes can\u00e7ons.<\/p>\n<p>&#8220;L&#8217;any passat Badlands va comen\u00e7ar la seva gira de 2018 amb un doble ple a la sala Russafa de Val\u00e8ncia i l&#8217;acabava al desembre amb un ple al Palau de la M\u00fasica. Durant aquests mesos han recorregut tot el pa\u00eds i han presentat un EP del que ser\u00e0 el seu pr\u00f2xim \u00e0lbum. La gira 2019, que avui els porta a Xest, va arrencar a Madrid, tamb\u00e9 amb entrades esgotades a la Sala Xaloc. Entre molts concerts, el proper mes estaran al festival Huercasa Country Festival, amb un cartell de refer\u00e8ncia en el panorama internacional &#8220;, destacava la regidora en la presentaci\u00f3 del concert.<\/p>\n<\/div>\n","protected":false},"excerpt":{"rendered":"<div class=\"mh-excerpt\">Despr\u00e9s d&#8217;un mes d&#8217;actuacions musicals, el cicle de M\u00fasica a la primavera 2019 arribava a la seva fi el passat cap de setmana, amb la celebraci\u00f3 d&#8217;un festival coral, el dissabte 1 de juny, en <a class=\"mh-excerpt-more\" href=\"https:\/\/tucomarca.whitekongsoftware.com\/ca\/el-festival-de-musica-coral-i-el-concert-de-la-banda-badlands-posen-el-punt-i-final-al-cicle-de-musica-a-la-primavera-2019-a-xest\/\" title=\"El festival de m\u00fasica coral i el concert de la banda Badlands posen el punt i final al cicle de M\u00fasica a la primavera 2019 a Xest\">[+] <\/a><\/div>\n","protected":false},"author":2,"featured_media":87103,"comment_status":"open","ping_status":"open","sticky":false,"template":"","format":"standard","meta":{"footnotes":""},"categories":[11005,10912,11007,10896,10974],"tags":[11071,11109],"class_list":["post-87108","post","type-post","status-publish","format-standard","has-post-thumbnail","category-canal-musica","category-la-hoya-ca","category-ocio-y-cultura-ca","category-seccion-ca","category-cheste-ca","tag-cheste","tag-xest"],"_links":{"self":[{"href":"https:\/\/tucomarca.whitekongsoftware.com\/ca\/wp-json\/wp\/v2\/posts\/87108","targetHints":{"allow":["GET"]}}],"collection":[{"href":"https:\/\/tucomarca.whitekongsoftware.com\/ca\/wp-json\/wp\/v2\/posts"}],"about":[{"href":"https:\/\/tucomarca.whitekongsoftware.com\/ca\/wp-json\/wp\/v2\/types\/post"}],"author":[{"embeddable":true,"href":"https:\/\/tucomarca.whitekongsoftware.com\/ca\/wp-json\/wp\/v2\/users\/2"}],"replies":[{"embeddable":true,"href":"https:\/\/tucomarca.whitekongsoftware.com\/ca\/wp-json\/wp\/v2\/comments?post=87108"}],"version-history":[{"count":0,"href":"https:\/\/tucomarca.whitekongsoftware.com\/ca\/wp-json\/wp\/v2\/posts\/87108\/revisions"}],"wp:featuredmedia":[{"embeddable":true,"href":"https:\/\/tucomarca.whitekongsoftware.com\/ca\/wp-json\/wp\/v2\/media\/87103"}],"wp:attachment":[{"href":"https:\/\/tucomarca.whitekongsoftware.com\/ca\/wp-json\/wp\/v2\/media?parent=87108"}],"wp:term":[{"taxonomy":"category","embeddable":true,"href":"https:\/\/tucomarca.whitekongsoftware.com\/ca\/wp-json\/wp\/v2\/categories?post=87108"},{"taxonomy":"post_tag","embeddable":true,"href":"https:\/\/tucomarca.whitekongsoftware.com\/ca\/wp-json\/wp\/v2\/tags?post=87108"}],"curies":[{"name":"wp","href":"https:\/\/api.w.org\/{rel}","templated":true}]}}