{"id":87095,"date":"2019-06-03T19:29:40","date_gmt":"2019-06-03T17:29:40","guid":{"rendered":"http:\/\/www.tucomarca.com\/wordpress\/segunda\/?p=87095"},"modified":"2019-06-03T19:29:40","modified_gmt":"2019-06-03T17:29:40","slug":"utiel-senyalitza-el-recorregut-del-cami-de-santiago","status":"publish","type":"post","link":"https:\/\/tucomarca.whitekongsoftware.com\/ca\/utiel-senyalitza-el-recorregut-del-cami-de-santiago\/","title":{"rendered":"Utiel senyalitza el recorregut del Cam\u00ed de Santiago"},"content":{"rendered":"<figure id=\"attachment_87092\" aria-describedby=\"caption-attachment-87092\" style=\"width: 533px\" class=\"wp-caption alignleft\"><img loading=\"lazy\" decoding=\"async\" class=\" wp-image-87092\" src=\"http:\/\/www.tucomarca.com\/wordpress\/segunda\/wp-content\/uploads\/2019\/06\/UtielSantiago.jpg\" alt=\"Los peregrinos pueden sellar las credenciales en varios puntos del municipio.\" width=\"533\" height=\"400\" srcset=\"https:\/\/tucomarca.whitekongsoftware.com\/wp-content\/uploads\/2019\/06\/UtielSantiago.jpg 1292w, https:\/\/tucomarca.whitekongsoftware.com\/wp-content\/uploads\/2019\/06\/UtielSantiago-300x225.jpg 300w, https:\/\/tucomarca.whitekongsoftware.com\/wp-content\/uploads\/2019\/06\/UtielSantiago-768x576.jpg 768w, https:\/\/tucomarca.whitekongsoftware.com\/wp-content\/uploads\/2019\/06\/UtielSantiago-1024x768.jpg 1024w\" sizes=\"auto, (max-width: 533px) 100vw, 533px\" \/><figcaption id=\"caption-attachment-87092\" class=\"wp-caption-text\">Els pelegrins poden segellar les credencials en diversos punts del municipi.<\/figcaption><\/figure>\n<p>&#8220;Feli\u00e7 de tu pelegr\u00ed quan descobreixes que no importa la meta, sin\u00f3 el cam\u00ed &#8230;&#8221; Amb aquest missatge inicial i una descripci\u00f3 de la hist\u00f2ria, patrimoni i tradici\u00f3 vitivin\u00edcola de la ciutat, Utiel d\u00f3na la benvinguda als pelegrins al seu pas per el municipi.<\/p>\n<p>La Regidoria de Turisme de l&#8217;Ajuntament d&#8217;Utiel ha senyalitzat l&#8217;itinerari del Cam\u00ed de Santiago al seu pas per la localitat i ha col\u00b7locat un panell informatiu on el visitant trobar\u00e0 una descripci\u00f3 dels recursos tur\u00edstics que ofereix Utiel, llocs i edificis d&#8217;inter\u00e8s, qu\u00e8 visitar , on dormir &#8230;<\/p>\n<p>El panell est\u00e0 ubicat a l&#8217;\u00e0rea del Batanejo i \u00e9s el punt de partida del recorregut urb\u00e0 que el visitant pot realitzar seguint les senyalitzacions amb la ic\u00f2nica petxina de pelegr\u00ed que es trobaran representada a les rajoles ubicats en fa\u00e7anes o en format met\u00e0l\u00b7lic en el paviment.<\/p>\n<p>L&#8217;itinerari d&#8217;aproximadament 1.5 km s&#8217;inicia pel marge esquerre del Riu Magre, creuant la N-III, fins arribar al cam\u00ed del Batanejo on es troba el cartell de benvinguda a Utiel. El pelegr\u00ed continuar\u00e0 pel Carrer Cam\u00ed, Carrer Reial, Pla\u00e7a Ajuntament, Pla\u00e7a Miguel Ballesteros, Carrer Fidel Garc\u00eda Berlanga i continuar\u00e0 pel Cam\u00ed Vell de les Cases.<\/p>\n<p>El recorregut forma part del cam\u00ed de Val\u00e8ncia a Monteagudo de les Salines que s&#8217;uneix a la Ruta de la Llana (Alacant-Burgos) i enlla\u00e7a amb el Cam\u00ed Franc\u00e8s fins arribar a la destinaci\u00f3 final a Santiago de Compostel\u00b7la.<\/p>\n<p>Els pelegrins podran segellar les credencials en diferents edificis a Utiel: Casa de Cultura, Ajuntament, Oficina de Turisme i depend\u00e8ncies de la Policia Local.<\/p>\n<p>La credencial del pelegr\u00ed \u00e9s un dels distintius m\u00e9s importants del Cam\u00ed de Sant Jaume i permet assolir la Compostel\u00b7la demostrant que s&#8217;han fet com a m\u00ednim els \u00faltims 100 quil\u00f2metres fins a Santiago a peu o a cavall o els \u00faltims 200 quil\u00f2metres en bicicleta.<\/p>\n<p>Utiel se suma aix\u00ed a la ruta m\u00e9s antiga, m\u00e9s concorreguda i m\u00e9s celebrada del vell continent, el pelegrinatge cristiana del Cam\u00ed de Sant Jaume considerada Itinerari Cultural Europeu pel Consell d&#8217;Europa i Patrimoni de la Humanitat per la Unesco.<\/p>\n","protected":false},"excerpt":{"rendered":"<div class=\"mh-excerpt\">&#8220;Feli\u00e7 de tu pelegr\u00ed quan descobreixes que no importa la meta, sin\u00f3 el cam\u00ed &#8230;&#8221; Amb aquest missatge inicial i una descripci\u00f3 de la hist\u00f2ria, patrimoni i tradici\u00f3 vitivin\u00edcola de la ciutat, Utiel d\u00f3na la <a class=\"mh-excerpt-more\" href=\"https:\/\/tucomarca.whitekongsoftware.com\/ca\/utiel-senyalitza-el-recorregut-del-cami-de-santiago\/\" title=\"Utiel senyalitza el recorregut del Cam\u00ed de Santiago\">[+] <\/a><\/div>\n","protected":false},"author":1,"featured_media":0,"comment_status":"open","ping_status":"open","sticky":false,"template":"","format":"standard","meta":{"footnotes":""},"categories":[10894,11007,10909,10896,11059],"tags":[10910],"class_list":["post-87095","post","type-post","status-publish","format-standard","category-la-comarca-ca","category-ocio-y-cultura-ca","category-requena-utiel-ca","category-seccion-ca","category-utiel-ca","tag-requena-utiel-ca"],"_links":{"self":[{"href":"https:\/\/tucomarca.whitekongsoftware.com\/ca\/wp-json\/wp\/v2\/posts\/87095","targetHints":{"allow":["GET"]}}],"collection":[{"href":"https:\/\/tucomarca.whitekongsoftware.com\/ca\/wp-json\/wp\/v2\/posts"}],"about":[{"href":"https:\/\/tucomarca.whitekongsoftware.com\/ca\/wp-json\/wp\/v2\/types\/post"}],"author":[{"embeddable":true,"href":"https:\/\/tucomarca.whitekongsoftware.com\/ca\/wp-json\/wp\/v2\/users\/1"}],"replies":[{"embeddable":true,"href":"https:\/\/tucomarca.whitekongsoftware.com\/ca\/wp-json\/wp\/v2\/comments?post=87095"}],"version-history":[{"count":0,"href":"https:\/\/tucomarca.whitekongsoftware.com\/ca\/wp-json\/wp\/v2\/posts\/87095\/revisions"}],"wp:attachment":[{"href":"https:\/\/tucomarca.whitekongsoftware.com\/ca\/wp-json\/wp\/v2\/media?parent=87095"}],"wp:term":[{"taxonomy":"category","embeddable":true,"href":"https:\/\/tucomarca.whitekongsoftware.com\/ca\/wp-json\/wp\/v2\/categories?post=87095"},{"taxonomy":"post_tag","embeddable":true,"href":"https:\/\/tucomarca.whitekongsoftware.com\/ca\/wp-json\/wp\/v2\/tags?post=87095"}],"curies":[{"name":"wp","href":"https:\/\/api.w.org\/{rel}","templated":true}]}}