{"id":87084,"date":"2019-06-03T18:23:52","date_gmt":"2019-06-03T16:23:52","guid":{"rendered":"http:\/\/www.tucomarca.com\/wordpress\/segunda\/?p=87084"},"modified":"2019-06-03T18:23:52","modified_gmt":"2019-06-03T16:23:52","slug":"la-penya-taurina-el-torico-de-xiva-inaugura-les-seues-renovats-torils-en-que-shan-invertit-30-000-euros","status":"publish","type":"post","link":"https:\/\/tucomarca.whitekongsoftware.com\/ca\/la-penya-taurina-el-torico-de-xiva-inaugura-les-seues-renovats-torils-en-que-shan-invertit-30-000-euros\/","title":{"rendered":"La penya taurina \u00abEl Torico\u00bb de Xiva inaugura les seues renovats torils en qu\u00e8 s&#8217;han invertit 30.000 euros"},"content":{"rendered":"<figure id=\"attachment_87081\" aria-describedby=\"caption-attachment-87081\" style=\"width: 644px\" class=\"wp-caption alignnone\"><img loading=\"lazy\" decoding=\"async\" class=\" wp-image-87081\" src=\"http:\/\/www.tucomarca.com\/wordpress\/segunda\/wp-content\/uploads\/2019\/06\/ChivaToriles.jpg\" alt=\"Al finalizar la jornada se han inaugurado los renovados toriles de la Pe\u00f1a del Torico de Chiva en los que se han invertido 30.000 euros.\" width=\"644\" height=\"427\" srcset=\"https:\/\/tucomarca.whitekongsoftware.com\/wp-content\/uploads\/2019\/06\/ChivaToriles.jpg 2256w, https:\/\/tucomarca.whitekongsoftware.com\/wp-content\/uploads\/2019\/06\/ChivaToriles-300x199.jpg 300w, https:\/\/tucomarca.whitekongsoftware.com\/wp-content\/uploads\/2019\/06\/ChivaToriles-768x509.jpg 768w, https:\/\/tucomarca.whitekongsoftware.com\/wp-content\/uploads\/2019\/06\/ChivaToriles-1024x679.jpg 1024w\" sizes=\"auto, (max-width: 644px) 100vw, 644px\" \/><figcaption id=\"caption-attachment-87081\" class=\"wp-caption-text\">En finalitzar la jornada s&#8217;han inaugurat els renovats torils de la Penya del Torico de Xiva en qu\u00e8 s&#8217;han invertit 30.000 euros.<\/figcaption><\/figure>\n<p>L&#8217;Associaci\u00f3 Penya del Torico de Xiva ha organitzat a la Societat de Socors &#8216;La M\u00fatua&#8217; de Xiva les Jornades Taurines Vila de Chiva 2019. \u00abCom cada any, aquestes Jornades gaudeixen s\u00f3n de gran inter\u00e8s per als habitants d&#8217;aquesta localitat i m\u00e9s en aquesta ocasi\u00f3, on s&#8217;han presentat moltes novetats i s&#8217;han inaugurat els renovats torils de la Penya del Torico de Xiva. L&#8217;acte ha comptat amb una \u00e0mplia representaci\u00f3 dels regidors de l&#8217;Ajuntament \u00bb, tal com han informat fonts de la penya.<\/p>\n<p>\u00abUn dels actes m\u00e9s emotius va ser la presentaci\u00f3 del document m\u00e9s antic trobat fins ara que parla de la festa del Torico. Juan Carri\u00f3n, cronista oficial de la Vila, ha estat l&#8217;encarregat de mostrar i explicar aquest document, pertanyent a l&#8217;Arxiu Municipal, en el qual apareixen notes des de 1648 a 1662 e on es poden trobar les primeres refer\u00e8ncies escrites dels principals celebracions de la poblaci\u00f3 i de les festes de Sant Roc \u00bb.<\/p>\n<p>A m\u00e9s, durant les Jornades s&#8217;ha presentat el cartell de les festes del Torico de 2019, que ha realitzat el dissenyador valenci\u00e0 Eugenio Sim\u00f3. \u00abTant bou com badana, han estat les fonts d&#8217;inspiraci\u00f3 per a la composici\u00f3 gr\u00e0fica del cartell. La idea del bou, pe\u00e7a fonamental de la celebraci\u00f3, est\u00e0 present en el fons negre. Per la seva banda, la badana est\u00e0 representada en la borla que adorna, juntament amb miralls i llanes, la badana col\u00b7locada a manera de corona en el cap del bou, amb la doble finalitat de protegir a l&#8217;animal i subjectar la corda \u00bb.<\/p>\n<p>Eugenio Sim\u00f3 ha fonamentat el desenvolupament t\u00e8cnic del cartell \u00aben l&#8217;aparen\u00e7a i colors caracter\u00edstics de borla i badana, descomponent les seves figures fins aconseguir, mitjan\u00e7ant formes geom\u00e8triques, triangles, quadrats, cercles i colors plans, sintetitzar la imatge, mantenint, d&#8217;altra banda, el seu reconeixement i ess\u00e8ncia, en el desenvolupament mateix del treball podem observar com s&#8217;ha anat modelant una imatge esquem\u00e0tica de la pr\u00f2pia badana \u00bb.<\/p>\n<p>Tamb\u00e9 s&#8217;ha aprofitat aquesta jornada per lliurar els premis a les ramaderies Repta de Casta Navarra de Grocin (Navarra) i BERGARAKO Zezenak de Vergara (Guip\u00fascoa), vencedores de la XIV Concurs Nacional de Ramaderies de Toro de Corda Vila de Chiva, celebrat a l&#8217;agost de 2018.<\/p>\n<p>Un altre de les novetats exposades durant la jornada ha estat la presentaci\u00f3 de la renovada imatge gr\u00e0fica de l&#8217;Associaci\u00f3, aix\u00ed com la seva nova web, la seva pres\u00e8ncia en xarxes socials i al canal de Youtube i la campanya de comunicaci\u00f3 de la Penya del Torico de Xiva .<\/p>\n<p>En acabar l&#8217;acte, els assistents s&#8217;han traslladat a la seu de la Penya del Torico de Xiva, per inaugurar els renovats torils de la Penya del Torico de Xiva. \u00abEpicentre de la festa, els torils s\u00f3n un lloc molt especial per als chivanos. \u00c9s on comen\u00e7a i acaba la carrera del torico ia m\u00e9s van ser constru\u00efts per col\u00b7laboraci\u00f3 popular. El local tamb\u00e9 \u00e9s utilitzat durant tot l&#8217;any com a centre d&#8217;exposicions \u00bb, han subratllat des de la penya.<\/p>\n<p>\u00abA la fi de 2018 es va decidir emprendre una important inversi\u00f3 per renovar-los. Les obres, finan\u00e7ades per l&#8217;Ajuntament de Chiva amb una partida de 30.000 euros, han durat sis mesos i han perm\u00e8s adequar unes instal\u00b7lacions que necessitaven una intervenci\u00f3 per millorar la funci\u00f3 tan important que presten. Els torils han ampliat de cinc a set corrals, comunicats entre si per millorar la c\u00e0rrega i desc\u00e0rrega dels toros. A m\u00e9s, s&#8217;ha instal\u00b7lat un sistema de refrigeraci\u00f3 per aire i un porto per col\u00b7locar la badana el toro, evitant que perdi el seu fons f\u00edsic i augmentant la seguretat per a les persones. Els renovats torils s\u00f3n un exemple de com tenim cura de la protecci\u00f3 del toro a Chiva fins a l&#8217;\u00faltim detall. I tamb\u00e9 demostren que amb la col\u00b7laboraci\u00f3 entre la Penya i l&#8217;Ajuntament es poden fer moltes coses per conservar tot el que d\u00f3na riquesa i valor a la festa \u00bb, ha afirmat Javier Tar\u00edn, president de l&#8217;Associaci\u00f3 Penya Taurina del Torico de Xiva.<\/p>\n<p>Les Jornades Taurines Vila de Chiva 2019 no s&#8217;han oblidat dels m\u00e9s joves. Al mat\u00ed, els petits han pogut gaudir de castells inflables i jocs per a nens al Passeig Argentina.<\/p>\n<p>Per la seva banda, l&#8217;alcalde en funcions de Chiva, Emilio Morales, tamb\u00e9 ha posat en valor aquesta col\u00b7laboraci\u00f3 i ha anunciat que s&#8217;han iniciat els tr\u00e0mits per aconseguir la declaraci\u00f3 de Festa d&#8217;Inter\u00e8s Tur\u00edstic Nacional per al Torico de la Cuerda.<\/p>\n<p>&nbsp;<\/p>\n","protected":false},"excerpt":{"rendered":"<div class=\"mh-excerpt\">L&#8217;Associaci\u00f3 Penya del Torico de Xiva ha organitzat a la Societat de Socors &#8216;La M\u00fatua&#8217; de Xiva les Jornades Taurines Vila de Chiva 2019. \u00abCom cada any, aquestes Jornades gaudeixen s\u00f3n de gran inter\u00e8s per <a class=\"mh-excerpt-more\" href=\"https:\/\/tucomarca.whitekongsoftware.com\/ca\/la-penya-taurina-el-torico-de-xiva-inaugura-les-seues-renovats-torils-en-que-shan-invertit-30-000-euros\/\" title=\"La penya taurina \u00abEl Torico\u00bb de Xiva inaugura les seues renovats torils en qu\u00e8 s&#8217;han invertit 30.000 euros\">[+] <\/a><\/div>\n","protected":false},"author":1,"featured_media":87082,"comment_status":"open","ping_status":"open","sticky":false,"template":"","format":"standard","meta":{"footnotes":""},"categories":[10948,10894,10912,11004,11008,10896,10975],"tags":[11129],"class_list":["post-87084","post","type-post","status-publish","format-standard","has-post-thumbnail","category-infraestructuras-ca","category-la-comarca-ca","category-la-hoya-ca","category-la-semana-en-imagenes-ca","category-pueblos-en-fiestas-ca","category-seccion-ca","category-chiva-ca","tag-xiva"],"_links":{"self":[{"href":"https:\/\/tucomarca.whitekongsoftware.com\/ca\/wp-json\/wp\/v2\/posts\/87084","targetHints":{"allow":["GET"]}}],"collection":[{"href":"https:\/\/tucomarca.whitekongsoftware.com\/ca\/wp-json\/wp\/v2\/posts"}],"about":[{"href":"https:\/\/tucomarca.whitekongsoftware.com\/ca\/wp-json\/wp\/v2\/types\/post"}],"author":[{"embeddable":true,"href":"https:\/\/tucomarca.whitekongsoftware.com\/ca\/wp-json\/wp\/v2\/users\/1"}],"replies":[{"embeddable":true,"href":"https:\/\/tucomarca.whitekongsoftware.com\/ca\/wp-json\/wp\/v2\/comments?post=87084"}],"version-history":[{"count":0,"href":"https:\/\/tucomarca.whitekongsoftware.com\/ca\/wp-json\/wp\/v2\/posts\/87084\/revisions"}],"wp:featuredmedia":[{"embeddable":true,"href":"https:\/\/tucomarca.whitekongsoftware.com\/ca\/wp-json\/wp\/v2\/media\/87082"}],"wp:attachment":[{"href":"https:\/\/tucomarca.whitekongsoftware.com\/ca\/wp-json\/wp\/v2\/media?parent=87084"}],"wp:term":[{"taxonomy":"category","embeddable":true,"href":"https:\/\/tucomarca.whitekongsoftware.com\/ca\/wp-json\/wp\/v2\/categories?post=87084"},{"taxonomy":"post_tag","embeddable":true,"href":"https:\/\/tucomarca.whitekongsoftware.com\/ca\/wp-json\/wp\/v2\/tags?post=87084"}],"curies":[{"name":"wp","href":"https:\/\/api.w.org\/{rel}","templated":true}]}}