{"id":87053,"date":"2019-06-03T19:35:51","date_gmt":"2019-06-03T17:35:51","guid":{"rendered":"http:\/\/www.tucomarca.com\/wordpress\/segunda\/?p=87053"},"modified":"2019-06-03T19:35:51","modified_gmt":"2019-06-03T17:35:51","slug":"la-regidoria-desports-de-bunyol-organitza-un-any-mes-el-campionat-de-futbol-sala-i-lescola-multiesport-per-a-aquest-estiu","status":"publish","type":"post","link":"https:\/\/tucomarca.whitekongsoftware.com\/ca\/la-regidoria-desports-de-bunyol-organitza-un-any-mes-el-campionat-de-futbol-sala-i-lescola-multiesport-per-a-aquest-estiu\/","title":{"rendered":"La Regidoria d&#8217;Esports de Bunyol organitza un any m\u00e9s el Campionat de Futbol Sala i l&#8217;Escola Multiesport per a aquest estiu"},"content":{"rendered":"<figure id=\"attachment_87048\" aria-describedby=\"caption-attachment-87048\" style=\"width: 281px\" class=\"wp-caption alignleft\"><img loading=\"lazy\" decoding=\"async\" class=\" wp-image-87048\" src=\"http:\/\/www.tucomarca.com\/wordpress\/segunda\/wp-content\/uploads\/2019\/06\/01.jpg\" alt=\"La Concejal\u00eda de Deportes de Bu\u00f1ol organiza un a\u00f1o m\u00e1s el Campeonato de F\u00fatbol Sala y la Escuela Multideporte para este verano.\" width=\"281\" height=\"397\" srcset=\"https:\/\/tucomarca.whitekongsoftware.com\/wp-content\/uploads\/2019\/06\/01.jpg 841w, https:\/\/tucomarca.whitekongsoftware.com\/wp-content\/uploads\/2019\/06\/01-212x300.jpg 212w, https:\/\/tucomarca.whitekongsoftware.com\/wp-content\/uploads\/2019\/06\/01-768x1087.jpg 768w, https:\/\/tucomarca.whitekongsoftware.com\/wp-content\/uploads\/2019\/06\/01-724x1024.jpg 724w\" sizes=\"auto, (max-width: 281px) 100vw, 281px\" \/><figcaption id=\"caption-attachment-87048\" class=\"wp-caption-text\">La Concejal\u00eda de Deportes de Bu\u00f1ol organiza un a\u00f1o m\u00e1s el Campeonato de F\u00fatbol Sala y la Escuela Multideporte para este verano.<\/figcaption><\/figure>\n<p>Un any m\u00e9s l&#8217;equip format per la regidoria d&#8217;Esports i l&#8217;Associaci\u00f3 Bunyol \u00c9s Esport organitzen aquestes dues activitats<\/p>\n<p>La Regidoria d&#8217;Esports de l&#8217;Ajuntament de Bu\u00f1ol ha informat de l&#8217;obertura d&#8217;inscripcions per al proper Campionat de Futbol Sala d&#8217;aquest estiu, que es desenvolupar\u00e0 del 25 de juny al 21 d&#8217;agost.<\/p>\n<p>Com en anys anteriors hi ha diferents categories per edats; s\u00e8nior mascul\u00ed (major de 16 anys), s\u00e8nior femen\u00ed (major de 16 anys), grans (de 13 a 15 anys), mitjans (de 10 a 12 anys) i petits (de 7 a 9 anys).<\/p>\n<p>Les quotes corresponents a cadascuna de les categories \u00e9s la seg\u00fcent: s\u00e8nior mascul\u00ed, 120 euros; s\u00e8nior femen\u00ed, 70 euros; grans, 60 euros; mitjans i petits, 30 euros. Tots els interessats poden inscriure a la consergeria del Pavell\u00f3 Municipal del Planell del 3 al 19 de juny.<\/p>\n<p>Per a m\u00e9s informaci\u00f3 es pot visitar el web www.bunyolesdeporte.com. Aquesta activitat est\u00e0 organitzada per l&#8217;associaci\u00f3 Bunyol \u00c9s Esport i la regidoria d&#8217;Esports de l&#8217;Ajuntament de Bu\u00f1ol. Aquest campionat es desenvolupar\u00e0, com sempre, a les instal\u00b7lacions del poliesportiu de la Piscina Municipal.<\/p>\n<p><strong>Escola Multiesport Bunyol<\/strong><\/p>\n<p>D&#8217;altra banda, Marta P\u00e9rez, regidor d&#8217;Esports del consistori bu\u00f1olense, destaca l&#8217;obertura d&#8217;inscripcions per participar a l&#8217;Escola Multiesport, que es desenvolupar\u00e0 del 25 de juny al 2 d&#8217;agost a les diverses instal\u00b7lacions esportives municipals en horari de 9 a 14h a un preu de 35 euros a la setmana, i amb un descompte de 5 euros al segon germ\u00e0 inscrit.<\/p>\n<p><img loading=\"lazy\" decoding=\"async\" class=\"wp-image-87050 alignright\" src=\"http:\/\/www.tucomarca.com\/wordpress\/segunda\/wp-content\/uploads\/2019\/06\/02.jpg\" alt=\"\" width=\"283\" height=\"401\" srcset=\"https:\/\/tucomarca.whitekongsoftware.com\/wp-content\/uploads\/2019\/06\/02.jpg 904w, https:\/\/tucomarca.whitekongsoftware.com\/wp-content\/uploads\/2019\/06\/02-212x300.jpg 212w, https:\/\/tucomarca.whitekongsoftware.com\/wp-content\/uploads\/2019\/06\/02-768x1087.jpg 768w, https:\/\/tucomarca.whitekongsoftware.com\/wp-content\/uploads\/2019\/06\/02-723x1024.jpg 723w\" sizes=\"auto, (max-width: 283px) 100vw, 283px\" \/><\/p>\n<p>Els xiquets que poden participar s\u00f3n els nascuts entre 2005 i 2014. Les disciplines esportives que es practicaran seran: frontenis, futbol sala, patinatge, p\u00e0del, tennis de taula, nataci\u00f3, orientaci\u00f3, atletisme, b\u00e0squet, tennis, b\u00e0dminton, escalada, handbol i tir amb arc. Tamb\u00e9 gaudiran de divertides excursions. &#8220;Una exclente idea promoguda per Bunyol \u00c9s Esport i aquesta regidoria per conciliar la vida laboral i familiar en el mes de juliol de manera que els nostres petits esportistes continu\u00efn fent esport, coneixent altres disciplines i divertint-se amb els seus amics a l&#8217;estiu&#8221;, va destacar P\u00e9rez. M\u00e9s informaci\u00f3 al web de Bunyol \u00c9s Esport.<\/p>\n","protected":false},"excerpt":{"rendered":"<div class=\"mh-excerpt\">Un any m\u00e9s l&#8217;equip format per la regidoria d&#8217;Esports i l&#8217;Associaci\u00f3 Bunyol \u00c9s Esport organitzen aquestes dues activitats La Regidoria d&#8217;Esports de l&#8217;Ajuntament de Bu\u00f1ol ha informat de l&#8217;obertura d&#8217;inscripcions per al proper Campionat de <a class=\"mh-excerpt-more\" href=\"https:\/\/tucomarca.whitekongsoftware.com\/ca\/la-regidoria-desports-de-bunyol-organitza-un-any-mes-el-campionat-de-futbol-sala-i-lescola-multiesport-per-a-aquest-estiu\/\" title=\"La Regidoria d&#8217;Esports de Bunyol organitza un any m\u00e9s el Campionat de Futbol Sala i l&#8217;Escola Multiesport per a aquest estiu\">[+] <\/a><\/div>\n","protected":false},"author":2,"featured_media":87049,"comment_status":"open","ping_status":"open","sticky":false,"template":"","format":"standard","meta":{"footnotes":""},"categories":[11019,10911,11003,11012,10912,11009,10896],"tags":[11314],"class_list":["post-87053","post","type-post","status-publish","format-standard","has-post-thumbnail","category-agenda-ca","category-bunol-ca","category-sports","category-futbol-sala-ca","category-la-hoya-ca","category-polideportivo-ca","category-seccion-ca","tag-bunyol-ca"],"_links":{"self":[{"href":"https:\/\/tucomarca.whitekongsoftware.com\/ca\/wp-json\/wp\/v2\/posts\/87053","targetHints":{"allow":["GET"]}}],"collection":[{"href":"https:\/\/tucomarca.whitekongsoftware.com\/ca\/wp-json\/wp\/v2\/posts"}],"about":[{"href":"https:\/\/tucomarca.whitekongsoftware.com\/ca\/wp-json\/wp\/v2\/types\/post"}],"author":[{"embeddable":true,"href":"https:\/\/tucomarca.whitekongsoftware.com\/ca\/wp-json\/wp\/v2\/users\/2"}],"replies":[{"embeddable":true,"href":"https:\/\/tucomarca.whitekongsoftware.com\/ca\/wp-json\/wp\/v2\/comments?post=87053"}],"version-history":[{"count":0,"href":"https:\/\/tucomarca.whitekongsoftware.com\/ca\/wp-json\/wp\/v2\/posts\/87053\/revisions"}],"wp:featuredmedia":[{"embeddable":true,"href":"https:\/\/tucomarca.whitekongsoftware.com\/ca\/wp-json\/wp\/v2\/media\/87049"}],"wp:attachment":[{"href":"https:\/\/tucomarca.whitekongsoftware.com\/ca\/wp-json\/wp\/v2\/media?parent=87053"}],"wp:term":[{"taxonomy":"category","embeddable":true,"href":"https:\/\/tucomarca.whitekongsoftware.com\/ca\/wp-json\/wp\/v2\/categories?post=87053"},{"taxonomy":"post_tag","embeddable":true,"href":"https:\/\/tucomarca.whitekongsoftware.com\/ca\/wp-json\/wp\/v2\/tags?post=87053"}],"curies":[{"name":"wp","href":"https:\/\/api.w.org\/{rel}","templated":true}]}}