{"id":86908,"date":"2019-05-27T14:42:20","date_gmt":"2019-05-27T12:42:20","guid":{"rendered":"http:\/\/www.tucomarca.com\/wordpress\/segunda\/?p=86908"},"modified":"2019-05-27T14:42:20","modified_gmt":"2019-05-27T12:42:20","slug":"el-psoe-de-bunyol-aposta-per-liderar-un-govern-municipal-desquerres-mes-fort-i-que-aglutini-a-tota-la-societat","status":"publish","type":"post","link":"https:\/\/tucomarca.whitekongsoftware.com\/ca\/el-psoe-de-bunyol-aposta-per-liderar-un-govern-municipal-desquerres-mes-fort-i-que-aglutini-a-tota-la-societat\/","title":{"rendered":"El PSOE de Bunyol aposta per &#8220;liderar un govern municipal d&#8217;esquerres m\u00e9s fort i que aglutini a tota la societat&#8221;"},"content":{"rendered":"<figure id=\"attachment_86905\" aria-describedby=\"caption-attachment-86905\" style=\"width: 282px\" class=\"wp-caption alignleft\"><img loading=\"lazy\" decoding=\"async\" class=\" wp-image-86905\" src=\"http:\/\/www.tucomarca.com\/wordpress\/segunda\/wp-content\/uploads\/2019\/05\/JuncalSierra.jpg\" alt=\"Marta P\u00e9rez junto a Juncal Carrascosa con Manuel Sierra.\" width=\"282\" height=\"376\" srcset=\"https:\/\/tucomarca.whitekongsoftware.com\/wp-content\/uploads\/2019\/05\/JuncalSierra.jpg 1200w, https:\/\/tucomarca.whitekongsoftware.com\/wp-content\/uploads\/2019\/05\/JuncalSierra-225x300.jpg 225w, https:\/\/tucomarca.whitekongsoftware.com\/wp-content\/uploads\/2019\/05\/JuncalSierra-768x1024.jpg 768w, https:\/\/tucomarca.whitekongsoftware.com\/wp-content\/uploads\/2019\/05\/JuncalSierra-1024x1364.jpg 1024w\" sizes=\"auto, (max-width: 282px) 100vw, 282px\" \/><figcaption id=\"caption-attachment-86905\" class=\"wp-caption-text\">Marta P\u00e9rez costat de Jonquera Carrascosa amb Manuel Serra la nit electoral.<\/figcaption><\/figure>\n<p>El PSOE de Bunyol, encap\u00e7alat per Juncal Carrascosa, \u00e9s &#8220;l&#8217;\u00fanic partit que creix respecte a fa quatre anys. Un regidor m\u00e9s i el m\u00e9s important: que un partit d&#8217;esquerra torna a guanyar les eleccions municipals a Bunyol, q\u00fcesti\u00f3 que no succe\u00efa des de 2007 &#8220;, tal com ha valorat el vicesecretari general i portaveu del PSOE de Bunyol, Manuel Serra Tamarit.<\/p>\n<p>&#8220;Hem repetit durant tota la campanya que l&#8217;esquerra no es podia conformar amb un pacte postelectoral, que calia donar un pas endavant i liderar la pol\u00edtica municipal des del mateix recompte dels vots. Sens dubte aquesta q\u00fcesti\u00f3 deu servir per formar un govern municipal m\u00e9s forta, amb uns objectius ambiciosos que aglutinen a associacions, empresaris i resta de societat civil al voltant d&#8217;un projecte de poble per a les seg\u00fcents generacions &#8220;, ha afegit el responsable org\u00e0nic socialista.<\/p>\n<p>&#8220;En aquesta vict\u00f2ria el grup municipal que no ho ha tingut gens f\u00e0cil, alguna cosa haur\u00e0 tingut a veure. Vam ser injustament q\u00fcestionats i aqu\u00ed hem estat, des del treball i l&#8217;honestedat, amb lleialtat a un quadripartit, per\u00f2 sense diluir-nos en ell i marcant el nostre segell propi, com a representants d&#8217;un for\u00e7a pol\u00edtica amb vocaci\u00f3 de majoria &#8220;, ha finalitzat Manuel Serra.<\/p>\n<p dir=\"ltr\">\n","protected":false},"excerpt":{"rendered":"<div class=\"mh-excerpt\">El PSOE de Bunyol, encap\u00e7alat per Juncal Carrascosa, \u00e9s &#8220;l&#8217;\u00fanic partit que creix respecte a fa quatre anys. Un regidor m\u00e9s i el m\u00e9s important: que un partit d&#8217;esquerra torna a guanyar les eleccions municipals <a class=\"mh-excerpt-more\" href=\"https:\/\/tucomarca.whitekongsoftware.com\/ca\/el-psoe-de-bunyol-aposta-per-liderar-un-govern-municipal-desquerres-mes-fort-i-que-aglutini-a-tota-la-societat\/\" title=\"El PSOE de Bunyol aposta per &#8220;liderar un govern municipal d&#8217;esquerres m\u00e9s fort i que aglutini a tota la societat&#8221;\">[+] <\/a><\/div>\n","protected":false},"author":1,"featured_media":86906,"comment_status":"open","ping_status":"open","sticky":false,"template":"","format":"standard","meta":{"footnotes":""},"categories":[10911,10898,10894,10904,10912,10947,10896],"tags":[10913,11314],"class_list":["post-86908","post","type-post","status-publish","format-standard","has-post-thumbnail","category-bunol-ca","category-ventana-ca","category-la-comarca-ca","category-sin-categorizar-ca","category-la-hoya-ca","category-politica","category-seccion-ca","tag-bunol-ca","tag-bunyol-ca"],"_links":{"self":[{"href":"https:\/\/tucomarca.whitekongsoftware.com\/ca\/wp-json\/wp\/v2\/posts\/86908","targetHints":{"allow":["GET"]}}],"collection":[{"href":"https:\/\/tucomarca.whitekongsoftware.com\/ca\/wp-json\/wp\/v2\/posts"}],"about":[{"href":"https:\/\/tucomarca.whitekongsoftware.com\/ca\/wp-json\/wp\/v2\/types\/post"}],"author":[{"embeddable":true,"href":"https:\/\/tucomarca.whitekongsoftware.com\/ca\/wp-json\/wp\/v2\/users\/1"}],"replies":[{"embeddable":true,"href":"https:\/\/tucomarca.whitekongsoftware.com\/ca\/wp-json\/wp\/v2\/comments?post=86908"}],"version-history":[{"count":0,"href":"https:\/\/tucomarca.whitekongsoftware.com\/ca\/wp-json\/wp\/v2\/posts\/86908\/revisions"}],"wp:featuredmedia":[{"embeddable":true,"href":"https:\/\/tucomarca.whitekongsoftware.com\/ca\/wp-json\/wp\/v2\/media\/86906"}],"wp:attachment":[{"href":"https:\/\/tucomarca.whitekongsoftware.com\/ca\/wp-json\/wp\/v2\/media?parent=86908"}],"wp:term":[{"taxonomy":"category","embeddable":true,"href":"https:\/\/tucomarca.whitekongsoftware.com\/ca\/wp-json\/wp\/v2\/categories?post=86908"},{"taxonomy":"post_tag","embeddable":true,"href":"https:\/\/tucomarca.whitekongsoftware.com\/ca\/wp-json\/wp\/v2\/tags?post=86908"}],"curies":[{"name":"wp","href":"https:\/\/api.w.org\/{rel}","templated":true}]}}