{"id":86746,"date":"2019-05-26T22:19:13","date_gmt":"2019-05-26T20:19:13","guid":{"rendered":"http:\/\/www.tucomarca.com\/wordpress\/segunda\/?p=86746"},"modified":"2019-05-26T22:20:37","modified_gmt":"2019-05-26T20:20:37","slug":"el-psoe-la-llista-mes-votada-a-xest-en-les-eleccions-europees-seguida-de-pp-i-ciutadans","status":"publish","type":"post","link":"https:\/\/tucomarca.whitekongsoftware.com\/ca\/el-psoe-la-llista-mes-votada-a-xest-en-les-eleccions-europees-seguida-de-pp-i-ciutadans\/","title":{"rendered":"El PSOE, la llista m\u00e9s votada a Xest en les eleccions europees, seguida de PP i Ciutadans"},"content":{"rendered":"<figure id=\"attachment_86749\" aria-describedby=\"caption-attachment-86749\" style=\"width: 473px\" class=\"wp-caption alignleft\"><img loading=\"lazy\" decoding=\"async\" class=\" wp-image-86749\" src=\"http:\/\/www.tucomarca.com\/wordpress\/segunda\/wp-content\/uploads\/2019\/05\/cheste_psoe.jpg\" alt=\"El PSOE ha sido la opci\u00f3n m\u00e1s votada en las elecciones europeas en Cheste.\" width=\"473\" height=\"316\" srcset=\"https:\/\/tucomarca.whitekongsoftware.com\/wp-content\/uploads\/2019\/05\/cheste_psoe.jpg 1616w, https:\/\/tucomarca.whitekongsoftware.com\/wp-content\/uploads\/2019\/05\/cheste_psoe-300x200.jpg 300w, https:\/\/tucomarca.whitekongsoftware.com\/wp-content\/uploads\/2019\/05\/cheste_psoe-768x513.jpg 768w, https:\/\/tucomarca.whitekongsoftware.com\/wp-content\/uploads\/2019\/05\/cheste_psoe-1024x684.jpg 1024w\" sizes=\"auto, (max-width: 473px) 100vw, 473px\" \/><figcaption id=\"caption-attachment-86749\" class=\"wp-caption-text\">El PSOE ha sido la opci\u00f3n m\u00e1s votada en las elecciones europeas en Cheste.<\/figcaption><\/figure>\n<p>El Partit Socialista ha estat la candidatura que ha sumat m\u00e9s sufragis aquest diumenge, 26 de maig, en els comicis europeus a Xest, on ha obtingut un total de 1.494 vots, a falta dels resultats oficials definitius.<\/p>\n<p>Les segona opci\u00f3 pol\u00edtica m\u00e9s votada en les europees ha estat el Partit Popular, que ha collit 956; seguida de Ciutadans amb 506 vots.<\/p>\n<p>En quart lloc ha quedat l&#8217;opci\u00f3 pol\u00edtica de Unides Podem, que ha obtingut 481 vots; en cinqu\u00e8 lloc Comprom\u00eds amb 252 vots i en sis\u00e8 lloc Vox amb 255.<\/p>\n","protected":false},"excerpt":{"rendered":"<div class=\"mh-excerpt\">El Partit Socialista ha estat la candidatura que ha sumat m\u00e9s sufragis aquest diumenge, 26 de maig, en els comicis europeus a Xest, on ha obtingut un total de 1.494 vots, a falta dels resultats <a class=\"mh-excerpt-more\" href=\"https:\/\/tucomarca.whitekongsoftware.com\/ca\/el-psoe-la-llista-mes-votada-a-xest-en-les-eleccions-europees-seguida-de-pp-i-ciutadans\/\" title=\"El PSOE, la llista m\u00e9s votada a Xest en les eleccions europees, seguida de PP i Ciutadans\">[+] <\/a><\/div>\n","protected":false},"author":1,"featured_media":86749,"comment_status":"open","ping_status":"open","sticky":false,"template":"","format":"standard","meta":{"footnotes":""},"categories":[10898,10894,10912,10947,10896,10974],"tags":[11109],"class_list":["post-86746","post","type-post","status-publish","format-standard","has-post-thumbnail","category-ventana-ca","category-la-comarca-ca","category-la-hoya-ca","category-politica","category-seccion-ca","category-cheste-ca","tag-xest"],"_links":{"self":[{"href":"https:\/\/tucomarca.whitekongsoftware.com\/ca\/wp-json\/wp\/v2\/posts\/86746","targetHints":{"allow":["GET"]}}],"collection":[{"href":"https:\/\/tucomarca.whitekongsoftware.com\/ca\/wp-json\/wp\/v2\/posts"}],"about":[{"href":"https:\/\/tucomarca.whitekongsoftware.com\/ca\/wp-json\/wp\/v2\/types\/post"}],"author":[{"embeddable":true,"href":"https:\/\/tucomarca.whitekongsoftware.com\/ca\/wp-json\/wp\/v2\/users\/1"}],"replies":[{"embeddable":true,"href":"https:\/\/tucomarca.whitekongsoftware.com\/ca\/wp-json\/wp\/v2\/comments?post=86746"}],"version-history":[{"count":0,"href":"https:\/\/tucomarca.whitekongsoftware.com\/ca\/wp-json\/wp\/v2\/posts\/86746\/revisions"}],"wp:featuredmedia":[{"embeddable":true,"href":"https:\/\/tucomarca.whitekongsoftware.com\/ca\/wp-json\/wp\/v2\/media\/86749"}],"wp:attachment":[{"href":"https:\/\/tucomarca.whitekongsoftware.com\/ca\/wp-json\/wp\/v2\/media?parent=86746"}],"wp:term":[{"taxonomy":"category","embeddable":true,"href":"https:\/\/tucomarca.whitekongsoftware.com\/ca\/wp-json\/wp\/v2\/categories?post=86746"},{"taxonomy":"post_tag","embeddable":true,"href":"https:\/\/tucomarca.whitekongsoftware.com\/ca\/wp-json\/wp\/v2\/tags?post=86746"}],"curies":[{"name":"wp","href":"https:\/\/api.w.org\/{rel}","templated":true}]}}