{"id":86438,"date":"2019-05-20T15:06:13","date_gmt":"2019-05-20T13:06:13","guid":{"rendered":"http:\/\/www.tucomarca.com\/wordpress\/segunda\/?p=86438"},"modified":"2019-05-20T15:09:02","modified_gmt":"2019-05-20T13:09:02","slug":"el-partit-socialista-de-bunyol-realitza-aquest-dimecres-el-seu-acte-de-campanya-amb-el-suport-al-seu-conservatori-del-el-secretari-autonomic-deducacio","status":"publish","type":"post","link":"https:\/\/tucomarca.whitekongsoftware.com\/ca\/el-partit-socialista-de-bunyol-realitza-aquest-dimecres-el-seu-acte-de-campanya-amb-el-suport-al-seu-conservatori-del-el-secretari-autonomic-deducacio\/","title":{"rendered":"El Partit Socialista de Bunyol realitza aquest dimecres el seu acte de campanya amb el suport al seu conservatori del secretari auton\u00f2mic d&#8217;Educaci\u00f3"},"content":{"rendered":"<figure id=\"attachment_86435\" aria-describedby=\"caption-attachment-86435\" style=\"width: 614px\" class=\"wp-caption alignleft\"><img loading=\"lazy\" decoding=\"async\" class=\" wp-image-86435\" src=\"http:\/\/www.tucomarca.com\/wordpress\/segunda\/wp-content\/uploads\/2019\/05\/PSOE.jpg\" alt=\"Cartel del acto de campa\u00f1a del PSOE en Bu\u00f1ol.\" width=\"614\" height=\"401\" srcset=\"https:\/\/tucomarca.whitekongsoftware.com\/wp-content\/uploads\/2019\/05\/PSOE.jpg 772w, https:\/\/tucomarca.whitekongsoftware.com\/wp-content\/uploads\/2019\/05\/PSOE-300x196.jpg 300w, https:\/\/tucomarca.whitekongsoftware.com\/wp-content\/uploads\/2019\/05\/PSOE-768x501.jpg 768w\" sizes=\"auto, (max-width: 614px) 100vw, 614px\" \/><figcaption id=\"caption-attachment-86435\" class=\"wp-caption-text\">Cartell de l&#8217;acte de campanya del PSOE a Bu\u00f1ol.<\/figcaption><\/figure>\n<p>El PSOE bu\u00f1olense t\u00e9 previst desenvolupar el seu principal acte de campanya aquest dimecres, 22 de maig, acompanyats pel secretari auton\u00f2mic d&#8217;Educaci\u00f3 i Investigaci\u00f3, Miquel Soler; i per la Consellera de Just\u00edcia, Reformes Democr\u00e0tiques i Llibertats P\u00fabliques, Gabriela Bravo.<\/p>\n<p>Un acte previst a les 19,00 hores a la Sala El Mercat a qu\u00e8 la candidata i actual alcaldessa, Jonquera Carrascosa, ha convidat a tota la ciutadania; i tamb\u00e9 ha destacat que Miquel Soler \u00abparticipar\u00e0 abans en una visita a l&#8217;antic IES per mostrar aix\u00ed el suport de les institucions valencianes al trasllat de la seu actual del conservatori a aquest edifici que anem a remodelar\u00bb.<\/p>\n","protected":false},"excerpt":{"rendered":"<div class=\"mh-excerpt\">El PSOE bu\u00f1olense t\u00e9 previst desenvolupar el seu principal acte de campanya aquest dimecres, 22 de maig, acompanyats pel secretari auton\u00f2mic d&#8217;Educaci\u00f3 i Investigaci\u00f3, Miquel Soler; i per la Consellera de Just\u00edcia, Reformes Democr\u00e0tiques i <a class=\"mh-excerpt-more\" href=\"https:\/\/tucomarca.whitekongsoftware.com\/ca\/el-partit-socialista-de-bunyol-realitza-aquest-dimecres-el-seu-acte-de-campanya-amb-el-suport-al-seu-conservatori-del-el-secretari-autonomic-deducacio\/\" title=\"El Partit Socialista de Bunyol realitza aquest dimecres el seu acte de campanya amb el suport al seu conservatori del secretari auton\u00f2mic d&#8217;Educaci\u00f3\">[+] <\/a><\/div>\n","protected":false},"author":1,"featured_media":86436,"comment_status":"open","ping_status":"open","sticky":false,"template":"","format":"standard","meta":{"footnotes":""},"categories":[11019,10911,10894,10912,10947,10896],"tags":[10913,11314,11319],"class_list":["post-86438","post","type-post","status-publish","format-standard","has-post-thumbnail","category-agenda-ca","category-bunol-ca","category-la-comarca-ca","category-la-hoya-ca","category-politica","category-seccion-ca","tag-bunol-ca","tag-bunyol-ca","tag-pspv-psoe-ca"],"_links":{"self":[{"href":"https:\/\/tucomarca.whitekongsoftware.com\/ca\/wp-json\/wp\/v2\/posts\/86438","targetHints":{"allow":["GET"]}}],"collection":[{"href":"https:\/\/tucomarca.whitekongsoftware.com\/ca\/wp-json\/wp\/v2\/posts"}],"about":[{"href":"https:\/\/tucomarca.whitekongsoftware.com\/ca\/wp-json\/wp\/v2\/types\/post"}],"author":[{"embeddable":true,"href":"https:\/\/tucomarca.whitekongsoftware.com\/ca\/wp-json\/wp\/v2\/users\/1"}],"replies":[{"embeddable":true,"href":"https:\/\/tucomarca.whitekongsoftware.com\/ca\/wp-json\/wp\/v2\/comments?post=86438"}],"version-history":[{"count":0,"href":"https:\/\/tucomarca.whitekongsoftware.com\/ca\/wp-json\/wp\/v2\/posts\/86438\/revisions"}],"wp:featuredmedia":[{"embeddable":true,"href":"https:\/\/tucomarca.whitekongsoftware.com\/ca\/wp-json\/wp\/v2\/media\/86436"}],"wp:attachment":[{"href":"https:\/\/tucomarca.whitekongsoftware.com\/ca\/wp-json\/wp\/v2\/media?parent=86438"}],"wp:term":[{"taxonomy":"category","embeddable":true,"href":"https:\/\/tucomarca.whitekongsoftware.com\/ca\/wp-json\/wp\/v2\/categories?post=86438"},{"taxonomy":"post_tag","embeddable":true,"href":"https:\/\/tucomarca.whitekongsoftware.com\/ca\/wp-json\/wp\/v2\/tags?post=86438"}],"curies":[{"name":"wp","href":"https:\/\/api.w.org\/{rel}","templated":true}]}}