{"id":86193,"date":"2019-05-16T08:30:14","date_gmt":"2019-05-16T06:30:14","guid":{"rendered":"http:\/\/www.tucomarca.com\/wordpress\/segunda\/?p=86193"},"modified":"2019-05-16T08:30:14","modified_gmt":"2019-05-16T06:30:14","slug":"video-reportatge-el-president-ximo-puig-advoca-per-projectes-solvents-com-el-campus-diversia-de-iatova-per-frenar-la-despoblacio","status":"publish","type":"post","link":"https:\/\/tucomarca.whitekongsoftware.com\/ca\/video-reportatge-el-president-ximo-puig-advoca-per-projectes-solvents-com-el-campus-diversia-de-iatova-per-frenar-la-despoblacio\/","title":{"rendered":"V\u00eddeo reportatge: el president Ximo Puig advoca per projectes \u00absolvents\u00bb com el Campus Diversia de I\u00e0tova per frenar la despoblaci\u00f3"},"content":{"rendered":"<p>V\u00eddeo reportatge elaborat per t<strong>ucomarca televisi\u00f3<\/strong> de la visita desenvolupada pel president de la Generalitat Valenciana, Ximo Puig, a la localitat de I\u00e0tova on ha recordat la seva aposta per frenar la despoblaci\u00f3 i ha defensat projectes solvents com el del Campus Diversia.<\/p>\n","protected":false},"excerpt":{"rendered":"<div class=\"mh-excerpt\">V\u00eddeo reportatge elaborat per tucomarca televisi\u00f3 de la visita desenvolupada pel president de la Generalitat Valenciana, Ximo Puig, a la localitat de I\u00e0tova on ha recordat la seva aposta per frenar la despoblaci\u00f3 i ha <a class=\"mh-excerpt-more\" href=\"https:\/\/tucomarca.whitekongsoftware.com\/ca\/video-reportatge-el-president-ximo-puig-advoca-per-projectes-solvents-com-el-campus-diversia-de-iatova-per-frenar-la-despoblacio\/\" title=\"V\u00eddeo reportatge: el president Ximo Puig advoca per projectes \u00absolvents\u00bb com el Campus Diversia de I\u00e0tova per frenar la despoblaci\u00f3\">[+] <\/a><\/div>\n","protected":false},"author":1,"featured_media":86191,"comment_status":"open","ping_status":"open","sticky":false,"template":"","format":"standard","meta":{"footnotes":""},"categories":[10898,10980,10948,10894,10904,10912,10903,10947,10895,10896,11062],"tags":[11654,11141],"class_list":["post-86193","post","type-post","status-publish","format-standard","has-post-thumbnail","category-ventana-ca","category-yatova-ca","category-infraestructuras-ca","category-la-comarca-ca","category-sin-categorizar-ca","category-la-hoya-ca","category-medio-ambiente-la-comarca-ca","category-politica","category-premsavalenciana-ca","category-seccion-ca","category-videos","tag-campus-diversia-ca","tag-yatova-ca"],"_links":{"self":[{"href":"https:\/\/tucomarca.whitekongsoftware.com\/ca\/wp-json\/wp\/v2\/posts\/86193","targetHints":{"allow":["GET"]}}],"collection":[{"href":"https:\/\/tucomarca.whitekongsoftware.com\/ca\/wp-json\/wp\/v2\/posts"}],"about":[{"href":"https:\/\/tucomarca.whitekongsoftware.com\/ca\/wp-json\/wp\/v2\/types\/post"}],"author":[{"embeddable":true,"href":"https:\/\/tucomarca.whitekongsoftware.com\/ca\/wp-json\/wp\/v2\/users\/1"}],"replies":[{"embeddable":true,"href":"https:\/\/tucomarca.whitekongsoftware.com\/ca\/wp-json\/wp\/v2\/comments?post=86193"}],"version-history":[{"count":0,"href":"https:\/\/tucomarca.whitekongsoftware.com\/ca\/wp-json\/wp\/v2\/posts\/86193\/revisions"}],"wp:featuredmedia":[{"embeddable":true,"href":"https:\/\/tucomarca.whitekongsoftware.com\/ca\/wp-json\/wp\/v2\/media\/86191"}],"wp:attachment":[{"href":"https:\/\/tucomarca.whitekongsoftware.com\/ca\/wp-json\/wp\/v2\/media?parent=86193"}],"wp:term":[{"taxonomy":"category","embeddable":true,"href":"https:\/\/tucomarca.whitekongsoftware.com\/ca\/wp-json\/wp\/v2\/categories?post=86193"},{"taxonomy":"post_tag","embeddable":true,"href":"https:\/\/tucomarca.whitekongsoftware.com\/ca\/wp-json\/wp\/v2\/tags?post=86193"}],"curies":[{"name":"wp","href":"https:\/\/api.w.org\/{rel}","templated":true}]}}