{"id":86150,"date":"2019-05-16T00:18:27","date_gmt":"2019-05-15T22:18:27","guid":{"rendered":"http:\/\/www.tucomarca.com\/wordpress\/segunda\/?p=86150"},"modified":"2019-05-16T00:18:27","modified_gmt":"2019-05-15T22:18:27","slug":"exit-de-la-i-jornada-desport-dorientacio-de-xest","status":"publish","type":"post","link":"https:\/\/tucomarca.whitekongsoftware.com\/ca\/exit-de-la-i-jornada-desport-dorientacio-de-xest\/","title":{"rendered":"\u00c8xit de la I Jornada d&#8217;Esport d&#8217;Orientaci\u00f3 de Xest"},"content":{"rendered":"<div class=\"\">\n<figure id=\"attachment_86144\" aria-describedby=\"caption-attachment-86144\" style=\"width: 439px\" class=\"wp-caption alignleft\"><img loading=\"lazy\" decoding=\"async\" class=\" wp-image-86144\" src=\"http:\/\/www.tucomarca.com\/wordpress\/segunda\/wp-content\/uploads\/2019\/05\/2_Jornadadeporteorientacion.jpg\" alt=\"I Jornada de Deporte de Orientaci\u00f3n de Cheste.\" width=\"439\" height=\"329\" srcset=\"https:\/\/tucomarca.whitekongsoftware.com\/wp-content\/uploads\/2019\/05\/2_Jornadadeporteorientacion.jpg 1600w, https:\/\/tucomarca.whitekongsoftware.com\/wp-content\/uploads\/2019\/05\/2_Jornadadeporteorientacion-300x225.jpg 300w, https:\/\/tucomarca.whitekongsoftware.com\/wp-content\/uploads\/2019\/05\/2_Jornadadeporteorientacion-768x576.jpg 768w, https:\/\/tucomarca.whitekongsoftware.com\/wp-content\/uploads\/2019\/05\/2_Jornadadeporteorientacion-1024x768.jpg 1024w\" sizes=\"auto, (max-width: 439px) 100vw, 439px\" \/><figcaption id=\"caption-attachment-86144\" class=\"wp-caption-text\">I Jornada d&#8217;Esport d&#8217;Orientaci\u00f3 de Xest.<\/figcaption><\/figure>\n<p>La I Jornada d&#8217;Esport d&#8217;Orientaci\u00f3, organitzada per la regidoria d&#8217;Esports i les Escoles Esportives Municipals, celebrada dissabte passat, 11 de maig a Xest, va comptar amb la participaci\u00f3 de 61 xiquets\u00a0i xiquetes, d&#8217;entre 6 i 14 anys, acompanyats per les seues fam\u00edlies.<\/p>\n<p>&#8220;Aquesta activitat \u00e9s fruit de la nostra intenci\u00f3 per promocionar la pr\u00e0ctica de l&#8217;esport d&#8217;orientaci\u00f3, una modalitat present en l&#8217;oferta esportiva de les EDM i que compta amb diferents proves al llarg de l&#8217;any i una gran acceptaci\u00f3 per part de l&#8217;alumnat&#8221;, explica el regidor d&#8217;Esport, Francisco Llorens.<\/p>\n<p>Tal com va explicar Rosi Casad\u00f3, encarregada de la coordinaci\u00f3 de l&#8217;esdeveniment i membre del club SD Correcaminos, a Xest &#8220;s&#8217;organitzen activitats relacionades amb l&#8217;esport d&#8217;orientaci\u00f3 des de fa ja nou anys i s&#8217;han convertit en un referent a la comarca&#8221;. La jornada va arrencar a les 10 hores al Complex Educatiu de Xest, aprofitant els espais naturals, arquitect\u00f2nics i esportius de qu\u00e8 disposa la infraestructura. &#8220;A l&#8217;hora d&#8217;escollir l&#8217;espai on desenvolupar la jornada, l&#8217;adequaci\u00f3 d&#8217;un entorn tan ampli i tanca en tot el seu per\u00edmetre, la qualitat del mapa i la bona disposici\u00f3 per part de la ger\u00e8ncia del complex i l&#8217;Ajuntament de Xest per a coordinar la activitat han estat decisius &#8220;, declarava Casad\u00f3. &#8220;El 2010 ja es va realitzar aqu\u00ed una carrera, fruit de la cooperaci\u00f3 amb la S.D. Correcaminos, el t\u00e8cnic, Salvador Ferrer, va cartografiar el complex i va elaborar el mapa per a una prova de Lliga Auton\u00f2mica, i el 2017, repetim amb el Campionat Auton\u00f2mic per centres escolars. El complex combina zones urbanes i zones de bosc obert i suposa una proposta molt interessant per realitzar orientaci\u00f3 &#8220;.<\/p>\n<p>Dissabte, els i les participants van realitzar una prova cl\u00e0ssica, amb el mapa del complex i tres recorreguts: un de curt i f\u00e0cil; altre mitj\u00e0; i un de llarg, amb el maig dificultat t\u00e8cnica. A m\u00e9s, a la zona de meta hi havia un laberint dedicat als m\u00e9s petits i un joc did\u00e0ctic de la s\u00e8rie &#8220;GO4ORIENTEERING&#8221;, creada per L. Cloostermans, amb minimapas i quatre punts de sortida simultanis per a les i els m\u00e9s atrevits. &#8220;Iniciatives d&#8217;aquest tipus fan falta per donar a con\u00e8ixer alternatives d&#8217;oci, temps lliure i activitat f\u00edsica en contacte amb la natura. Els esdeveniments promocionals, com aquest, combinats amb un calendari de competicions oficials, aporten uns avantatges a l&#8217;organitzaci\u00f3 en si mateixa, a la difusi\u00f3 ia la participaci\u00f3 d&#8217;escolars, fam\u00edlies i adults necess\u00e0ria per a la iniciaci\u00f3 en aquest esport poc conegut i de gran qualitat educativa i esportiva &#8220;, destacava Casad\u00f3.<\/p>\n<p>Un dels punts forts de la jornada va ser l&#8217;oportunitat de practicar aquest esport per a tothom, independentment de la seva condici\u00f3 f\u00edsica. Tots i totes les participants van completar amb \u00e8xit les proves i van participar activament en les activitats complement\u00e0ries per aprendre a &#8220;pensar i c\u00f3rrer&#8221;, el lema de l&#8217;esport d&#8217;orientaci\u00f3. &#8220;La pregunta &#8216;quan \u00e9s la pr\u00f2xima&#8217; ha estat la m\u00e9s escoltada entre els i les participants i tamb\u00e9 des de l&#8217;organitzaci\u00f3, que ha funcionat molt b\u00e9&#8221;, apuntava Casad\u00f3. &#8220;Per ara, tenim, entre diversos clubs i escoles municipals d&#8217;orientaci\u00f3 un projecte futur organitzar una Lliga Intercomarcal d&#8217;Orientaci\u00f3, amb cinc proves de promoci\u00f3 a realitzar durant el curs que ve, tant per a escolars com per a adults que vulguin con\u00e8ixer i iniciar-se en aquest esport. Xest compta amb una infraestructura molt bona en mapes d&#8217;orientaci\u00f3 i els municipis de la Foia de Bunyol-Xiva i de les comarques lim\u00edtrofes Utiel-Requena tamb\u00e9 disposen actualment de mapes i zones cartografiades molt adequades per a la iniciaci\u00f3 i la competici\u00f3 &#8220;.<\/p>\n<\/div>\n<div class=\"\"><\/div>\n<div class=\"\"><span class=\"\"><b class=\"\">Orientaci\u00f3 a\u00a0Xest<\/b><\/span><\/div>\n<div class=\"\"><\/div>\n<div class=\"\">\n<p>Les Escoles Esportives Municipals compten amb un monitor titulat de Nivell I en esport d&#8217;orientaci\u00f3, Jos\u00e9 Antonio Milvaques, que imparteix classe tots els divendres, de 16:30 a 18 hores al parc municipal de la Lomiquia.<\/p>\n<p>Al seu torn, dins de l&#8217;horari lectiu, per tercer any consecutiu, s&#8217;estan realitzant tres proves d&#8217;orientaci\u00f3 per als alumnes i les alumnes de 4t, 5\u00e8 i 6\u00e8 de tots els centres educatius de Xest, al llarg del curs escolar.<\/p>\n<p>D&#8217;altra banda, al Complex Educatiu de Xest, funciona el Pla d&#8217;Especialitzaci\u00f3 Esportiva de la Conselleria d&#8217;Educaci\u00f3, al qual assisteix alumnat des de 1r ESO fins a 2n de Batxillerat, que, pels seus bons resultats esportius i acad\u00e8mics, han optat a aquest programa .<br \/>\nConcretament, s\u00f3n 17 els alumnes i les alumnes que participen en aquest pla, entre els quals figuren dos chestanas: Sara Arnau Ochando i Marta Ruiz. Les dues formen part de la Selecci\u00f3 Escolar d&#8217;Esport d&#8217;Orientaci\u00f3 de la Comunitat Valenciana i estan obtenint grans resultats durant aquests dos \u00faltims anys en els campionats auton\u00f2mics i nacionals. El seu horari diari en aquest centre educatiu comparteix temps de classe, temps d&#8217;estudi personal i temps d&#8217;entrenament tant t\u00e8cnic i espec\u00edfic d&#8217;orientaci\u00f3 com de condicionament f\u00edsic.<\/p>\n<\/div>\n","protected":false},"excerpt":{"rendered":"<div class=\"mh-excerpt\">La I Jornada d&#8217;Esport d&#8217;Orientaci\u00f3, organitzada per la regidoria d&#8217;Esports i les Escoles Esportives Municipals, celebrada dissabte passat, 11 de maig a Xest, va comptar amb la participaci\u00f3 de 61 xiquets\u00a0i xiquetes, d&#8217;entre 6 i <a class=\"mh-excerpt-more\" href=\"https:\/\/tucomarca.whitekongsoftware.com\/ca\/exit-de-la-i-jornada-desport-dorientacio-de-xest\/\" title=\"\u00c8xit de la I Jornada d&#8217;Esport d&#8217;Orientaci\u00f3 de Xest\">[+] <\/a><\/div>\n","protected":false},"author":2,"featured_media":86145,"comment_status":"open","ping_status":"open","sticky":false,"template":"","format":"standard","meta":{"footnotes":""},"categories":[11003,10912,11009,10896,10974],"tags":[11109],"class_list":["post-86150","post","type-post","status-publish","format-standard","has-post-thumbnail","category-sports","category-la-hoya-ca","category-polideportivo-ca","category-seccion-ca","category-cheste-ca","tag-xest"],"_links":{"self":[{"href":"https:\/\/tucomarca.whitekongsoftware.com\/ca\/wp-json\/wp\/v2\/posts\/86150","targetHints":{"allow":["GET"]}}],"collection":[{"href":"https:\/\/tucomarca.whitekongsoftware.com\/ca\/wp-json\/wp\/v2\/posts"}],"about":[{"href":"https:\/\/tucomarca.whitekongsoftware.com\/ca\/wp-json\/wp\/v2\/types\/post"}],"author":[{"embeddable":true,"href":"https:\/\/tucomarca.whitekongsoftware.com\/ca\/wp-json\/wp\/v2\/users\/2"}],"replies":[{"embeddable":true,"href":"https:\/\/tucomarca.whitekongsoftware.com\/ca\/wp-json\/wp\/v2\/comments?post=86150"}],"version-history":[{"count":0,"href":"https:\/\/tucomarca.whitekongsoftware.com\/ca\/wp-json\/wp\/v2\/posts\/86150\/revisions"}],"wp:featuredmedia":[{"embeddable":true,"href":"https:\/\/tucomarca.whitekongsoftware.com\/ca\/wp-json\/wp\/v2\/media\/86145"}],"wp:attachment":[{"href":"https:\/\/tucomarca.whitekongsoftware.com\/ca\/wp-json\/wp\/v2\/media?parent=86150"}],"wp:term":[{"taxonomy":"category","embeddable":true,"href":"https:\/\/tucomarca.whitekongsoftware.com\/ca\/wp-json\/wp\/v2\/categories?post=86150"},{"taxonomy":"post_tag","embeddable":true,"href":"https:\/\/tucomarca.whitekongsoftware.com\/ca\/wp-json\/wp\/v2\/tags?post=86150"}],"curies":[{"name":"wp","href":"https:\/\/api.w.org\/{rel}","templated":true}]}}