{"id":85962,"date":"2019-05-13T20:25:32","date_gmt":"2019-05-13T18:25:32","guid":{"rendered":"http:\/\/www.tucomarca.com\/wordpress\/segunda\/?p=85962"},"modified":"2019-05-13T20:25:32","modified_gmt":"2019-05-13T18:25:32","slug":"fotogaleria-xest-dona-la-benvinguda-a-les-falleres-majors-de-la-junta-local-fallera-de-2020-amb-lacte-de-proclamacio","status":"publish","type":"post","link":"https:\/\/tucomarca.whitekongsoftware.com\/ca\/fotogaleria-xest-dona-la-benvinguda-a-les-falleres-majors-de-la-junta-local-fallera-de-2020-amb-lacte-de-proclamacio\/","title":{"rendered":"Fotogaleria: Xest d\u00f3na la benvinguda a les Falleres Majors de la Junta Local Fallera de 2020 amb l&#8217;acte de proclamaci\u00f3"},"content":{"rendered":"<div class=\"\">\n<figure id=\"attachment_85926\" aria-describedby=\"caption-attachment-85926\" style=\"width: 302px\" class=\"wp-caption alignleft\"><img loading=\"lazy\" decoding=\"async\" class=\" wp-image-85926\" src=\"http:\/\/www.tucomarca.com\/wordpress\/segunda\/wp-content\/uploads\/2019\/05\/Proclamaci\u00f3n-Falleras-Junta-Local-Fallera-Cheste_14.jpg\" alt=\"Fallera Mayor de la Junta Local de Cheste 2019.\" width=\"302\" height=\"201\" srcset=\"https:\/\/tucomarca.whitekongsoftware.com\/wp-content\/uploads\/2019\/05\/Proclamaci\u00f3n-Falleras-Junta-Local-Fallera-Cheste_14.jpg 5184w, https:\/\/tucomarca.whitekongsoftware.com\/wp-content\/uploads\/2019\/05\/Proclamaci\u00f3n-Falleras-Junta-Local-Fallera-Cheste_14-300x200.jpg 300w, https:\/\/tucomarca.whitekongsoftware.com\/wp-content\/uploads\/2019\/05\/Proclamaci\u00f3n-Falleras-Junta-Local-Fallera-Cheste_14-768x512.jpg 768w, https:\/\/tucomarca.whitekongsoftware.com\/wp-content\/uploads\/2019\/05\/Proclamaci\u00f3n-Falleras-Junta-Local-Fallera-Cheste_14-1024x683.jpg 1024w\" sizes=\"auto, (max-width: 302px) 100vw, 302px\" \/><figcaption id=\"caption-attachment-85926\" class=\"wp-caption-text\">Fallera Major de la Junta Local de Xest 2019.<\/figcaption><\/figure>\n<p>El passat dissabte 11 de maig, el sal\u00f3 de plens de l&#8217;Ajuntament va acollir l&#8217;acte de proclamaci\u00f3 de les falleres majors de la Junta Local Fallera de Xest per a l&#8217;exercici 2019-2020, la nena Laura Tar\u00edn Canyada i la senyoreta Luc\u00eda S\u00e1nchez Garc\u00eda. En aquest acte, amb el lliurament de la banda a les futures falleres majors, es proclama oficialment a les falleres majors que representaran al poble de Xest en els actes oficials de les Falles 2020 en qu\u00e8 participi la Junta.<\/p>\n<p>&#8220;Avui comencem el compte enrere per a les falles de 2020. Entre els atributs i valors que tenen les falles, tamb\u00e9 est\u00e0 guanyant pes sensibilitzar sobre q\u00fcestions socials. Aquest any se centrar\u00e0 en la sostenibilitat, igual que l&#8217;any passat es van tractar q\u00fcestions d&#8217;igualtat. Aix\u00ed, les falles s&#8217;estan fent cada vegada m\u00e9s riques en matisos &#8220;, ha apuntat l&#8217;alcalde de Xest i president nat de la Junta Local Fallera, Jos\u00e9 Morell. &#8220;Avui celebrem la proclamaci\u00f3 de les properes falleres majors de la Junta Local Fallera de Xest. Elles seran els s\u00edmbols de la principal manifestaci\u00f3 festiva de la Comunitat Valenciana. Vull agrair a la S\u00edlvia i la Marina seu regnat, que han sabut portar amb orgull i solv\u00e8ncia. I a m\u00e9s, vull donar una calorosa benvinguda a Luc\u00eda i la Laura. Representeu una manera de fer solid\u00e0ria, cregueu &#8220;germanor&#8221;, col\u00b7laboreu amb l&#8217;Ajuntament en tot moment; sou una de les millors versions de Xest &#8220;.<\/p>\n<p>En l&#8217;acte de proclamaci\u00f3, la fallera major infantil de la Junta Local Fallera de l&#8217;exercici 2018-2019, es va encarregar de col\u00b7locar la banda a la propera fallera major infantil de l&#8217;exercici 2019-2020, despr\u00e9s d&#8217;acomiadar del seu c\u00e0rrec amb unes paraules d&#8217;agra\u00efment que dirigir als i les assistents a l&#8217;acte: &#8220;Ha estat un honor representar el meu poble com a fallera major infantil. Vinc d&#8217;una fam\u00edlia de tradici\u00f3 fallera i he tingut la sort de ser la la primera a exercir aquest c\u00e0rrec amb orgull. L&#8217;acte que m\u00e9s em va agradar va ser l&#8217;ofrena de la verge dels desemparats de Val\u00e8ncia. Espero que Laura ho gaudeixi com jo, estic segura que ser\u00e0 una bona representant en les falles del nostre poble &#8220;. A continuaci\u00f3, la recentment proclamada fallera major infantil va ser l&#8217;encarregada de dirigir-se als i les assistents: &#8220;Estic molt contenta de poder representar el meu poble com a fallera major infantil al costat de Luc\u00eda. Estic segura que les dues ho farem el millor possible, li posarem molta il\u00b7lusi\u00f3 &#8220;.<\/p>\n<p>Per la seva banda, S\u00edlvia Pall\u00e1s Lacalle, fallera major de la Junta Local Fallera de Xest de l&#8217;exercici 2018-2019 va fer un rep\u00e0s del que havien suposat per a ella les Falles de 2019, &#8220;ha estat un any en el qual he pogut gaudir de moments inoblidables representant al meu poble acompanyada de tots vosaltres i especialment de Marina, Juan i Miguel, amb els quals he compartit moments inoblidables. A tu, Luc\u00eda, vull desitjar-te un bonic any, com a Fallera Major de la Junta Local de 2020, en el qual espero que gaudeixis tant com ho he fet jo &#8220;. A continuaci\u00f3, la senyoreta Luc\u00eda S\u00e1nchez Garc\u00eda, es va dirigir a chestanos i chestanas: &#8220;Ser fallera major de la Junta Local de Xest \u00e9s per a mi tot un honor alhora que una responsabilitat. Representarem al nostre poble en tots els actes que es realitzin i volem deixar a Xest en el lloc que es mereix. Farem tot el que estigui a les nostres mans perqu\u00e8 aix\u00f2 sigui aix\u00ed &#8220;.<\/p>\n<p>En acabar l&#8217;acte, les desenes de persones reunides a la sala de plens es van posar drets per escoltar l&#8217;himne regional i tot seguit, van passar a prendre un vi d&#8217;honor.<\/p>\n<\/div>\n<div class=\"\">\n<div id='gallery-1' class='gallery galleryid-85962 gallery-columns-3 gallery-size-large'><figure class='gallery-item'>\n\t\t\t<div class='gallery-icon landscape'>\n\t\t\t\t<a href='https:\/\/tucomarca.whitekongsoftware.com\/ca\/fotogaleria-xest-dona-la-benvinguda-a-les-falleres-majors-de-la-junta-local-fallera-de-2020-amb-lacte-de-proclamacio\/proclamacionjlfcheste_1-2\/'><img loading=\"lazy\" decoding=\"async\" width=\"1024\" height=\"683\" src=\"https:\/\/tucomarca.whitekongsoftware.com\/wp-content\/uploads\/2019\/05\/ProclamacionJLFCheste_1-1024x683.jpeg\" class=\"attachment-large size-large\" alt=\"\" srcset=\"https:\/\/tucomarca.whitekongsoftware.com\/wp-content\/uploads\/2019\/05\/ProclamacionJLFCheste_1-1024x683.jpeg 1024w, https:\/\/tucomarca.whitekongsoftware.com\/wp-content\/uploads\/2019\/05\/ProclamacionJLFCheste_1-300x200.jpeg 300w, https:\/\/tucomarca.whitekongsoftware.com\/wp-content\/uploads\/2019\/05\/ProclamacionJLFCheste_1-768x512.jpeg 768w\" sizes=\"auto, (max-width: 1024px) 100vw, 1024px\" \/><\/a>\n\t\t\t<\/div><\/figure><figure class='gallery-item'>\n\t\t\t<div class='gallery-icon landscape'>\n\t\t\t\t<a href='https:\/\/tucomarca.whitekongsoftware.com\/ca\/fotogaleria-xest-dona-la-benvinguda-a-les-falleres-majors-de-la-junta-local-fallera-de-2020-amb-lacte-de-proclamacio\/proclamacionjlfcheste_2-2\/'><img loading=\"lazy\" decoding=\"async\" width=\"1024\" height=\"683\" src=\"https:\/\/tucomarca.whitekongsoftware.com\/wp-content\/uploads\/2019\/05\/ProclamacionJLFCheste_2-1024x683.jpeg\" class=\"attachment-large size-large\" alt=\"\" srcset=\"https:\/\/tucomarca.whitekongsoftware.com\/wp-content\/uploads\/2019\/05\/ProclamacionJLFCheste_2-1024x683.jpeg 1024w, https:\/\/tucomarca.whitekongsoftware.com\/wp-content\/uploads\/2019\/05\/ProclamacionJLFCheste_2-300x200.jpeg 300w, https:\/\/tucomarca.whitekongsoftware.com\/wp-content\/uploads\/2019\/05\/ProclamacionJLFCheste_2-768x512.jpeg 768w\" sizes=\"auto, (max-width: 1024px) 100vw, 1024px\" \/><\/a>\n\t\t\t<\/div><\/figure><figure class='gallery-item'>\n\t\t\t<div class='gallery-icon landscape'>\n\t\t\t\t<a href='https:\/\/tucomarca.whitekongsoftware.com\/ca\/fotogaleria-xest-dona-la-benvinguda-a-les-falleres-majors-de-la-junta-local-fallera-de-2020-amb-lacte-de-proclamacio\/proclamacionjlfcheste_3-2\/'><img loading=\"lazy\" decoding=\"async\" width=\"1024\" height=\"683\" src=\"https:\/\/tucomarca.whitekongsoftware.com\/wp-content\/uploads\/2019\/05\/ProclamacionJLFCheste_3-1024x683.jpeg\" class=\"attachment-large size-large\" alt=\"\" srcset=\"https:\/\/tucomarca.whitekongsoftware.com\/wp-content\/uploads\/2019\/05\/ProclamacionJLFCheste_3-1024x683.jpeg 1024w, https:\/\/tucomarca.whitekongsoftware.com\/wp-content\/uploads\/2019\/05\/ProclamacionJLFCheste_3-300x200.jpeg 300w, https:\/\/tucomarca.whitekongsoftware.com\/wp-content\/uploads\/2019\/05\/ProclamacionJLFCheste_3-768x512.jpeg 768w\" sizes=\"auto, (max-width: 1024px) 100vw, 1024px\" \/><\/a>\n\t\t\t<\/div><\/figure><figure class='gallery-item'>\n\t\t\t<div class='gallery-icon landscape'>\n\t\t\t\t<a href='https:\/\/tucomarca.whitekongsoftware.com\/ca\/fotogaleria-xest-dona-la-benvinguda-a-les-falleres-majors-de-la-junta-local-fallera-de-2020-amb-lacte-de-proclamacio\/proclamacionjlfcheste_4-2\/'><img loading=\"lazy\" decoding=\"async\" width=\"1024\" height=\"683\" src=\"https:\/\/tucomarca.whitekongsoftware.com\/wp-content\/uploads\/2019\/05\/ProclamacionJLFCheste_4-1024x683.jpeg\" class=\"attachment-large size-large\" alt=\"\" srcset=\"https:\/\/tucomarca.whitekongsoftware.com\/wp-content\/uploads\/2019\/05\/ProclamacionJLFCheste_4-1024x683.jpeg 1024w, https:\/\/tucomarca.whitekongsoftware.com\/wp-content\/uploads\/2019\/05\/ProclamacionJLFCheste_4-300x200.jpeg 300w, https:\/\/tucomarca.whitekongsoftware.com\/wp-content\/uploads\/2019\/05\/ProclamacionJLFCheste_4-768x512.jpeg 768w\" sizes=\"auto, (max-width: 1024px) 100vw, 1024px\" \/><\/a>\n\t\t\t<\/div><\/figure><figure class='gallery-item'>\n\t\t\t<div class='gallery-icon landscape'>\n\t\t\t\t<a href='https:\/\/tucomarca.whitekongsoftware.com\/ca\/fotogaleria-xest-dona-la-benvinguda-a-les-falleres-majors-de-la-junta-local-fallera-de-2020-amb-lacte-de-proclamacio\/proclamacionjlfcheste_5-2\/'><img loading=\"lazy\" decoding=\"async\" width=\"1024\" height=\"683\" src=\"https:\/\/tucomarca.whitekongsoftware.com\/wp-content\/uploads\/2019\/05\/ProclamacionJLFCheste_5-1024x683.jpeg\" class=\"attachment-large size-large\" alt=\"\" srcset=\"https:\/\/tucomarca.whitekongsoftware.com\/wp-content\/uploads\/2019\/05\/ProclamacionJLFCheste_5-1024x683.jpeg 1024w, https:\/\/tucomarca.whitekongsoftware.com\/wp-content\/uploads\/2019\/05\/ProclamacionJLFCheste_5-300x200.jpeg 300w, https:\/\/tucomarca.whitekongsoftware.com\/wp-content\/uploads\/2019\/05\/ProclamacionJLFCheste_5-768x512.jpeg 768w\" sizes=\"auto, (max-width: 1024px) 100vw, 1024px\" \/><\/a>\n\t\t\t<\/div><\/figure><figure class='gallery-item'>\n\t\t\t<div class='gallery-icon landscape'>\n\t\t\t\t<a href='https:\/\/tucomarca.whitekongsoftware.com\/ca\/fotogaleria-xest-dona-la-benvinguda-a-les-falleres-majors-de-la-junta-local-fallera-de-2020-amb-lacte-de-proclamacio\/proclamacionjlfcheste_6-2\/'><img loading=\"lazy\" decoding=\"async\" width=\"1024\" height=\"683\" src=\"https:\/\/tucomarca.whitekongsoftware.com\/wp-content\/uploads\/2019\/05\/ProclamacionJLFCheste_6-1024x683.jpeg\" class=\"attachment-large size-large\" alt=\"\" srcset=\"https:\/\/tucomarca.whitekongsoftware.com\/wp-content\/uploads\/2019\/05\/ProclamacionJLFCheste_6-1024x683.jpeg 1024w, https:\/\/tucomarca.whitekongsoftware.com\/wp-content\/uploads\/2019\/05\/ProclamacionJLFCheste_6-300x200.jpeg 300w, https:\/\/tucomarca.whitekongsoftware.com\/wp-content\/uploads\/2019\/05\/ProclamacionJLFCheste_6-768x512.jpeg 768w\" sizes=\"auto, (max-width: 1024px) 100vw, 1024px\" \/><\/a>\n\t\t\t<\/div><\/figure><figure class='gallery-item'>\n\t\t\t<div class='gallery-icon landscape'>\n\t\t\t\t<a href='https:\/\/tucomarca.whitekongsoftware.com\/ca\/fotogaleria-xest-dona-la-benvinguda-a-les-falleres-majors-de-la-junta-local-fallera-de-2020-amb-lacte-de-proclamacio\/proclamacionjlfcheste_7-2\/'><img loading=\"lazy\" decoding=\"async\" width=\"1024\" height=\"683\" src=\"https:\/\/tucomarca.whitekongsoftware.com\/wp-content\/uploads\/2019\/05\/ProclamacionJLFCheste_7-1024x683.jpeg\" class=\"attachment-large size-large\" alt=\"\" srcset=\"https:\/\/tucomarca.whitekongsoftware.com\/wp-content\/uploads\/2019\/05\/ProclamacionJLFCheste_7-1024x683.jpeg 1024w, https:\/\/tucomarca.whitekongsoftware.com\/wp-content\/uploads\/2019\/05\/ProclamacionJLFCheste_7-300x200.jpeg 300w, https:\/\/tucomarca.whitekongsoftware.com\/wp-content\/uploads\/2019\/05\/ProclamacionJLFCheste_7-768x512.jpeg 768w\" sizes=\"auto, (max-width: 1024px) 100vw, 1024px\" \/><\/a>\n\t\t\t<\/div><\/figure><figure class='gallery-item'>\n\t\t\t<div class='gallery-icon landscape'>\n\t\t\t\t<a href='https:\/\/tucomarca.whitekongsoftware.com\/ca\/fotogaleria-xest-dona-la-benvinguda-a-les-falleres-majors-de-la-junta-local-fallera-de-2020-amb-lacte-de-proclamacio\/proclamacionjlfcheste_8-2\/'><img loading=\"lazy\" decoding=\"async\" width=\"1024\" height=\"683\" src=\"https:\/\/tucomarca.whitekongsoftware.com\/wp-content\/uploads\/2019\/05\/ProclamacionJLFCheste_8-1024x683.jpeg\" class=\"attachment-large size-large\" alt=\"\" srcset=\"https:\/\/tucomarca.whitekongsoftware.com\/wp-content\/uploads\/2019\/05\/ProclamacionJLFCheste_8-1024x683.jpeg 1024w, https:\/\/tucomarca.whitekongsoftware.com\/wp-content\/uploads\/2019\/05\/ProclamacionJLFCheste_8-300x200.jpeg 300w, https:\/\/tucomarca.whitekongsoftware.com\/wp-content\/uploads\/2019\/05\/ProclamacionJLFCheste_8-768x512.jpeg 768w\" sizes=\"auto, (max-width: 1024px) 100vw, 1024px\" \/><\/a>\n\t\t\t<\/div><\/figure><figure class='gallery-item'>\n\t\t\t<div class='gallery-icon landscape'>\n\t\t\t\t<a href='https:\/\/tucomarca.whitekongsoftware.com\/ca\/fotogaleria-xest-dona-la-benvinguda-a-les-falleres-majors-de-la-junta-local-fallera-de-2020-amb-lacte-de-proclamacio\/proclamacionjlfcheste_9-2\/'><img loading=\"lazy\" decoding=\"async\" width=\"1024\" height=\"683\" src=\"https:\/\/tucomarca.whitekongsoftware.com\/wp-content\/uploads\/2019\/05\/ProclamacionJLFCheste_9-1024x683.jpeg\" class=\"attachment-large size-large\" alt=\"\" srcset=\"https:\/\/tucomarca.whitekongsoftware.com\/wp-content\/uploads\/2019\/05\/ProclamacionJLFCheste_9-1024x683.jpeg 1024w, https:\/\/tucomarca.whitekongsoftware.com\/wp-content\/uploads\/2019\/05\/ProclamacionJLFCheste_9-300x200.jpeg 300w, https:\/\/tucomarca.whitekongsoftware.com\/wp-content\/uploads\/2019\/05\/ProclamacionJLFCheste_9-768x512.jpeg 768w\" sizes=\"auto, (max-width: 1024px) 100vw, 1024px\" \/><\/a>\n\t\t\t<\/div><\/figure><figure class='gallery-item'>\n\t\t\t<div class='gallery-icon landscape'>\n\t\t\t\t<a href='https:\/\/tucomarca.whitekongsoftware.com\/ca\/fotogaleria-xest-dona-la-benvinguda-a-les-falleres-majors-de-la-junta-local-fallera-de-2020-amb-lacte-de-proclamacio\/proclamacionjlfcheste_10-2\/'><img loading=\"lazy\" decoding=\"async\" width=\"1024\" height=\"683\" src=\"https:\/\/tucomarca.whitekongsoftware.com\/wp-content\/uploads\/2019\/05\/ProclamacionJLFCheste_10-1024x683.jpeg\" class=\"attachment-large size-large\" alt=\"\" srcset=\"https:\/\/tucomarca.whitekongsoftware.com\/wp-content\/uploads\/2019\/05\/ProclamacionJLFCheste_10-1024x683.jpeg 1024w, https:\/\/tucomarca.whitekongsoftware.com\/wp-content\/uploads\/2019\/05\/ProclamacionJLFCheste_10-300x200.jpeg 300w, https:\/\/tucomarca.whitekongsoftware.com\/wp-content\/uploads\/2019\/05\/ProclamacionJLFCheste_10-768x512.jpeg 768w\" sizes=\"auto, (max-width: 1024px) 100vw, 1024px\" \/><\/a>\n\t\t\t<\/div><\/figure><figure class='gallery-item'>\n\t\t\t<div class='gallery-icon landscape'>\n\t\t\t\t<a href='https:\/\/tucomarca.whitekongsoftware.com\/ca\/fotogaleria-xest-dona-la-benvinguda-a-les-falleres-majors-de-la-junta-local-fallera-de-2020-amb-lacte-de-proclamacio\/proclamacionjlfcheste_11-2\/'><img loading=\"lazy\" decoding=\"async\" width=\"1024\" height=\"683\" src=\"https:\/\/tucomarca.whitekongsoftware.com\/wp-content\/uploads\/2019\/05\/ProclamacionJLFCheste_11-1024x683.jpeg\" class=\"attachment-large size-large\" alt=\"\" srcset=\"https:\/\/tucomarca.whitekongsoftware.com\/wp-content\/uploads\/2019\/05\/ProclamacionJLFCheste_11-1024x683.jpeg 1024w, https:\/\/tucomarca.whitekongsoftware.com\/wp-content\/uploads\/2019\/05\/ProclamacionJLFCheste_11-300x200.jpeg 300w, https:\/\/tucomarca.whitekongsoftware.com\/wp-content\/uploads\/2019\/05\/ProclamacionJLFCheste_11-768x512.jpeg 768w\" sizes=\"auto, (max-width: 1024px) 100vw, 1024px\" \/><\/a>\n\t\t\t<\/div><\/figure><figure class='gallery-item'>\n\t\t\t<div class='gallery-icon landscape'>\n\t\t\t\t<a href='https:\/\/tucomarca.whitekongsoftware.com\/ca\/fotogaleria-xest-dona-la-benvinguda-a-les-falleres-majors-de-la-junta-local-fallera-de-2020-amb-lacte-de-proclamacio\/proclamacionjlfcheste_12-2\/'><img loading=\"lazy\" decoding=\"async\" width=\"1024\" height=\"683\" src=\"https:\/\/tucomarca.whitekongsoftware.com\/wp-content\/uploads\/2019\/05\/ProclamacionJLFCheste_12-1024x683.jpeg\" class=\"attachment-large size-large\" alt=\"\" srcset=\"https:\/\/tucomarca.whitekongsoftware.com\/wp-content\/uploads\/2019\/05\/ProclamacionJLFCheste_12-1024x683.jpeg 1024w, https:\/\/tucomarca.whitekongsoftware.com\/wp-content\/uploads\/2019\/05\/ProclamacionJLFCheste_12-300x200.jpeg 300w, https:\/\/tucomarca.whitekongsoftware.com\/wp-content\/uploads\/2019\/05\/ProclamacionJLFCheste_12-768x512.jpeg 768w\" sizes=\"auto, (max-width: 1024px) 100vw, 1024px\" \/><\/a>\n\t\t\t<\/div><\/figure><figure class='gallery-item'>\n\t\t\t<div class='gallery-icon landscape'>\n\t\t\t\t<a href='https:\/\/tucomarca.whitekongsoftware.com\/ca\/fotogaleria-xest-dona-la-benvinguda-a-les-falleres-majors-de-la-junta-local-fallera-de-2020-amb-lacte-de-proclamacio\/proclamacionjlfcheste_13-2\/'><img loading=\"lazy\" decoding=\"async\" width=\"1024\" height=\"683\" src=\"https:\/\/tucomarca.whitekongsoftware.com\/wp-content\/uploads\/2019\/05\/ProclamacionJLFCheste_13-1024x683.jpeg\" class=\"attachment-large size-large\" alt=\"\" srcset=\"https:\/\/tucomarca.whitekongsoftware.com\/wp-content\/uploads\/2019\/05\/ProclamacionJLFCheste_13-1024x683.jpeg 1024w, https:\/\/tucomarca.whitekongsoftware.com\/wp-content\/uploads\/2019\/05\/ProclamacionJLFCheste_13-300x200.jpeg 300w, https:\/\/tucomarca.whitekongsoftware.com\/wp-content\/uploads\/2019\/05\/ProclamacionJLFCheste_13-768x512.jpeg 768w\" sizes=\"auto, (max-width: 1024px) 100vw, 1024px\" \/><\/a>\n\t\t\t<\/div><\/figure><figure class='gallery-item'>\n\t\t\t<div class='gallery-icon landscape'>\n\t\t\t\t<a href='https:\/\/tucomarca.whitekongsoftware.com\/ca\/fotogaleria-xest-dona-la-benvinguda-a-les-falleres-majors-de-la-junta-local-fallera-de-2020-amb-lacte-de-proclamacio\/proclamacionjlfcheste_14-2\/'><img loading=\"lazy\" decoding=\"async\" width=\"1024\" height=\"683\" src=\"https:\/\/tucomarca.whitekongsoftware.com\/wp-content\/uploads\/2019\/05\/ProclamacionJLFCheste_14-1024x683.jpeg\" class=\"attachment-large size-large\" alt=\"\" srcset=\"https:\/\/tucomarca.whitekongsoftware.com\/wp-content\/uploads\/2019\/05\/ProclamacionJLFCheste_14-1024x683.jpeg 1024w, https:\/\/tucomarca.whitekongsoftware.com\/wp-content\/uploads\/2019\/05\/ProclamacionJLFCheste_14-300x200.jpeg 300w, https:\/\/tucomarca.whitekongsoftware.com\/wp-content\/uploads\/2019\/05\/ProclamacionJLFCheste_14-768x512.jpeg 768w\" sizes=\"auto, (max-width: 1024px) 100vw, 1024px\" \/><\/a>\n\t\t\t<\/div><\/figure><figure class='gallery-item'>\n\t\t\t<div class='gallery-icon landscape'>\n\t\t\t\t<a href='https:\/\/tucomarca.whitekongsoftware.com\/ca\/fotogaleria-xest-dona-la-benvinguda-a-les-falleres-majors-de-la-junta-local-fallera-de-2020-amb-lacte-de-proclamacio\/proclamacionjlfcheste_15-2\/'><img loading=\"lazy\" decoding=\"async\" width=\"1024\" height=\"683\" src=\"https:\/\/tucomarca.whitekongsoftware.com\/wp-content\/uploads\/2019\/05\/ProclamacionJLFCheste_15-1024x683.jpeg\" class=\"attachment-large size-large\" alt=\"\" srcset=\"https:\/\/tucomarca.whitekongsoftware.com\/wp-content\/uploads\/2019\/05\/ProclamacionJLFCheste_15-1024x683.jpeg 1024w, https:\/\/tucomarca.whitekongsoftware.com\/wp-content\/uploads\/2019\/05\/ProclamacionJLFCheste_15-300x200.jpeg 300w, https:\/\/tucomarca.whitekongsoftware.com\/wp-content\/uploads\/2019\/05\/ProclamacionJLFCheste_15-768x512.jpeg 768w\" sizes=\"auto, (max-width: 1024px) 100vw, 1024px\" \/><\/a>\n\t\t\t<\/div><\/figure>\n\t\t<\/div>\n\n<\/div>\n","protected":false},"excerpt":{"rendered":"<div class=\"mh-excerpt\">El passat dissabte 11 de maig, el sal\u00f3 de plens de l&#8217;Ajuntament va acollir l&#8217;acte de proclamaci\u00f3 de les falleres majors de la Junta Local Fallera de Xest per a l&#8217;exercici 2019-2020, la nena Laura <a class=\"mh-excerpt-more\" href=\"https:\/\/tucomarca.whitekongsoftware.com\/ca\/fotogaleria-xest-dona-la-benvinguda-a-les-falleres-majors-de-la-junta-local-fallera-de-2020-amb-lacte-de-proclamacio\/\" title=\"Fotogaleria: Xest d\u00f3na la benvinguda a les Falleres Majors de la Junta Local Fallera de 2020 amb l&#8217;acte de proclamaci\u00f3\">[+] <\/a><\/div>\n","protected":false},"author":2,"featured_media":85927,"comment_status":"open","ping_status":"open","sticky":false,"template":"","format":"standard","meta":{"footnotes":""},"categories":[10904,10912,11004,11008,10896,10974],"tags":[11640,11109],"class_list":["post-85962","post","type-post","status-publish","format-standard","has-post-thumbnail","category-sin-categorizar-ca","category-la-hoya-ca","category-la-semana-en-imagenes-ca","category-pueblos-en-fiestas-ca","category-seccion-ca","category-cheste-ca","tag-junta-local-fallera-de-cheste-ca","tag-xest"],"_links":{"self":[{"href":"https:\/\/tucomarca.whitekongsoftware.com\/ca\/wp-json\/wp\/v2\/posts\/85962","targetHints":{"allow":["GET"]}}],"collection":[{"href":"https:\/\/tucomarca.whitekongsoftware.com\/ca\/wp-json\/wp\/v2\/posts"}],"about":[{"href":"https:\/\/tucomarca.whitekongsoftware.com\/ca\/wp-json\/wp\/v2\/types\/post"}],"author":[{"embeddable":true,"href":"https:\/\/tucomarca.whitekongsoftware.com\/ca\/wp-json\/wp\/v2\/users\/2"}],"replies":[{"embeddable":true,"href":"https:\/\/tucomarca.whitekongsoftware.com\/ca\/wp-json\/wp\/v2\/comments?post=85962"}],"version-history":[{"count":0,"href":"https:\/\/tucomarca.whitekongsoftware.com\/ca\/wp-json\/wp\/v2\/posts\/85962\/revisions"}],"wp:featuredmedia":[{"embeddable":true,"href":"https:\/\/tucomarca.whitekongsoftware.com\/ca\/wp-json\/wp\/v2\/media\/85927"}],"wp:attachment":[{"href":"https:\/\/tucomarca.whitekongsoftware.com\/ca\/wp-json\/wp\/v2\/media?parent=85962"}],"wp:term":[{"taxonomy":"category","embeddable":true,"href":"https:\/\/tucomarca.whitekongsoftware.com\/ca\/wp-json\/wp\/v2\/categories?post=85962"},{"taxonomy":"post_tag","embeddable":true,"href":"https:\/\/tucomarca.whitekongsoftware.com\/ca\/wp-json\/wp\/v2\/tags?post=85962"}],"curies":[{"name":"wp","href":"https:\/\/api.w.org\/{rel}","templated":true}]}}