{"id":85873,"date":"2019-05-13T18:49:52","date_gmt":"2019-05-13T16:49:52","guid":{"rendered":"http:\/\/www.tucomarca.com\/wordpress\/segunda\/?p=85873"},"modified":"2019-05-13T18:49:52","modified_gmt":"2019-05-13T16:49:52","slug":"ximo-puig-si-la-ciutadania-votara-el-proper-26m-guanyara-el-progres-i-la-llibertat","status":"publish","type":"post","link":"https:\/\/tucomarca.whitekongsoftware.com\/ca\/ximo-puig-si-la-ciutadania-votara-el-proper-26m-guanyara-el-progres-i-la-llibertat\/","title":{"rendered":"Ximo Puig: &#8220;Si la ciutadania votar\u00e0 el proper 26M, guanyar\u00e0 el progr\u00e9s i la llibertat&#8221;"},"content":{"rendered":"<figure id=\"attachment_85870\" aria-describedby=\"caption-attachment-85870\" style=\"width: 476px\" class=\"wp-caption alignleft\"><img loading=\"lazy\" decoding=\"async\" class=\" wp-image-85870\" src=\"http:\/\/www.tucomarca.com\/wordpress\/segunda\/wp-content\/uploads\/2019\/05\/XimoNaquera.jpeg\" alt=\"El president de la Generalitat y secretario general del PSPV-PSOE se\u00f1ala que \u201cla propuesta del Partido Socialista para frenar a la extrema derecha es m\u00e1s democracia y m\u00e1s Europa social\u201d.\" width=\"476\" height=\"314\" srcset=\"https:\/\/tucomarca.whitekongsoftware.com\/wp-content\/uploads\/2019\/05\/XimoNaquera.jpeg 2866w, https:\/\/tucomarca.whitekongsoftware.com\/wp-content\/uploads\/2019\/05\/XimoNaquera-300x198.jpeg 300w, https:\/\/tucomarca.whitekongsoftware.com\/wp-content\/uploads\/2019\/05\/XimoNaquera-768x507.jpeg 768w, https:\/\/tucomarca.whitekongsoftware.com\/wp-content\/uploads\/2019\/05\/XimoNaquera-1024x676.jpeg 1024w\" sizes=\"auto, (max-width: 476px) 100vw, 476px\" \/><figcaption id=\"caption-attachment-85870\" class=\"wp-caption-text\">El president de la Generalitat i secretari general del PSPV-PSOE assenyala que &#8220;la proposta del Partit Socialista per frenar l&#8217;extrema dreta \u00e9s m\u00e9s democr\u00e0cia i m\u00e9s Europa social&#8221;.<\/figcaption><\/figure>\n<p>El president de la Generalitat i secretari general del PSPV-PSOE, Ximo Puig, ha assegurat aquest diumenge durant l&#8217;acte &#8216;Festa de la democr\u00e0cia i la llibertat&#8217; celebrat a N\u00e0quera que &#8220;si la ciutadania votar\u00e0 el proper 26 de maig, guanyar\u00e0 el progr\u00e9s i la llibertat, no hi ha una altra recepta de votar &#8220;. &#8220;El nostre \u00fanic adversari \u00e9s la desmobilitzaci\u00f3, si ens relaxem perdem, per\u00f2 estic conven\u00e7ut que no ens relaxarem, que guanyarem Europa perqu\u00e8 guanyar\u00e0 la just\u00edcia social, la democr\u00e0cia i tots els valors que abracen la nostra manera d&#8217;entendre el m\u00f3n&#8221;, ha expressat.<\/p>\n<p>El dirigent del PSPV-PSOE ha assegurat que &#8220;la proposta del Partit Socialista per frenar l&#8217;extrema dreta \u00e9s m\u00e9s democr\u00e0cia, m\u00e9s cohesi\u00f3, m\u00e9s Europa social i parar a aquells que nom\u00e9s apel\u00b7len a l&#8217;odi i l&#8217;egoisme&#8221;. &#8220;La sortida a la insatisfacci\u00f3 de la poblaci\u00f3 despr\u00e9s de la crisi no pot ser menys democr\u00e0cia i m\u00e9s odi sin\u00f3 m\u00e9s democr\u00e0cia i m\u00e9s solidaritat&#8221;, ha afegit.<\/p>\n<p>El president de la Generalitat ha expressat que les eleccions del 26 de maig van d &#8216; &#8220;anar cap endavant o cap enrere, de triar m\u00e9s Europa o triar menys Europa&#8221; i ha alertat que &#8220;la democr\u00e0cia no \u00e9s irreversible&#8221;. Aix\u00ed, ha assenyalat que hi ha &#8220;moviments populistes conservadors que a hores d&#8217;ara volen que tornem a la pitjor Europa que vivim en el segle passat&#8221;, pel que ha demanat &#8220;no mirar cap a un altre costat&#8221; sin\u00f3 &#8220;defensar la democr\u00e0cia perqu\u00e8 abans que socialistes som dem\u00f2crates i perqu\u00e8 els socialistes defensem dos valors clau: la igualtat i la llibertat &#8220;.<\/p>\n<p>PER UNA EUROPA M\u00c9S SOCIAL<\/p>\n<p>Per Ximo Puig, &#8220;el m\u00f3n necessita una Europa m\u00e9s s\u00f2lida, que lluita contra el canvi clim\u00e0tic, que defensa la igualtat i que est\u00e0 en contra de les fronteres, aquesta \u00e9s l&#8217;Europa que volem&#8221;. El l\u00edder del PSPV-PSOE ha assegurat que el projecte dels socialistes &#8220;est\u00e0 basat en els valors intangibles de la igualtat i la llibertat i per aix\u00f2 les pr\u00f2ximes eleccions s\u00f3n fonamentals perqu\u00e8 des de tots els pobles i comarques transformem la societat i millorem la vida de les persones &#8220;.<\/p>\n<p>Pr\u00e8viament, la candidata del PSPV-PSOE al Parlament Europeu, Inmaculada Rodr\u00edguez-Pi\u00f1ero, ha mantingut un di\u00e0leg amb el vicesecretari general dels socialistes valencians i diputat a les Corts Valencianes, Manolo Mata, i el catedr\u00e0tic i senador per Val\u00e8ncia, Javier de Lucas , en qu\u00e8 han debatut sobre la necessitat de participar en les seg\u00fcents eleccions europees i l&#8217;amena\u00e7a de l&#8217;extrema dreta.<\/p>\n<p>Aix\u00ed, Rodr\u00edguez-Pi\u00f1ero ha assegurat que els socialistes &#8220;som l&#8217;\u00fanic partit que pot frenar l&#8217;extrema dreta&#8221; en recordar que &#8220;som un partit amb implantaci\u00f3 a tots els pa\u00efsos europeus, amb un programa \u00fanic per a tots ells&#8221; i que Europa i la Uni\u00f3 &#8220;no podria entendre sense la socialdemocr\u00e0cia&#8221;. &#8220;Tots junts des de les posicions que defensem de llibertat i drets podrem frenar l&#8217;extrema dreta, ho hem fet a Espanya, en aquesta Comunitat Valenciana i estic conven\u00e7uda que ho farem en les seg\u00fcents eleccions europees i municipals&#8221;, ha afegit.<\/p>\n<p>&#8220;El que est\u00e0 en joc el proper 26 de maig \u00e9s l&#8217;ess\u00e8ncia de la nostra pr\u00f2pia forma de vida i la nostra llibertat, tenim grans reptes que podem aconseguir des de la for\u00e7a del PSPV&#8221;, ha expressat. Aix\u00ed mateix, ha expressat que la proposta dels socialistes va encaminada cap a una &#8220;Europa m\u00e9s social&#8221;: &#8220;Volem que tots els ciutadans visquin on visquin tinguin una asseguran\u00e7a d&#8217;ocupaci\u00f3 europeu i volem exigir una negociaci\u00f3 perqu\u00e8 hi hagi una regulaci\u00f3 laboral a nivell comunitari&#8221; .<\/p>\n<p>Per la seva banda, Manolo Mata ha destacat la import\u00e0ncia que els joves vagin a votar les properes eleccions del 26 de maig perqu\u00e8 &#8220;s&#8217;estan jugant el seu futur&#8221; ja que &#8220;l&#8217;extrema dreta no ent\u00e9n que ells vulguin viatjar d&#8217;un pa\u00eds a un altre, buscant noves cultures i oportunitats &#8220;, mentre que el senador per Val\u00e8ncia Javier de Lucas ha assegurat que el Partit Socialista&#8221; \u00e9s l&#8217;\u00fanica opci\u00f3 segura per avan\u00e7ar en drets, en llibertat, en democr\u00e0cia i en inclusi\u00f3 &#8220;perqu\u00e8, segons ha explicat,&#8221; el nostre \u00e9s l&#8217;esperan\u00e7a i parlar de les nostres propostes a Europa amb Inmaculada Rodr\u00edguez-Pi\u00f1ero i en el govern de la Generalitat que encap\u00e7alar\u00e0 Ximo Puig &#8220;.<\/p>\n<p>A l&#8217;acte tamb\u00e9 han participat la candidata a l&#8217;Alcaldia de N\u00e0quera, Elisa Mart\u00ednez, que ha ressaltat que N\u00e1quera &#8220;\u00e9s un poble acollidor, lliure i solidari&#8221;, una localitat per la qual ha dit &#8220;val la pena lluita&#8221;, aix\u00ed com la secret\u00e0ria general dels socialistes valencians a la comarca del Camp de T\u00faria, Lola Celda, que ha assenyalat que &#8220;hem de seguir treballant cada dia perqu\u00e8 la ciutadania s\u00e0piga que votar socialisme \u00e9s votar llibertat i democr\u00e0cia perqu\u00e8 nom\u00e9s amb governs socialistes en els ajuntaments podrem seguir creixent com a societat &#8220;.<\/p>\n","protected":false},"excerpt":{"rendered":"<div class=\"mh-excerpt\">El president de la Generalitat i secretari general del PSPV-PSOE, Ximo Puig, ha assegurat aquest diumenge durant l&#8217;acte &#8216;Festa de la democr\u00e0cia i la llibertat&#8217; celebrat a N\u00e0quera que &#8220;si la ciutadania votar\u00e0 el proper <a class=\"mh-excerpt-more\" href=\"https:\/\/tucomarca.whitekongsoftware.com\/ca\/ximo-puig-si-la-ciutadania-votara-el-proper-26m-guanyara-el-progres-i-la-llibertat\/\" title=\"Ximo Puig: &#8220;Si la ciutadania votar\u00e0 el proper 26M, guanyar\u00e0 el progr\u00e9s i la llibertat&#8221;\">[+] <\/a><\/div>\n","protected":false},"author":1,"featured_media":85871,"comment_status":"open","ping_status":"open","sticky":false,"template":"","format":"standard","meta":{"footnotes":""},"categories":[10892,10898,10894,10936,10947,10896],"tags":[11319],"class_list":["post-85873","post","type-post","status-publish","format-standard","has-post-thumbnail","category-camp-de-turia-ca","category-ventana-ca","category-la-comarca-ca","category-naquera-ca","category-politica","category-seccion-ca","tag-pspv-psoe-ca"],"_links":{"self":[{"href":"https:\/\/tucomarca.whitekongsoftware.com\/ca\/wp-json\/wp\/v2\/posts\/85873","targetHints":{"allow":["GET"]}}],"collection":[{"href":"https:\/\/tucomarca.whitekongsoftware.com\/ca\/wp-json\/wp\/v2\/posts"}],"about":[{"href":"https:\/\/tucomarca.whitekongsoftware.com\/ca\/wp-json\/wp\/v2\/types\/post"}],"author":[{"embeddable":true,"href":"https:\/\/tucomarca.whitekongsoftware.com\/ca\/wp-json\/wp\/v2\/users\/1"}],"replies":[{"embeddable":true,"href":"https:\/\/tucomarca.whitekongsoftware.com\/ca\/wp-json\/wp\/v2\/comments?post=85873"}],"version-history":[{"count":0,"href":"https:\/\/tucomarca.whitekongsoftware.com\/ca\/wp-json\/wp\/v2\/posts\/85873\/revisions"}],"wp:featuredmedia":[{"embeddable":true,"href":"https:\/\/tucomarca.whitekongsoftware.com\/ca\/wp-json\/wp\/v2\/media\/85871"}],"wp:attachment":[{"href":"https:\/\/tucomarca.whitekongsoftware.com\/ca\/wp-json\/wp\/v2\/media?parent=85873"}],"wp:term":[{"taxonomy":"category","embeddable":true,"href":"https:\/\/tucomarca.whitekongsoftware.com\/ca\/wp-json\/wp\/v2\/categories?post=85873"},{"taxonomy":"post_tag","embeddable":true,"href":"https:\/\/tucomarca.whitekongsoftware.com\/ca\/wp-json\/wp\/v2\/tags?post=85873"}],"curies":[{"name":"wp","href":"https:\/\/api.w.org\/{rel}","templated":true}]}}