{"id":85848,"date":"2019-05-12T22:46:47","date_gmt":"2019-05-12T20:46:47","guid":{"rendered":"http:\/\/www.tucomarca.com\/wordpress\/segunda\/?p=85848"},"modified":"2019-05-12T22:46:47","modified_gmt":"2019-05-12T20:46:47","slug":"ciutadans-bunyol-retira-la-llista-municipal-davant-la-impossibilitat-desmenar-errors","status":"publish","type":"post","link":"https:\/\/tucomarca.whitekongsoftware.com\/ca\/ciutadans-bunyol-retira-la-llista-municipal-davant-la-impossibilitat-desmenar-errors\/","title":{"rendered":"Ciutadans Bunyol retira la llista municipal \u00abdavant la impossibilitat d&#8217;esmenar errors\u00bb"},"content":{"rendered":"<figure id=\"attachment_85845\" aria-describedby=\"caption-attachment-85845\" style=\"width: 481px\" class=\"wp-caption alignleft\"><img loading=\"lazy\" decoding=\"async\" class=\"size-full wp-image-85845\" src=\"http:\/\/www.tucomarca.com\/wordpress\/segunda\/wp-content\/uploads\/2019\/05\/csbunyol.jpeg\" alt=\"Ciudadanos Bu\u00f1ol retira la lista municipal \u00abante la imposibilidad de subsanar errores\u00bb.\" width=\"481\" height=\"534\" srcset=\"https:\/\/tucomarca.whitekongsoftware.com\/wp-content\/uploads\/2019\/05\/csbunyol.jpeg 481w, https:\/\/tucomarca.whitekongsoftware.com\/wp-content\/uploads\/2019\/05\/csbunyol-270x300.jpeg 270w\" sizes=\"auto, (max-width: 481px) 100vw, 481px\" \/><figcaption id=\"caption-attachment-85845\" class=\"wp-caption-text\">Ciutadans Bunyol retira la llista municipal \u00abdavant la impossibilitat d&#8217;esmenar errors\u00bb<\/figcaption><\/figure>\n<p>Fernando Molina, coordinador del Grup Local de Cs-Bunyol, al costat d&#8217;Emilio Zan\u00f3n, candidat a l&#8217;alcaldia han explicat que impossibiliten conc\u00f3rrer a les eleccions municipals del proper 26 de maig<\/p>\n<p>A la reuni\u00f3 el coordinador ha fet entrega del document que explica la traject\u00f2ria des que es va produir l&#8217;error de transcripci\u00f3 reconegut i recolzat des del primer moment pel Partit.<\/p>\n<p>Molina afirma que &#8220;sembla mentida que estant tots d&#8217;acord, la directiva del partit, els membres de la llista, i sense conflicte intern algun, sigui la mateixa Junta Electoral la qual no accepti l&#8217;esmena per una interpretaci\u00f3 tan estricta de la LOREG.<\/p>\n<p>Emilio Zan\u00f3n ha llegit un comunicat en el qual expressa que est\u00e0 molt afectat per la decisi\u00f3 de la junta electoral, donades les esperances d&#8217;aconseguir algun lloc d&#8217;aquesta candidatura Ha insistit en l&#8217;esfor\u00e7 realitzat per a conformar una llista integradora, homes i dones residents a Bu\u00f1ol en la seva gran majoria i coneixedors del dia a dia de Bunyol.<\/p>\n<p>Ha demanat disculpes a tots els ve\u00efns que confiaven en la nostra candidatura i per la qual no anem a poder respondre a aquesta legislatura, ha agra\u00eft tamb\u00e9 totes les mostres de suport que ha rebut durant aquests dies de tots ells i de la resta de les formacions pol\u00edtiques de Bunyol, un suport que en conjunt li ha perm\u00e8s arribar avui fins aqu\u00ed.<\/p>\n<p>&#8220;Vull ressaltar la unitat i el suport de tots els membres de la llista a l&#8217;hora de signar la nostra baixa en bloc, adquirint tots un comprom\u00eds de seguir treballant d&#8217;una forma coherent en les problem\u00e0tiques de Bunyol i la seva comarca, abans de res amb participaci\u00f3 i toler\u00e0ncia zero a la falta de transpar\u00e8ncia &#8220;, ha ressaltat Emilio Zan\u00f3n.<\/p>\n","protected":false},"excerpt":{"rendered":"<div class=\"mh-excerpt\">Fernando Molina, coordinador del Grup Local de Cs-Bunyol, al costat d&#8217;Emilio Zan\u00f3n, candidat a l&#8217;alcaldia han explicat que impossibiliten conc\u00f3rrer a les eleccions municipals del proper 26 de maig A la reuni\u00f3 el coordinador ha <a class=\"mh-excerpt-more\" href=\"https:\/\/tucomarca.whitekongsoftware.com\/ca\/ciutadans-bunyol-retira-la-llista-municipal-davant-la-impossibilitat-desmenar-errors\/\" title=\"Ciutadans Bunyol retira la llista municipal \u00abdavant la impossibilitat d&#8217;esmenar errors\u00bb\">[+] <\/a><\/div>\n","protected":false},"author":2,"featured_media":85846,"comment_status":"open","ping_status":"open","sticky":false,"template":"","format":"standard","meta":{"footnotes":""},"categories":[10911,10894,10912,10947,10896],"tags":[11314],"class_list":["post-85848","post","type-post","status-publish","format-standard","has-post-thumbnail","category-bunol-ca","category-la-comarca-ca","category-la-hoya-ca","category-politica","category-seccion-ca","tag-bunyol-ca"],"_links":{"self":[{"href":"https:\/\/tucomarca.whitekongsoftware.com\/ca\/wp-json\/wp\/v2\/posts\/85848","targetHints":{"allow":["GET"]}}],"collection":[{"href":"https:\/\/tucomarca.whitekongsoftware.com\/ca\/wp-json\/wp\/v2\/posts"}],"about":[{"href":"https:\/\/tucomarca.whitekongsoftware.com\/ca\/wp-json\/wp\/v2\/types\/post"}],"author":[{"embeddable":true,"href":"https:\/\/tucomarca.whitekongsoftware.com\/ca\/wp-json\/wp\/v2\/users\/2"}],"replies":[{"embeddable":true,"href":"https:\/\/tucomarca.whitekongsoftware.com\/ca\/wp-json\/wp\/v2\/comments?post=85848"}],"version-history":[{"count":0,"href":"https:\/\/tucomarca.whitekongsoftware.com\/ca\/wp-json\/wp\/v2\/posts\/85848\/revisions"}],"wp:featuredmedia":[{"embeddable":true,"href":"https:\/\/tucomarca.whitekongsoftware.com\/ca\/wp-json\/wp\/v2\/media\/85846"}],"wp:attachment":[{"href":"https:\/\/tucomarca.whitekongsoftware.com\/ca\/wp-json\/wp\/v2\/media?parent=85848"}],"wp:term":[{"taxonomy":"category","embeddable":true,"href":"https:\/\/tucomarca.whitekongsoftware.com\/ca\/wp-json\/wp\/v2\/categories?post=85848"},{"taxonomy":"post_tag","embeddable":true,"href":"https:\/\/tucomarca.whitekongsoftware.com\/ca\/wp-json\/wp\/v2\/tags?post=85848"}],"curies":[{"name":"wp","href":"https:\/\/api.w.org\/{rel}","templated":true}]}}