{"id":85841,"date":"2019-05-12T22:54:20","date_gmt":"2019-05-12T20:54:20","guid":{"rendered":"http:\/\/www.tucomarca.com\/wordpress\/segunda\/?p=85841"},"modified":"2019-05-12T22:54:20","modified_gmt":"2019-05-12T20:54:20","slug":"el-benjami-b-del-xiva-cf-es-proclama-campio-per-segon-any-consecutiu","status":"publish","type":"post","link":"https:\/\/tucomarca.whitekongsoftware.com\/ca\/el-benjami-b-del-xiva-cf-es-proclama-campio-per-segon-any-consecutiu\/","title":{"rendered":"El Benjam\u00ed B del Xiva CF es proclama campi\u00f3 per segon any consecutiu"},"content":{"rendered":"<figure id=\"attachment_85838\" aria-describedby=\"caption-attachment-85838\" style=\"width: 716px\" class=\"wp-caption alignnone\"><img loading=\"lazy\" decoding=\"async\" class=\" wp-image-85838\" src=\"http:\/\/www.tucomarca.com\/wordpress\/segunda\/wp-content\/uploads\/2019\/05\/ChivaBenjamin.jpg\" alt=\"El conjunto benjam\u00edn B chivano que se ha proclamado campe\u00f3n por segundo a\u00f1o consecutivo.\" width=\"716\" height=\"477\" srcset=\"https:\/\/tucomarca.whitekongsoftware.com\/wp-content\/uploads\/2019\/05\/ChivaBenjamin.jpg 1600w, https:\/\/tucomarca.whitekongsoftware.com\/wp-content\/uploads\/2019\/05\/ChivaBenjamin-300x200.jpg 300w, https:\/\/tucomarca.whitekongsoftware.com\/wp-content\/uploads\/2019\/05\/ChivaBenjamin-768x512.jpg 768w, https:\/\/tucomarca.whitekongsoftware.com\/wp-content\/uploads\/2019\/05\/ChivaBenjamin-1024x683.jpg 1024w\" sizes=\"auto, (max-width: 716px) 100vw, 716px\" \/><figcaption id=\"caption-attachment-85838\" class=\"wp-caption-text\">El conjunt benjam\u00ed B xiv\u00e0\u00a0que s&#8217;ha proclamat campi\u00f3 per segon any consecutiu.<\/figcaption><\/figure>\n<p>El Xiva\u00a0Benjam\u00ed B per segon any consecutiu ha estat campi\u00f3 del seu grup aquest 2019. Molt m\u00e8rit del conjunt tan jove que t\u00e9 Chiva en l&#8217;Esport Base. Hem volgut acostar-nos a la seva m\u00edster, perqu\u00e8 ens d&#8217;alguna de les claus de l&#8217;\u00e8xit aconseguit en dos anys, per\u00f2 que ve d&#8217;abans.<\/p>\n<p>L&#8217;entesa entre el t\u00e8cnic del Benjam\u00ed B del Xiva, David Tar\u00edn, i els seus jugadors \u00e9s fort donat que porten ja diversos anys seguits junts, \u00e9s a dir, querubins, dos d&#8217;prebenjamins i est de benjamins.<\/p>\n<p>El m\u00edster diu que l&#8217;ha ajudat que siguin &#8220;bons nois, sense maldat i ganes d&#8217;aprendre&#8221;, i \u00e9s que com diu David, &#8220;cal esfor\u00e7ar-se, encara que anem guanyant&#8221;, per aix\u00f2 s&#8217;han barallat i guanyat tants partits. No han perdut ni un sol partit, amb 179 gols a favor i nom\u00e9s 28 en contra, el que parla molt b\u00e9 de la tasca tant defensiva com ofensiva, que aquests joves, malgrat la seva edat, exerceixen en el verd gr\u00e0cies al treball diari del cos t\u00e8cnic i les fam\u00edlies dels propis jugadors.<\/p>\n<p>Una cosa que el m\u00edster vol destacar \u00e9s que no posseeix al m\u00e0xim golejador, per\u00f2 s\u00ed compten amb Alexis que t\u00e9 ja 38 gols, Bastian 32, Mario amb 27 i Mart\u00edn amb 25, \u00e9s a dir, &#8220;que entre companys es reparteixen i no s\u00f3n molt egoistes &#8220;, ha destacat el t\u00e8cnic per tucomarca.com.<\/p>\n<p>Segons ell mateix, el millor partit va ser a casa, a Chiva, davant els seus ve\u00efns, el CD Xest, primers front tercers; i el resultat va ser de 9-2, per\u00f2 el millor va ser les ganes i esfor\u00e7 que van posar els xavals a la gespa, m\u00e9s enll\u00e0 del resultat, que tamb\u00e9 va ser positiu, m\u00e9s en un derbi.<\/p>\n<p>Finalment, David parla per als seus jugadors: &#8220;que segueixin amb moltes ganes, ja que vist el nivell del grup, pot gaudir molt jugant com fins ara, tamb\u00e9 agrair-li a Daniel el que ha fet, perqu\u00e8 \u00e9s indispensable en el que s&#8217;ha aconseguit fins ara. no m&#8217;oblido de les facilitats del club a l&#8217;hora de tot, el que ha fet que les dues temporades hagin donat aquests fruits &#8220;.<\/p>\n<p>Agrair al m\u00edster seu temps i desitjar-li que segueixi la ratxa i els i les joves segueixin creixent i gaudint, que d&#8217;aix\u00f2 es tracta a aquestes edats. Informa, Ra\u00fal Miralles Lacalle @raulmks<\/p>\n","protected":false},"excerpt":{"rendered":"<div class=\"mh-excerpt\">El Xiva\u00a0Benjam\u00ed B per segon any consecutiu ha estat campi\u00f3 del seu grup aquest 2019. Molt m\u00e8rit del conjunt tan jove que t\u00e9 Chiva en l&#8217;Esport Base. Hem volgut acostar-nos a la seva m\u00edster, perqu\u00e8 <a class=\"mh-excerpt-more\" href=\"https:\/\/tucomarca.whitekongsoftware.com\/ca\/el-benjami-b-del-xiva-cf-es-proclama-campio-per-segon-any-consecutiu\/\" title=\"El Benjam\u00ed B del Xiva CF es proclama campi\u00f3 per segon any consecutiu\">[+] <\/a><\/div>\n","protected":false},"author":1,"featured_media":85839,"comment_status":"open","ping_status":"open","sticky":false,"template":"","format":"standard","meta":{"footnotes":""},"categories":[11015,11003,10898,10912,10896,10975],"tags":[11074,11264],"class_list":["post-85841","post","type-post","status-publish","format-standard","has-post-thumbnail","category-canal-futbol","category-sports","category-ventana-ca","category-la-hoya-ca","category-seccion-ca","category-chiva-ca","tag-deportes-ca","tag-esports-ca"],"_links":{"self":[{"href":"https:\/\/tucomarca.whitekongsoftware.com\/ca\/wp-json\/wp\/v2\/posts\/85841","targetHints":{"allow":["GET"]}}],"collection":[{"href":"https:\/\/tucomarca.whitekongsoftware.com\/ca\/wp-json\/wp\/v2\/posts"}],"about":[{"href":"https:\/\/tucomarca.whitekongsoftware.com\/ca\/wp-json\/wp\/v2\/types\/post"}],"author":[{"embeddable":true,"href":"https:\/\/tucomarca.whitekongsoftware.com\/ca\/wp-json\/wp\/v2\/users\/1"}],"replies":[{"embeddable":true,"href":"https:\/\/tucomarca.whitekongsoftware.com\/ca\/wp-json\/wp\/v2\/comments?post=85841"}],"version-history":[{"count":0,"href":"https:\/\/tucomarca.whitekongsoftware.com\/ca\/wp-json\/wp\/v2\/posts\/85841\/revisions"}],"wp:featuredmedia":[{"embeddable":true,"href":"https:\/\/tucomarca.whitekongsoftware.com\/ca\/wp-json\/wp\/v2\/media\/85839"}],"wp:attachment":[{"href":"https:\/\/tucomarca.whitekongsoftware.com\/ca\/wp-json\/wp\/v2\/media?parent=85841"}],"wp:term":[{"taxonomy":"category","embeddable":true,"href":"https:\/\/tucomarca.whitekongsoftware.com\/ca\/wp-json\/wp\/v2\/categories?post=85841"},{"taxonomy":"post_tag","embeddable":true,"href":"https:\/\/tucomarca.whitekongsoftware.com\/ca\/wp-json\/wp\/v2\/tags?post=85841"}],"curies":[{"name":"wp","href":"https:\/\/api.w.org\/{rel}","templated":true}]}}