{"id":85831,"date":"2019-05-12T22:50:32","date_gmt":"2019-05-12T20:50:32","guid":{"rendered":"http:\/\/www.tucomarca.com\/wordpress\/segunda\/?p=85831"},"modified":"2019-05-12T22:50:32","modified_gmt":"2019-05-12T20:50:32","slug":"bunolesmusica-candidata-a-la-xarxa-de-ciutats-creatives-de-la-unesco-a-la-convocatoria-de-2019","status":"publish","type":"post","link":"https:\/\/tucomarca.whitekongsoftware.com\/ca\/bunolesmusica-candidata-a-la-xarxa-de-ciutats-creatives-de-la-unesco-a-la-convocatoria-de-2019\/","title":{"rendered":"# Bu\u00f1olEsM\u00fasica, candidata a la Xarxa de Ciutats Creatives de la UNESCO a la convocat\u00f2ria de 2019"},"content":{"rendered":"<figure id=\"attachment_85818\" aria-describedby=\"caption-attachment-85818\" style=\"width: 595px\" class=\"wp-caption alignleft\"><img loading=\"lazy\" decoding=\"async\" class=\" wp-image-85818\" src=\"http:\/\/www.tucomarca.com\/wordpress\/segunda\/wp-content\/uploads\/2019\/05\/PHOTO-2019-05-12-17-54-07.jpg\" alt=\"La alcaldesa, Juncal Carrascosa junto las directivas de las dos sociedades musicales de Bu\u00f1ol.\" width=\"595\" height=\"446\" srcset=\"https:\/\/tucomarca.whitekongsoftware.com\/wp-content\/uploads\/2019\/05\/PHOTO-2019-05-12-17-54-07.jpg 1600w, https:\/\/tucomarca.whitekongsoftware.com\/wp-content\/uploads\/2019\/05\/PHOTO-2019-05-12-17-54-07-300x225.jpg 300w, https:\/\/tucomarca.whitekongsoftware.com\/wp-content\/uploads\/2019\/05\/PHOTO-2019-05-12-17-54-07-768x576.jpg 768w, https:\/\/tucomarca.whitekongsoftware.com\/wp-content\/uploads\/2019\/05\/PHOTO-2019-05-12-17-54-07-1024x768.jpg 1024w\" sizes=\"auto, (max-width: 595px) 100vw, 595px\" \/><figcaption id=\"caption-attachment-85818\" class=\"wp-caption-text\">L&#8217;alcaldessa, Juncal Carrascosa al costat les directives de les dues societats musicals de Bunyol.<img loading=\"lazy\" decoding=\"async\" class=\"alignleft wp-image-85827\" style=\"font-size: 16px;\" src=\"http:\/\/www.tucomarca.com\/wordpress\/segunda\/wp-content\/uploads\/2019\/05\/PHOTO-2019-05-12-17-53-50.jpg\" alt=\"\" width=\"778\" height=\"584\" srcset=\"https:\/\/tucomarca.whitekongsoftware.com\/wp-content\/uploads\/2019\/05\/PHOTO-2019-05-12-17-53-50.jpg 1600w, https:\/\/tucomarca.whitekongsoftware.com\/wp-content\/uploads\/2019\/05\/PHOTO-2019-05-12-17-53-50-300x225.jpg 300w, https:\/\/tucomarca.whitekongsoftware.com\/wp-content\/uploads\/2019\/05\/PHOTO-2019-05-12-17-53-50-768x576.jpg 768w, https:\/\/tucomarca.whitekongsoftware.com\/wp-content\/uploads\/2019\/05\/PHOTO-2019-05-12-17-53-50-1024x768.jpg 1024w\" sizes=\"auto, (max-width: 778px) 100vw, 778px\" \/><\/figcaption><\/figure>\n<p>Ja \u00e9s sabut que Bunyol es postula com a candidat a la Xarxa de Ciutats Creatives de la UNESCO a la convocat\u00f2ria de 2019, en la categoria de &#8220;M\u00fasica&#8221;. # Bu\u00f1olEsM\u00fasica<\/p>\n<p>Som seu de la Wasbe Conference 2019. Les nostres societats musicals, amb m\u00e9s de 135 anys d&#8217;hist\u00f2ria, compten amb reconeixements en multitud de cert\u00e0mens nacionals i mundials de bandes. El nostre Concert M\u00e0 a m\u00e0 \u00e9s, sense cap dubte, l&#8217;esdeveniment de m\u00fasica de vent m\u00e9s important del m\u00f3n. La nostra reeixida Biennal Musical, cada vegada atrau un major nombre de visitants. Les nostres infraestructures alberguen una riquesa musical extraordin\u00e0ria &#8230;<\/p>\n","protected":false},"excerpt":{"rendered":"<div class=\"mh-excerpt\">Ja \u00e9s sabut que Bunyol es postula com a candidat a la Xarxa de Ciutats Creatives de la UNESCO a la convocat\u00f2ria de 2019, en la categoria de &#8220;M\u00fasica&#8221;. # Bu\u00f1olEsM\u00fasica Som seu de la <a class=\"mh-excerpt-more\" href=\"https:\/\/tucomarca.whitekongsoftware.com\/ca\/bunolesmusica-candidata-a-la-xarxa-de-ciutats-creatives-de-la-unesco-a-la-convocatoria-de-2019\/\" title=\"# Bu\u00f1olEsM\u00fasica, candidata a la Xarxa de Ciutats Creatives de la UNESCO a la convocat\u00f2ria de 2019\">[+] <\/a><\/div>\n","protected":false},"author":2,"featured_media":85819,"comment_status":"open","ping_status":"open","sticky":false,"template":"","format":"standard","meta":{"footnotes":""},"categories":[10911,11005,10912,11007,10896],"tags":[11635,11314],"class_list":["post-85831","post","type-post","status-publish","format-standard","has-post-thumbnail","category-bunol-ca","category-canal-musica","category-la-hoya-ca","category-ocio-y-cultura-ca","category-seccion-ca","tag-bunolesmusica-ca","tag-bunyol-ca"],"_links":{"self":[{"href":"https:\/\/tucomarca.whitekongsoftware.com\/ca\/wp-json\/wp\/v2\/posts\/85831","targetHints":{"allow":["GET"]}}],"collection":[{"href":"https:\/\/tucomarca.whitekongsoftware.com\/ca\/wp-json\/wp\/v2\/posts"}],"about":[{"href":"https:\/\/tucomarca.whitekongsoftware.com\/ca\/wp-json\/wp\/v2\/types\/post"}],"author":[{"embeddable":true,"href":"https:\/\/tucomarca.whitekongsoftware.com\/ca\/wp-json\/wp\/v2\/users\/2"}],"replies":[{"embeddable":true,"href":"https:\/\/tucomarca.whitekongsoftware.com\/ca\/wp-json\/wp\/v2\/comments?post=85831"}],"version-history":[{"count":0,"href":"https:\/\/tucomarca.whitekongsoftware.com\/ca\/wp-json\/wp\/v2\/posts\/85831\/revisions"}],"wp:featuredmedia":[{"embeddable":true,"href":"https:\/\/tucomarca.whitekongsoftware.com\/ca\/wp-json\/wp\/v2\/media\/85819"}],"wp:attachment":[{"href":"https:\/\/tucomarca.whitekongsoftware.com\/ca\/wp-json\/wp\/v2\/media?parent=85831"}],"wp:term":[{"taxonomy":"category","embeddable":true,"href":"https:\/\/tucomarca.whitekongsoftware.com\/ca\/wp-json\/wp\/v2\/categories?post=85831"},{"taxonomy":"post_tag","embeddable":true,"href":"https:\/\/tucomarca.whitekongsoftware.com\/ca\/wp-json\/wp\/v2\/tags?post=85831"}],"curies":[{"name":"wp","href":"https:\/\/api.w.org\/{rel}","templated":true}]}}