{"id":85782,"date":"2019-05-09T21:27:50","date_gmt":"2019-05-09T19:27:50","guid":{"rendered":"http:\/\/www.tucomarca.com\/wordpress\/segunda\/?p=85782"},"modified":"2019-05-09T21:27:50","modified_gmt":"2019-05-09T19:27:50","slug":"xest-participa-a-lassemblea-general-de-la-xarxa-de-municipis-protegits-contra-la-violencia-de-genere","status":"publish","type":"post","link":"https:\/\/tucomarca.whitekongsoftware.com\/ca\/xest-participa-a-lassemblea-general-de-la-xarxa-de-municipis-protegits-contra-la-violencia-de-genere\/","title":{"rendered":"Xest participa a l&#8217;Assemblea General de la Xarxa de Municipis Protegits contra la Viol\u00e8ncia de G\u00e8nere"},"content":{"rendered":"<div class=\"\">\n<figure id=\"attachment_85779\" aria-describedby=\"caption-attachment-85779\" style=\"width: 481px\" class=\"wp-caption alignleft\"><img loading=\"lazy\" decoding=\"async\" class=\" wp-image-85779\" src=\"http:\/\/www.tucomarca.com\/wordpress\/segunda\/wp-content\/uploads\/2019\/05\/1.jpg\" alt=\"Cheste participa en la Asamblea General de la Red de Municipios Protegidos contra la Violencia de G\u00e9nero.\" width=\"481\" height=\"299\" srcset=\"https:\/\/tucomarca.whitekongsoftware.com\/wp-content\/uploads\/2019\/05\/1.jpg 2362w, https:\/\/tucomarca.whitekongsoftware.com\/wp-content\/uploads\/2019\/05\/1-300x186.jpg 300w, https:\/\/tucomarca.whitekongsoftware.com\/wp-content\/uploads\/2019\/05\/1-768x477.jpg 768w, https:\/\/tucomarca.whitekongsoftware.com\/wp-content\/uploads\/2019\/05\/1-1024x636.jpg 1024w\" sizes=\"auto, (max-width: 481px) 100vw, 481px\" \/><figcaption id=\"caption-attachment-85779\" class=\"wp-caption-text\">Xest participa a l&#8217;Assemblea General de la Xarxa de Municipis Protegits contra la Viol\u00e8ncia de G\u00e8nere.<\/figcaption><\/figure>\n<div class=\"\">\n<p>Ahir, dimecres 8 de maig, Xest va participar, com a municipi fundador, en l&#8217;Assemblea General de la Xarxa de Municipis Protegits contra la Viol\u00e8ncia de G\u00e8nere de la Diputaci\u00f3 de Val\u00e8ncia, constitu\u00efda el passat mes de novembre.<\/p>\n<p>&#8220;El bon funcionament d&#8217;aquesta xarxa \u00e9s molt important i poder formar part d&#8217;ella i fer-ho a m\u00e9s, com a municipi fundador, \u00e9s tot un orgull. La uni\u00f3 de tots els municipis \u00e9s clau per combatre la viol\u00e8ncia de g\u00e8nere des de diferents \u00e0mbits, treballant en conjunt i amb el suport de la Diputaci\u00f3 &#8220;, afirma la regidora d&#8217;Igualtat de l&#8217;Ajuntament, Ainoha Albiach.<\/p>\n<p>En la sessi\u00f3 es va aprovar l&#8217;adhesi\u00f3 de 13 nous municipis: Pu\u00e7ol, Bocairent, Sagunt, Benissoda, el Villar, Alc\u00fadia, Massamagrell, Paterna, Llutxent, Vallada, Bonrep\u00f2s i Mirambell, Ll\u00edria i Piles; de manera que la Xarxa ja suma 62 membres que treballaran en la lluita contra la viol\u00e8ncia de g\u00e8nere.<\/p>\n<p>La diputada d&#8217;Igualtat, Isabel Garcia, ha destacat el comprom\u00eds dels 49 municipis fundadors, entre els quals es troba Xest, per haver complert amb els requisits de la Xarxa i ha instat les persones responsables de les \u00e0rees d&#8217;Igualtat a nivell t\u00e8cnic i pol\u00edtic al fet que &#8220;no deixin mai de tenir com a objectiu la lluita contra aquesta xacra social, que ha trobat en aquesta xarxa provincial de municipis un abans i un despr\u00e9s en la gesti\u00f3 institucional del problema&#8221;.<\/p>\n<p>A m\u00e9s, Garc\u00eda ha recordat als representants dels municipis que encara estan a temps de sol\u00b7licitar les subvencions que concedeix la corporaci\u00f3, ja que el termini expira el pr\u00f2xim 13 de maig. Es disposa d&#8217;una partida de 200.000 euros dirigida, entre d&#8217;altres actuacions, a la formaci\u00f3 d&#8217;agents locals i activitats de sensibilitzaci\u00f3 en mat\u00e8ria de viol\u00e8ncia de g\u00e8nere.<\/p>\n<p>En aquesta l\u00ednia, la corporaci\u00f3 provincial posar\u00e0 en marxa, despr\u00e9s del per\u00edode estival, dues noves edicions del curs de formaci\u00f3 per a agents de la policia local en mat\u00e8ria de viol\u00e8ncia de g\u00e8nere, en col\u00b7laboraci\u00f3 amb l&#8217;Institut Valenci\u00e0 de Seguretat P\u00fablica i Emerg\u00e8ncies (IVASPE) .<\/p>\n<\/div>\n<\/div>\n","protected":false},"excerpt":{"rendered":"<div class=\"mh-excerpt\">Ahir, dimecres 8 de maig, Xest va participar, com a municipi fundador, en l&#8217;Assemblea General de la Xarxa de Municipis Protegits contra la Viol\u00e8ncia de G\u00e8nere de la Diputaci\u00f3 de Val\u00e8ncia, constitu\u00efda el passat mes <a class=\"mh-excerpt-more\" href=\"https:\/\/tucomarca.whitekongsoftware.com\/ca\/xest-participa-a-lassemblea-general-de-la-xarxa-de-municipis-protegits-contra-la-violencia-de-genere\/\" title=\"Xest participa a l&#8217;Assemblea General de la Xarxa de Municipis Protegits contra la Viol\u00e8ncia de G\u00e8nere\">[+] <\/a><\/div>\n","protected":false},"author":2,"featured_media":85780,"comment_status":"open","ping_status":"open","sticky":false,"template":"","format":"standard","meta":{"footnotes":""},"categories":[10894,10912,10896,10974],"tags":[11109],"class_list":["post-85782","post","type-post","status-publish","format-standard","has-post-thumbnail","category-la-comarca-ca","category-la-hoya-ca","category-seccion-ca","category-cheste-ca","tag-xest"],"_links":{"self":[{"href":"https:\/\/tucomarca.whitekongsoftware.com\/ca\/wp-json\/wp\/v2\/posts\/85782","targetHints":{"allow":["GET"]}}],"collection":[{"href":"https:\/\/tucomarca.whitekongsoftware.com\/ca\/wp-json\/wp\/v2\/posts"}],"about":[{"href":"https:\/\/tucomarca.whitekongsoftware.com\/ca\/wp-json\/wp\/v2\/types\/post"}],"author":[{"embeddable":true,"href":"https:\/\/tucomarca.whitekongsoftware.com\/ca\/wp-json\/wp\/v2\/users\/2"}],"replies":[{"embeddable":true,"href":"https:\/\/tucomarca.whitekongsoftware.com\/ca\/wp-json\/wp\/v2\/comments?post=85782"}],"version-history":[{"count":0,"href":"https:\/\/tucomarca.whitekongsoftware.com\/ca\/wp-json\/wp\/v2\/posts\/85782\/revisions"}],"wp:featuredmedia":[{"embeddable":true,"href":"https:\/\/tucomarca.whitekongsoftware.com\/ca\/wp-json\/wp\/v2\/media\/85780"}],"wp:attachment":[{"href":"https:\/\/tucomarca.whitekongsoftware.com\/ca\/wp-json\/wp\/v2\/media?parent=85782"}],"wp:term":[{"taxonomy":"category","embeddable":true,"href":"https:\/\/tucomarca.whitekongsoftware.com\/ca\/wp-json\/wp\/v2\/categories?post=85782"},{"taxonomy":"post_tag","embeddable":true,"href":"https:\/\/tucomarca.whitekongsoftware.com\/ca\/wp-json\/wp\/v2\/tags?post=85782"}],"curies":[{"name":"wp","href":"https:\/\/api.w.org\/{rel}","templated":true}]}}