{"id":85776,"date":"2019-05-09T19:08:13","date_gmt":"2019-05-09T17:08:13","guid":{"rendered":"http:\/\/www.tucomarca.com\/wordpress\/segunda\/?p=85776"},"modified":"2019-05-09T19:08:13","modified_gmt":"2019-05-09T17:08:13","slug":"xest-participa-en-la-segona-reunio-a-malta-emmarcada-dins-el-programa-europa-per-als-ciutadans-i-ciutadanes","status":"publish","type":"post","link":"https:\/\/tucomarca.whitekongsoftware.com\/ca\/xest-participa-en-la-segona-reunio-a-malta-emmarcada-dins-el-programa-europa-per-als-ciutadans-i-ciutadanes\/","title":{"rendered":"Xest participa en la segona reuni\u00f3 a Malta, emmarcada dins el programa &#8220;Europa per als ciutadans i ciutadanes&#8221;"},"content":{"rendered":"<div class=\"\">\n<figure id=\"attachment_85772\" aria-describedby=\"caption-attachment-85772\" style=\"width: 475px\" class=\"wp-caption alignleft\"><img loading=\"lazy\" decoding=\"async\" class=\" wp-image-85772\" src=\"http:\/\/www.tucomarca.com\/wordpress\/segunda\/wp-content\/uploads\/2019\/05\/DelegacionChesteMalta.jpg\" alt=\"Delegaci\u00f3n de Cheste en Malta.\" width=\"475\" height=\"267\" srcset=\"https:\/\/tucomarca.whitekongsoftware.com\/wp-content\/uploads\/2019\/05\/DelegacionChesteMalta.jpg 4128w, https:\/\/tucomarca.whitekongsoftware.com\/wp-content\/uploads\/2019\/05\/DelegacionChesteMalta-300x169.jpg 300w, https:\/\/tucomarca.whitekongsoftware.com\/wp-content\/uploads\/2019\/05\/DelegacionChesteMalta-768x432.jpg 768w, https:\/\/tucomarca.whitekongsoftware.com\/wp-content\/uploads\/2019\/05\/DelegacionChesteMalta-1024x576.jpg 1024w\" sizes=\"auto, (max-width: 475px) 100vw, 475px\" \/><figcaption id=\"caption-attachment-85772\" class=\"wp-caption-text\">Delegaci\u00f3 de Xest\u00a0a Malta.<\/figcaption><\/figure>\n<p>La delegaci\u00f3 de Xest que participa en el projecte europeu de llarg recorregut emmarcat dins el programa &#8220;Europa per als ciutadans i ciutadanes&#8221;, a proposta de la regidoria de Benestar Social de l&#8217;Ajuntament, a c\u00e0rrec de M\u00aa \u00c1ngeles Llorente, acaba de tornar de la segona cita emmarcada en aquest projecte. Aquesta vegada s&#8217;ha celebrat al municipi de Gharb (Malta). Sota el lema &#8220;Vells problemes, noves solucions&#8221;, representants de set poblacions europees segueixen treballant per posar en marxa iniciatives per combatre l&#8217;euroescepticisme. Els municipis que participen en aquest projecte s\u00f3n Xest (Espanya), Alimos (Gr\u00e8cia), San Cassiano (It\u00e0lia), Lisboa (Portugal), Gharb (Malta), Novo Mesto (Eslov\u00e8nia) i Iasi (Romania). L&#8217;equip de professionals que representa Xest est\u00e0 format per Desir\u00e9 Cort\u00e9s, en representaci\u00f3 del Centre de Formaci\u00f3 de Persones Adultes; Rom\u00e1n S\u00e1ez, educador social de l&#8217;Ajuntament; Jos\u00e9 Casas, per part de la Fundaci\u00f3 cajacheste i Laura Cub\u00ed, directora de l&#8217;escola de M\u00fasica de l&#8217;Associaci\u00f3 Musical La Lira.<\/p>\n<p>&#8220;Durant tres dies s&#8217;han celebrat diferents sessions de treball per crear una xarxa de cooperaci\u00f3 sostenible entre els pa\u00efsos i una estrat\u00e8gia d&#8217;actuaci\u00f3, amb objectius com remetre algunes idees negatives sobre la Uni\u00f3 Europea esteses entre la poblaci\u00f3 i crear consci\u00e8ncia sobre els processos de presa de decisions. Durant una d&#8217;aquestes sessions de treball, la delegaci\u00f3 de Xest vam presentar un escrit que descrivia la visi\u00f3 que es percep d&#8217;Europa des del nostre municipi. Es van respondre a q\u00fcestions com &#8216;\u00bfquins s\u00f3n els efectes de l&#8217;euroescepticisme al nostre pa\u00eds ?, Qu\u00e8 s&#8217;est\u00e0 fent per abordar aquest problema? &#8220;O Qu\u00e8 podem fer per promoure m\u00e9s la inclusi\u00f3 dels pobles a la UE?&#8217; I es van debatre les propostes presentades pels altres membres participants en el programa &#8220;, va explicar Roman S\u00e1ez.<\/p>\n<p>El programa t\u00e9 com a objectiu contribuir a millorar la comprensi\u00f3 de la Uni\u00f3 als ciutadans i ciutadanes, de la seva hist\u00f2ria i de la seva diversitat, a m\u00e9s de fomentar la ciutadania europea i millorar les condicions per a la participaci\u00f3 ciutadana i democr\u00e0tica. Es persegueix per tant sensibilitzar sobre la mem\u00f2ria hist\u00f2rica, la hist\u00f2ria i els valors comuns i la meta de la Uni\u00f3 de promoure la pau, els seus valors i el benestar de la seva gent, estimulant el debat entre els representants dels municipis participants i promovent oportunitats de comprom\u00eds social i intercultural i voluntariat.<\/p>\n<p>&#8220;En aquesta segona trobada, es va comen\u00e7ar amb una exposici\u00f3 per part del coordinador de la delegaci\u00f3 de Gharb en qu\u00e8 va parlar de dues l\u00ednies de treball. En primer lloc va exposar les propostes que s&#8217;estan duent a terme al seu municipi, per fomentar i promoure l&#8217;acc\u00e9s de la joventut a les institucions democr\u00e0tiques de la Uni\u00f3 Europea. Ha subratllat tamb\u00e9 el treball necessari per connectar amb aquest col\u00b7lectiu, a trav\u00e9s de les xarxes socials. I, en segon lloc, van voler posar en com\u00fa la manca d&#8217;atenci\u00f3 i invisibilitat de municipis rurals de la mida de Gharb, per part de la Uni\u00f3 Europea i fins i tot del seu propi pa\u00eds, Malta. A trav\u00e9s d&#8217;aquest programa, esperen posar el focus en el seu municipi i d&#8217;altres amb les mateixes caracter\u00edstiques i els problemes urgents que pateixen com la despoblaci\u00f3, la creaci\u00f3 de treball urgent per als i les joves i l&#8217;increment en els preus de l&#8217;habitatge &#8220;, relatava Jos\u00e9 Casas, en la reuni\u00f3 amb la regidora.<\/p>\n<p>&#8220;Des de la delegaci\u00f3 de Gharb van explicar les diferents propostes que estan en marxa en el seu municipi per implicar la joventut en l&#8217;\u00e0mbit pol\u00edtic. Amb l&#8217;objectiu d&#8217;implicar els joves i als menors de 18 anys, se&#8217;ls ha donat veu i vot per decidir i participar en les pr\u00f2ximes eleccions municipals en un proc\u00e9s semblant als pressupostos participatius de la iniciativa d&#8217;#ChesteDecide &#8220;, apuntava Desir\u00e9 Cort\u00e9s . &#8220;Aquest programa ens est\u00e0 permetent teixir una xarxa de contactes perqu\u00e8 en el futur es puguin fer intercanvis culturals des de Xest, a nivell europeu&#8221;.<\/p>\n<p>Per la seva banda, la regidora ha subratllat la necessitat de &#8220;tenir en compte totes les conclusions i intercanvis d&#8217;experi\u00e8ncies que s&#8217;han compartit en aquestes trobades&#8221; per poder treballar sobre elles activament. &#8220;Cal obrir els ulls a Europa i als ciutadans i ciutadanes perqu\u00e8 siguin conscients dels problemes que afecten les zones rurals i els seus municipis. Problemes com la despoblaci\u00f3, la falta d&#8217;ocupaci\u00f3 juvenil i la turistificaci\u00f3 d&#8217;algunes zones, que ha provocat l&#8217;increment dels preus dels habitatges per als residents &#8220;, va comentar Llorente.<\/p>\n<p>El proper esdeveniment posar\u00e0 el focus en la joventut i se celebrar\u00e0 a Lisboa (Portugal), els dies 3, 4 i 5 de juny de 2019. Les delegacions que participen en aquest projecte es citaran a Xest els dies 20, 21 i 22 de novembre de 2019 per participar en unes jornades centrades en el concepte del &#8220;associacionisme&#8221;.<\/p>\n<\/div>\n","protected":false},"excerpt":{"rendered":"<div class=\"mh-excerpt\">La delegaci\u00f3 de Xest que participa en el projecte europeu de llarg recorregut emmarcat dins el programa &#8220;Europa per als ciutadans i ciutadanes&#8221;, a proposta de la regidoria de Benestar Social de l&#8217;Ajuntament, a c\u00e0rrec <a class=\"mh-excerpt-more\" href=\"https:\/\/tucomarca.whitekongsoftware.com\/ca\/xest-participa-en-la-segona-reunio-a-malta-emmarcada-dins-el-programa-europa-per-als-ciutadans-i-ciutadanes\/\" title=\"Xest participa en la segona reuni\u00f3 a Malta, emmarcada dins el programa &#8220;Europa per als ciutadans i ciutadanes&#8221;\">[+] <\/a><\/div>\n","protected":false},"author":2,"featured_media":85771,"comment_status":"open","ping_status":"open","sticky":false,"template":"","format":"standard","meta":{"footnotes":""},"categories":[10894,10912,10896,10974],"tags":[11071,11628],"class_list":["post-85776","post","type-post","status-publish","format-standard","has-post-thumbnail","category-la-comarca-ca","category-la-hoya-ca","category-seccion-ca","category-cheste-ca","tag-cheste","tag-europa-para-los-ciudadanos-y-ciudadanas-ca"],"_links":{"self":[{"href":"https:\/\/tucomarca.whitekongsoftware.com\/ca\/wp-json\/wp\/v2\/posts\/85776","targetHints":{"allow":["GET"]}}],"collection":[{"href":"https:\/\/tucomarca.whitekongsoftware.com\/ca\/wp-json\/wp\/v2\/posts"}],"about":[{"href":"https:\/\/tucomarca.whitekongsoftware.com\/ca\/wp-json\/wp\/v2\/types\/post"}],"author":[{"embeddable":true,"href":"https:\/\/tucomarca.whitekongsoftware.com\/ca\/wp-json\/wp\/v2\/users\/2"}],"replies":[{"embeddable":true,"href":"https:\/\/tucomarca.whitekongsoftware.com\/ca\/wp-json\/wp\/v2\/comments?post=85776"}],"version-history":[{"count":0,"href":"https:\/\/tucomarca.whitekongsoftware.com\/ca\/wp-json\/wp\/v2\/posts\/85776\/revisions"}],"wp:featuredmedia":[{"embeddable":true,"href":"https:\/\/tucomarca.whitekongsoftware.com\/ca\/wp-json\/wp\/v2\/media\/85771"}],"wp:attachment":[{"href":"https:\/\/tucomarca.whitekongsoftware.com\/ca\/wp-json\/wp\/v2\/media?parent=85776"}],"wp:term":[{"taxonomy":"category","embeddable":true,"href":"https:\/\/tucomarca.whitekongsoftware.com\/ca\/wp-json\/wp\/v2\/categories?post=85776"},{"taxonomy":"post_tag","embeddable":true,"href":"https:\/\/tucomarca.whitekongsoftware.com\/ca\/wp-json\/wp\/v2\/tags?post=85776"}],"curies":[{"name":"wp","href":"https:\/\/api.w.org\/{rel}","templated":true}]}}