{"id":85399,"date":"2019-05-06T14:14:00","date_gmt":"2019-05-06T12:14:00","guid":{"rendered":"http:\/\/www.tucomarca.com\/wordpress\/segunda\/?p=85399"},"modified":"2019-05-06T14:14:00","modified_gmt":"2019-05-06T12:14:00","slug":"el-pspv-psoe-dalborache-presenta-a-paqui-collado-com-a-candidata-a-lalcaldia","status":"publish","type":"post","link":"https:\/\/tucomarca.whitekongsoftware.com\/ca\/el-pspv-psoe-dalborache-presenta-a-paqui-collado-com-a-candidata-a-lalcaldia\/","title":{"rendered":"El PSPV-PSOE d&#8217;Alborache presenta a Paqui Collado com a candidata a l&#8217;alcaldia"},"content":{"rendered":"<figure id=\"attachment_85396\" aria-describedby=\"caption-attachment-85396\" style=\"width: 402px\" class=\"wp-caption alignleft\"><img loading=\"lazy\" decoding=\"async\" class=\" wp-image-85396\" src=\"http:\/\/www.tucomarca.com\/wordpress\/segunda\/wp-content\/uploads\/2019\/05\/PSOE_ALBORACHE.jpg\" alt=\"EL PSPV-PSOE de Alborache presenta a Paqui Collado como candidata a la alcald\u00eda.\" width=\"402\" height=\"302\" srcset=\"https:\/\/tucomarca.whitekongsoftware.com\/wp-content\/uploads\/2019\/05\/PSOE_ALBORACHE.jpg 4160w, https:\/\/tucomarca.whitekongsoftware.com\/wp-content\/uploads\/2019\/05\/PSOE_ALBORACHE-300x225.jpg 300w, https:\/\/tucomarca.whitekongsoftware.com\/wp-content\/uploads\/2019\/05\/PSOE_ALBORACHE-768x576.jpg 768w, https:\/\/tucomarca.whitekongsoftware.com\/wp-content\/uploads\/2019\/05\/PSOE_ALBORACHE-1024x768.jpg 1024w\" sizes=\"auto, (max-width: 402px) 100vw, 402px\" \/><figcaption id=\"caption-attachment-85396\" class=\"wp-caption-text\">EL PSPV-PSOE d&#8217;Alborache presenta a Paqui Collado com a candidata a l&#8217;alcaldia.<\/figcaption><\/figure>\n<p><strong>La candidata a alcaldessa defensa la transpar\u00e8ncia, la participaci\u00f3 ciutadana, el comprom\u00eds i la responsabilitat com a eixos de la proposta socialista per a la propera legislatura<\/strong><\/p>\n<p>El grup PSPV-PSOE d&#8217;Alborache ha presentat a Paqui Collado com a cap de llista de la seva candidatura a les eleccions municipals del proper 26 de maig en un acte al qual han acudit companys i companyes de partit de la comarca i de les institucions auton\u00f2miques per mostrar el seu suport.<\/p>\n<p>La Secretaria d&#8217;Acci\u00f3 Social del PSPV-PSOE, Concha Andr\u00e9s, ha volgut estar present per acompanyar en la seva presentaci\u00f3 als membres de la llista que, molt il\u00b7lusionats, destacaven el seu comprom\u00eds amb el projecte progressista de la propera legislatura.<\/p>\n<p>A m\u00e9s de Paqui Collado com a candidata a l&#8217;alcaldia d&#8217;Alborache la llista est\u00e0 formada per Vicente Darder Hig\u00f3n, Mar Vinat Collado, Jordi Manrique P\u00e9rez, Pedro Moscard\u00f3 Boldo, Diego Villanueva Romero, Pepa Juan Villanueva, Pili Piles Mora i Herminia Sornosa Pinazo.<\/p>\n<p>Paqui Collado ha destacat que la proposta socialista &#8220;millora la vida de la gent i fa del nostre poble un lloc millor per viure i conviure, 1 Alborache que continua avan\u00e7ant i pensant en les persones, per seguir duent a Alborache per la ruta del progr\u00e9s. &#8221;<\/p>\n<p>La candidata a l&#8217;alcaldia ha recordat la dif\u00edcil legislatura que est\u00e0 a punt d&#8217;acabar. &#8220;La resta de forces pol\u00edtiques no ha presentat propostes, ni ha mostrat iniciativa per millorar el poble i, a m\u00e9s, ha centrat els seus esfor\u00e7os en destruir el que hem anat aconseguint amb molt d&#8217;esfor\u00e7. Per exemple, hem redu\u00eft el deute que va deixar l&#8217;anterior govern a l&#8217;Ajuntament en m\u00e9s d&#8217;un 70%. En un pressupost tan ajustat com el nostre, de 1.200.000 euros, l&#8217;impacte \u00e9s enorme. El PSPV-PSOE ha demostrat en aquests quatre anys que t\u00e9 un projecte progressista s\u00f2lid per Alborache, amb propostes de millora concretes en mat\u00e8ria de gesti\u00f3 p\u00fablica, educaci\u00f3, cultura, serveis socials, turisme, cura pel nostre medi ambient, defensa de les tradicions locals , desenvolupament econ\u00f2mic &#8230; &#8220;.<\/p>\n","protected":false},"excerpt":{"rendered":"<div class=\"mh-excerpt\">La candidata a alcaldessa defensa la transpar\u00e8ncia, la participaci\u00f3 ciutadana, el comprom\u00eds i la responsabilitat com a eixos de la proposta socialista per a la propera legislatura El grup PSPV-PSOE d&#8217;Alborache ha presentat a Paqui <a class=\"mh-excerpt-more\" href=\"https:\/\/tucomarca.whitekongsoftware.com\/ca\/el-pspv-psoe-dalborache-presenta-a-paqui-collado-com-a-candidata-a-lalcaldia\/\" title=\"El PSPV-PSOE d&#8217;Alborache presenta a Paqui Collado com a candidata a l&#8217;alcaldia\">[+] <\/a><\/div>\n","protected":false},"author":2,"featured_media":85397,"comment_status":"open","ping_status":"open","sticky":false,"template":"","format":"standard","meta":{"footnotes":""},"categories":[10973,10898,10912,10947],"tags":[11224,11319],"class_list":["post-85399","post","type-post","status-publish","format-standard","has-post-thumbnail","category-alborache-ca","category-ventana-ca","category-la-hoya-ca","category-politica","tag-alborache-ca","tag-pspv-psoe-ca"],"_links":{"self":[{"href":"https:\/\/tucomarca.whitekongsoftware.com\/ca\/wp-json\/wp\/v2\/posts\/85399","targetHints":{"allow":["GET"]}}],"collection":[{"href":"https:\/\/tucomarca.whitekongsoftware.com\/ca\/wp-json\/wp\/v2\/posts"}],"about":[{"href":"https:\/\/tucomarca.whitekongsoftware.com\/ca\/wp-json\/wp\/v2\/types\/post"}],"author":[{"embeddable":true,"href":"https:\/\/tucomarca.whitekongsoftware.com\/ca\/wp-json\/wp\/v2\/users\/2"}],"replies":[{"embeddable":true,"href":"https:\/\/tucomarca.whitekongsoftware.com\/ca\/wp-json\/wp\/v2\/comments?post=85399"}],"version-history":[{"count":0,"href":"https:\/\/tucomarca.whitekongsoftware.com\/ca\/wp-json\/wp\/v2\/posts\/85399\/revisions"}],"wp:featuredmedia":[{"embeddable":true,"href":"https:\/\/tucomarca.whitekongsoftware.com\/ca\/wp-json\/wp\/v2\/media\/85397"}],"wp:attachment":[{"href":"https:\/\/tucomarca.whitekongsoftware.com\/ca\/wp-json\/wp\/v2\/media?parent=85399"}],"wp:term":[{"taxonomy":"category","embeddable":true,"href":"https:\/\/tucomarca.whitekongsoftware.com\/ca\/wp-json\/wp\/v2\/categories?post=85399"},{"taxonomy":"post_tag","embeddable":true,"href":"https:\/\/tucomarca.whitekongsoftware.com\/ca\/wp-json\/wp\/v2\/tags?post=85399"}],"curies":[{"name":"wp","href":"https:\/\/api.w.org\/{rel}","templated":true}]}}