{"id":85325,"date":"2019-05-02T20:47:34","date_gmt":"2019-05-02T18:47:34","guid":{"rendered":"http:\/\/www.tucomarca.com\/wordpress\/segunda\/?p=85325"},"modified":"2019-05-02T20:47:34","modified_gmt":"2019-05-02T18:47:34","slug":"fotogaleria-els-centres-educatius-de-xest-celebren-la-quarta-edicio-del-gran-joc-dels-escacs-amb-lacte-de-lliurament-de-premis","status":"publish","type":"post","link":"https:\/\/tucomarca.whitekongsoftware.com\/ca\/fotogaleria-els-centres-educatius-de-xest-celebren-la-quarta-edicio-del-gran-joc-dels-escacs-amb-lacte-de-lliurament-de-premis\/","title":{"rendered":"Fotogaleria: Els centres educatius de Xest celebren la quarta edici\u00f3 del &#8220;Gran Joc dels Escacs&#8221; amb l&#8217;acte de lliurament de premis"},"content":{"rendered":"<div class=\"\">\n<figure id=\"attachment_85306\" aria-describedby=\"caption-attachment-85306\" style=\"width: 386px\" class=\"wp-caption alignleft\"><img loading=\"lazy\" decoding=\"async\" class=\" wp-image-85306\" src=\"http:\/\/www.tucomarca.com\/wordpress\/segunda\/wp-content\/uploads\/2019\/05\/01AngelesLlorente_JoseMiguelMartino.jpg\" alt=\"Los centros educativos de Cheste celebran la cuarta edici\u00f3n del \u201cGran Juego del Ajedrez\u201d con el acto de entrega de premios.\" width=\"386\" height=\"257\" srcset=\"https:\/\/tucomarca.whitekongsoftware.com\/wp-content\/uploads\/2019\/05\/01AngelesLlorente_JoseMiguelMartino.jpg 5184w, https:\/\/tucomarca.whitekongsoftware.com\/wp-content\/uploads\/2019\/05\/01AngelesLlorente_JoseMiguelMartino-300x200.jpg 300w, https:\/\/tucomarca.whitekongsoftware.com\/wp-content\/uploads\/2019\/05\/01AngelesLlorente_JoseMiguelMartino-768x512.jpg 768w, https:\/\/tucomarca.whitekongsoftware.com\/wp-content\/uploads\/2019\/05\/01AngelesLlorente_JoseMiguelMartino-1024x683.jpg 1024w\" sizes=\"auto, (max-width: 386px) 100vw, 386px\" \/><figcaption id=\"caption-attachment-85306\" class=\"wp-caption-text\">Els centres educatius de Xest celebren la quarta edici\u00f3 del &#8220;Gran Joc dels Escacs&#8221; amb l&#8217;acte de lliurament de premis.<\/figcaption><\/figure>\n<p>El passat dimarts 30 d&#8217;abril, els alumnes i les alumnes de cinqu\u00e8 i sis\u00e8 de prim\u00e0ria i educaci\u00f3 superior del CEIP n\u00ba 3, del CEIP Francisco Giner dels Rius, del Col\u00b7legi Sant Josep de la Muntanya i l&#8217;IES Ricardo Mar\u00edn, s&#8217;han reunit a la sala d&#8217;actes de la Fundaci\u00f3 cajacheste per assistir al lliurament de premis de la quarta edici\u00f3 del Gran Joc dels Escacs. Aquest projecte educatiu es porta a terme a Xest des de 2015, promogut per Jos\u00e9 Miguel Martino, amb el suport de les regidories de Cultura i Educaci\u00f3 de l&#8217;Ajuntament i la implicaci\u00f3 del professorat dels centres educatius.<\/p>\n<p>&#8220;En aquesta edici\u00f3 han participat tres cursos de cinqu\u00e8 i sis\u00e8 de prim\u00e0ria i dues de Formaci\u00f3 Professional i en total, en aquestes quatre edicions, 600 alumnes i alumnes han jugat als escacs a les aules. El Gran Joc dels Escacs \u00e9s un projecte educatiu que es compon de tres facetes: jugar partides d&#8217;escacs, resoldre problemes d&#8217;escacs i contestar les preguntes relacionades amb el joc i les diferents \u00e0rees del curr\u00edculum. Aquestes tres facetes tenen objectius en com\u00fa: aprendre a pensar jugant i crear h\u00e0bits positius estimulant la mem\u00f2ria, la creaci\u00f3, la imaginaci\u00f3, la creativitat, la concentraci\u00f3 i el respecte per les lleis i reglaments &#8220;, apuntava Martino.<\/p>\n<p>L&#8217;acte ha comptat amb les intervencions d&#8217;alumnes i alumnes que han volgut compartir la seva experi\u00e8ncia practicant escacs dedicant unes paraules i projectant uns v\u00eddeos sobre l&#8217;activitat que han realitzat. &#8220;Fa cinc anys es va presentar aquest projecte en el nostre centre i des de llavors, cinc generacions d&#8217;alumnes s&#8217;han beneficiat d&#8217;aquest aprenentatge, el qual, a dia dhttp:\/\/www.tucomarca.com\/wordpress\/segunda\/wp-admin\/post.php?post=85302&amp;action=edit&amp;message=10&amp;lang=es&amp;admin_bar=1&#8217;avui, es porta a terme des de les edats m\u00e9s primerenques, amb el projecte Mou Fitxa. Martino ha fet possible que aprenguem hist\u00f2ria, tecnologia, literatura; que aprenguem a investigar a trav\u00e9s de les nombroses preguntes que ens planteja setmana a setmana i a estar alerta del nostre propi aprenentatge &#8220;, han destacat els alumnes i les alumnes del CEIP n\u00ba 3.<\/p>\n<p>&#8220;Nosaltres hem hagut de posar de la nostra part, ja que han estat necess\u00e0ries grans dosis d&#8217;esportivitat i respecte. Per ser un bon jugador d&#8217;escacs cal saber acceptar la derrota, per\u00f2 sobretot cal saber portar b\u00e9 la vict\u00f2ria, respectant l&#8217;adversari en tot moment. Els escacs ens sembla un joc molt bo perqu\u00e8 ajuda a millorar les estrat\u00e8gies del pensament i, a m\u00e9s, ens entret\u00e9 &#8220;, han expressat els alumnes i les alumnes del col\u00b7legi Sant Josep de la Muntanya.<\/p>\n<p>Per la seva banda, la regidora d&#8217;Educaci\u00f3 i Cultura, M\u00aa \u00c1ngeles Llorente, ha agra\u00eft a la Fundaci\u00f3 cajacheste la cessi\u00f3 de la sala d&#8217;actes per a l&#8217;acte i al professorat i alumnat la seva implicaci\u00f3 i treball. &#8220;Molt especialment a Martino, l&#8217;aut\u00e8ntic protagonista d&#8217;aquest projecte&#8221;, subratllava Llorente. &#8220;\u00c9s una persona que, amb la seva generositat, paci\u00e8ncia i treball ve tots els anys a regalar-nos la seva experi\u00e8ncia i els seus sabers, tant als professors i professores, com als alumnes i alumnes&#8221;. Despr\u00e9s dels agra\u00efments, la regidora, ha dedicat gran part de la seva intervenci\u00f3 als nens i nenes presents a l&#8217;acte: &#8220;Els escacs \u00e9s una assignatura obligat\u00f2ria en molts pa\u00efsos perqu\u00e8, com ja hem dit, incrementa l&#8217;atenci\u00f3, la concentraci\u00f3, la mem\u00f2ria , la imaginaci\u00f3 i la creativitat; en definitiva, desenvolupa el pensament. Tots i totes us heu implicat molt, comportat b\u00e9, gaudit i apr\u00e8s. Heu col\u00b7laborat en equip amb els vostres companys i companyes i heu aprofitat les oportunitats que se us han posat davant. Ara sou petits, per\u00f2 d&#8217;aqu\u00ed a poc tindreu a les mans el futur dels vostres pobles i del vostre pa\u00eds. Els escacs pot ajudar-vos a pensar, i pensar \u00e9s fonamental per tenir una feina que us agradi, per ser feli\u00e7os, envellir dignament i a afrontar la vida &#8220;.<\/p>\n<p>L&#8217;esdeveniment s&#8217;ha tancat amb el lliurament de premis als guanyadores i guanyadores d&#8217;aquesta quarta edici\u00f3 del Gran Joc dels Escacs i el lliurament de medalles a tots els i les participants. En acabar, Jos\u00e9 Miguel Martino ha convidat a tot l&#8217;alumnat a participar en el torneig d&#8217;escacs que se celebrar\u00e0 el proper 10 de maig a la Societat Sindicat Agr\u00edcola.<\/p>\n<p>Premiats i premiades de la 4\u00ba edici\u00f3 del &#8220;Gran Joc dels Escacs&#8221;<\/p>\n<\/div>\n<div class=\"\"><\/div>\n<div class=\"\"><strong><span class=\"\"><i class=\"\">CEIP Francisco Giner de los R\u00edos\u00a0<\/i><\/span><\/strong><\/div>\n<div class=\"\"><span class=\"\">5\u00ba de Prim\u00e0ria:\u00a0<\/span><\/div>\n<ol class=\"\">\n<li class=\"\"><span class=\"\">David Domenech Bele\u00f1a<\/span><\/li>\n<li class=\"\"><span class=\"\">Patricia Domenech Cari\u00f1ero<\/span><\/li>\n<li class=\"\"><span class=\"\">Paula Peric\u00e1s Cerro<\/span><\/li>\n<\/ol>\n<div class=\"\"><span class=\"\">6\u00ba de Prim\u00e0ria:<\/span><\/div>\n<ol class=\"\">\n<li class=\"\"><span class=\"\">Unai Morell Albiach<\/span><\/li>\n<li class=\"\"><span class=\"\">Carlos S\u00e1nchez Ferrando<\/span><\/li>\n<li class=\"\"><span class=\"\">\u00c1lvaro Boix Galiana<\/span><\/li>\n<\/ol>\n<div class=\"\"><strong><span class=\"\"><i class=\"\">Col\u00b7legi San Jos\u00e9 de la Monta\u00f1a<\/i><\/span><\/strong><\/div>\n<div class=\"\"><span class=\"\">6\u00ba de Prim\u00e0ria:<\/span><\/div>\n<ol class=\"\">\n<li class=\"\"><span class=\"\">Javier Nieto S\u00e1nchez<\/span><\/li>\n<li class=\"\"><span class=\"\">Bruno Alarc\u00f3n Burriel<\/span><\/li>\n<li class=\"\"><span class=\"\">Carlos Nieto S\u00e1nchez<\/span><\/li>\n<\/ol>\n<div class=\"\"><strong><span class=\"\"><i class=\"\">CEIP n\u00ba 3<\/i><\/span><\/strong><\/div>\n<div class=\"\"><span class=\"\">5\u00ba de Prim\u00e0ria:<\/span><\/div>\n<ol class=\"\">\n<li class=\"\"><span class=\"\">Mario Bonka<\/span><\/li>\n<li class=\"\"><span class=\"\">Lara Garc\u00eda Manzanera<\/span><\/li>\n<li class=\"\"><span class=\"\">Alba Fortea S\u00e1nchez<\/span><\/li>\n<\/ol>\n<div class=\"\"><span class=\"\">6\u00ba de Prim\u00e0ria A:<\/span><\/div>\n<ol class=\"\">\n<li class=\"\"><span class=\"\">Nicol\u00e1s Hern\u00e1ndez Fern\u00e1ndez<\/span><\/li>\n<li class=\"\"><span class=\"\">Cristina Bildea<\/span><\/li>\n<li class=\"\"><span class=\"\">Alexandra Bildea<\/span><\/li>\n<\/ol>\n<div class=\"\"><span class=\"\">6\u00ba de Prim\u00e0ria B:<\/span><\/div>\n<ol class=\"\">\n<li class=\"\"><span class=\"\">Lucas Cort\u00e9s Garc\u00eda<\/span><\/li>\n<li class=\"\"><span class=\"\">Andr\u00e9s Cort\u00e9s Garc\u00eda<\/span><\/li>\n<li class=\"\"><span class=\"\">Clara Garc\u00eda Cort\u00e9s<\/span><\/li>\n<\/ol>\n<div class=\"\"><strong><span class=\"\"><i class=\"\">Institut d&#8217;Educaci\u00f3 Secund\u00e0ria Ricardo Mar\u00edn:<\/i><\/span><\/strong><\/div>\n<ol class=\"\">\n<li class=\"\"><span class=\"\">David Moya Cabanillas<\/span><\/li>\n<li class=\"\"><span class=\"\">Rub\u00e9n Garc\u00eda S\u00e1nchez<\/span><\/li>\n<li class=\"\"><span class=\"\">Marcos Garc\u00eda Zan\u00f3n<\/span><\/li>\n<\/ol>\n<div id='gallery-1' class='gallery galleryid-85325 gallery-columns-3 gallery-size-large'><figure class='gallery-item'>\n\t\t\t<div class='gallery-icon landscape'>\n\t\t\t\t<a href='https:\/\/tucomarca.whitekongsoftware.com\/ca\/fotogaleria-els-centres-educatius-de-xest-celebren-la-quarta-edicio-del-gran-joc-dels-escacs-amb-lacte-de-lliurament-de-premis\/02discursos-2\/'><img loading=\"lazy\" decoding=\"async\" width=\"1024\" height=\"683\" src=\"https:\/\/tucomarca.whitekongsoftware.com\/wp-content\/uploads\/2019\/05\/02Discursos-1024x683.jpg\" class=\"attachment-large size-large\" alt=\"\" srcset=\"https:\/\/tucomarca.whitekongsoftware.com\/wp-content\/uploads\/2019\/05\/02Discursos-1024x683.jpg 1024w, https:\/\/tucomarca.whitekongsoftware.com\/wp-content\/uploads\/2019\/05\/02Discursos-300x200.jpg 300w, https:\/\/tucomarca.whitekongsoftware.com\/wp-content\/uploads\/2019\/05\/02Discursos-768x512.jpg 768w\" sizes=\"auto, (max-width: 1024px) 100vw, 1024px\" \/><\/a>\n\t\t\t<\/div><\/figure><figure class='gallery-item'>\n\t\t\t<div class='gallery-icon landscape'>\n\t\t\t\t<a href='https:\/\/tucomarca.whitekongsoftware.com\/ca\/fotogaleria-els-centres-educatius-de-xest-celebren-la-quarta-edicio-del-gran-joc-dels-escacs-amb-lacte-de-lliurament-de-premis\/03medallas-2\/'><img loading=\"lazy\" decoding=\"async\" width=\"1024\" height=\"683\" src=\"https:\/\/tucomarca.whitekongsoftware.com\/wp-content\/uploads\/2019\/05\/03Medallas-1024x683.jpg\" class=\"attachment-large size-large\" alt=\"\" srcset=\"https:\/\/tucomarca.whitekongsoftware.com\/wp-content\/uploads\/2019\/05\/03Medallas-1024x683.jpg 1024w, https:\/\/tucomarca.whitekongsoftware.com\/wp-content\/uploads\/2019\/05\/03Medallas-300x200.jpg 300w, https:\/\/tucomarca.whitekongsoftware.com\/wp-content\/uploads\/2019\/05\/03Medallas-768x512.jpg 768w\" sizes=\"auto, (max-width: 1024px) 100vw, 1024px\" \/><\/a>\n\t\t\t<\/div><\/figure><figure class='gallery-item'>\n\t\t\t<div class='gallery-icon landscape'>\n\t\t\t\t<a href='https:\/\/tucomarca.whitekongsoftware.com\/ca\/fotogaleria-els-centres-educatius-de-xest-celebren-la-quarta-edicio-del-gran-joc-dels-escacs-amb-lacte-de-lliurament-de-premis\/01angelesllorente_josemiguelmartino-2-2\/'><img loading=\"lazy\" decoding=\"async\" width=\"1024\" height=\"683\" src=\"https:\/\/tucomarca.whitekongsoftware.com\/wp-content\/uploads\/2019\/05\/01AngelesLlorente_JoseMiguelMartino-1-1024x683.jpg\" class=\"attachment-large size-large\" alt=\"\" srcset=\"https:\/\/tucomarca.whitekongsoftware.com\/wp-content\/uploads\/2019\/05\/01AngelesLlorente_JoseMiguelMartino-1-1024x683.jpg 1024w, https:\/\/tucomarca.whitekongsoftware.com\/wp-content\/uploads\/2019\/05\/01AngelesLlorente_JoseMiguelMartino-1-300x200.jpg 300w, https:\/\/tucomarca.whitekongsoftware.com\/wp-content\/uploads\/2019\/05\/01AngelesLlorente_JoseMiguelMartino-1-768x512.jpg 768w\" sizes=\"auto, (max-width: 1024px) 100vw, 1024px\" \/><\/a>\n\t\t\t<\/div><\/figure><figure class='gallery-item'>\n\t\t\t<div class='gallery-icon landscape'>\n\t\t\t\t<a href='https:\/\/tucomarca.whitekongsoftware.com\/ca\/fotogaleria-els-centres-educatius-de-xest-celebren-la-quarta-edicio-del-gran-joc-dels-escacs-amb-lacte-de-lliurament-de-premis\/04premiados-2\/'><img loading=\"lazy\" decoding=\"async\" width=\"1024\" height=\"683\" src=\"https:\/\/tucomarca.whitekongsoftware.com\/wp-content\/uploads\/2019\/05\/04Premiados-1024x683.jpg\" class=\"attachment-large size-large\" alt=\"\" srcset=\"https:\/\/tucomarca.whitekongsoftware.com\/wp-content\/uploads\/2019\/05\/04Premiados-1024x683.jpg 1024w, https:\/\/tucomarca.whitekongsoftware.com\/wp-content\/uploads\/2019\/05\/04Premiados-300x200.jpg 300w, https:\/\/tucomarca.whitekongsoftware.com\/wp-content\/uploads\/2019\/05\/04Premiados-768x512.jpg 768w\" sizes=\"auto, (max-width: 1024px) 100vw, 1024px\" \/><\/a>\n\t\t\t<\/div><\/figure><figure class='gallery-item'>\n\t\t\t<div class='gallery-icon landscape'>\n\t\t\t\t<a href='https:\/\/tucomarca.whitekongsoftware.com\/ca\/fotogaleria-els-centres-educatius-de-xest-celebren-la-quarta-edicio-del-gran-joc-dels-escacs-amb-lacte-de-lliurament-de-premis\/05premiados-grupo-2\/'><img loading=\"lazy\" decoding=\"async\" width=\"1024\" height=\"683\" src=\"https:\/\/tucomarca.whitekongsoftware.com\/wp-content\/uploads\/2019\/05\/05Premiados-grupo-1024x683.jpg\" class=\"attachment-large size-large\" alt=\"\" srcset=\"https:\/\/tucomarca.whitekongsoftware.com\/wp-content\/uploads\/2019\/05\/05Premiados-grupo-1024x683.jpg 1024w, https:\/\/tucomarca.whitekongsoftware.com\/wp-content\/uploads\/2019\/05\/05Premiados-grupo-300x200.jpg 300w, https:\/\/tucomarca.whitekongsoftware.com\/wp-content\/uploads\/2019\/05\/05Premiados-grupo-768x512.jpg 768w\" sizes=\"auto, (max-width: 1024px) 100vw, 1024px\" \/><\/a>\n\t\t\t<\/div><\/figure><figure class='gallery-item'>\n\t\t\t<div class='gallery-icon landscape'>\n\t\t\t\t<a href='https:\/\/tucomarca.whitekongsoftware.com\/ca\/fotogaleria-els-centres-educatius-de-xest-celebren-la-quarta-edicio-del-gran-joc-dels-escacs-amb-lacte-de-lliurament-de-premis\/06cpsanjosemontana-2\/'><img loading=\"lazy\" decoding=\"async\" width=\"1024\" height=\"683\" src=\"https:\/\/tucomarca.whitekongsoftware.com\/wp-content\/uploads\/2019\/05\/06CPSanJoseMontana-1024x683.jpg\" class=\"attachment-large size-large\" alt=\"\" srcset=\"https:\/\/tucomarca.whitekongsoftware.com\/wp-content\/uploads\/2019\/05\/06CPSanJoseMontana-1024x683.jpg 1024w, https:\/\/tucomarca.whitekongsoftware.com\/wp-content\/uploads\/2019\/05\/06CPSanJoseMontana-300x200.jpg 300w, https:\/\/tucomarca.whitekongsoftware.com\/wp-content\/uploads\/2019\/05\/06CPSanJoseMontana-768x512.jpg 768w\" sizes=\"auto, (max-width: 1024px) 100vw, 1024px\" \/><\/a>\n\t\t\t<\/div><\/figure><figure class='gallery-item'>\n\t\t\t<div class='gallery-icon landscape'>\n\t\t\t\t<a href='https:\/\/tucomarca.whitekongsoftware.com\/ca\/fotogaleria-els-centres-educatius-de-xest-celebren-la-quarta-edicio-del-gran-joc-dels-escacs-amb-lacte-de-lliurament-de-premis\/07publico-2\/'><img loading=\"lazy\" decoding=\"async\" width=\"1024\" height=\"683\" src=\"https:\/\/tucomarca.whitekongsoftware.com\/wp-content\/uploads\/2019\/05\/07Publico-1024x683.jpg\" class=\"attachment-large size-large\" alt=\"\" srcset=\"https:\/\/tucomarca.whitekongsoftware.com\/wp-content\/uploads\/2019\/05\/07Publico-1024x683.jpg 1024w, https:\/\/tucomarca.whitekongsoftware.com\/wp-content\/uploads\/2019\/05\/07Publico-300x200.jpg 300w, https:\/\/tucomarca.whitekongsoftware.com\/wp-content\/uploads\/2019\/05\/07Publico-768x512.jpg 768w\" sizes=\"auto, (max-width: 1024px) 100vw, 1024px\" \/><\/a>\n\t\t\t<\/div><\/figure><figure class='gallery-item'>\n\t\t\t<div class='gallery-icon landscape'>\n\t\t\t\t<a href='https:\/\/tucomarca.whitekongsoftware.com\/ca\/fotogaleria-els-centres-educatius-de-xest-celebren-la-quarta-edicio-del-gran-joc-dels-escacs-amb-lacte-de-lliurament-de-premis\/08fotodegrupo-2\/'><img loading=\"lazy\" decoding=\"async\" width=\"1024\" height=\"683\" src=\"https:\/\/tucomarca.whitekongsoftware.com\/wp-content\/uploads\/2019\/05\/08Fotodegrupo-1024x683.jpg\" class=\"attachment-large size-large\" alt=\"\" srcset=\"https:\/\/tucomarca.whitekongsoftware.com\/wp-content\/uploads\/2019\/05\/08Fotodegrupo-1024x683.jpg 1024w, https:\/\/tucomarca.whitekongsoftware.com\/wp-content\/uploads\/2019\/05\/08Fotodegrupo-300x200.jpg 300w, https:\/\/tucomarca.whitekongsoftware.com\/wp-content\/uploads\/2019\/05\/08Fotodegrupo-768x512.jpg 768w\" sizes=\"auto, (max-width: 1024px) 100vw, 1024px\" \/><\/a>\n\t\t\t<\/div><\/figure>\n\t\t<\/div>\n\n","protected":false},"excerpt":{"rendered":"<div class=\"mh-excerpt\">El passat dimarts 30 d&#8217;abril, els alumnes i les alumnes de cinqu\u00e8 i sis\u00e8 de prim\u00e0ria i educaci\u00f3 superior del CEIP n\u00ba 3, del CEIP Francisco Giner dels Rius, del Col\u00b7legi Sant Josep de la <a class=\"mh-excerpt-more\" href=\"https:\/\/tucomarca.whitekongsoftware.com\/ca\/fotogaleria-els-centres-educatius-de-xest-celebren-la-quarta-edicio-del-gran-joc-dels-escacs-amb-lacte-de-lliurament-de-premis\/\" title=\"Fotogaleria: Els centres educatius de Xest celebren la quarta edici\u00f3 del &#8220;Gran Joc dels Escacs&#8221; amb l&#8217;acte de lliurament de premis\">[+] <\/a><\/div>\n","protected":false},"author":2,"featured_media":85307,"comment_status":"open","ping_status":"open","sticky":false,"template":"","format":"standard","meta":{"footnotes":""},"categories":[11003,10912,11009,10896,10974],"tags":[11071],"class_list":["post-85325","post","type-post","status-publish","format-standard","has-post-thumbnail","category-sports","category-la-hoya-ca","category-polideportivo-ca","category-seccion-ca","category-cheste-ca","tag-cheste"],"_links":{"self":[{"href":"https:\/\/tucomarca.whitekongsoftware.com\/ca\/wp-json\/wp\/v2\/posts\/85325","targetHints":{"allow":["GET"]}}],"collection":[{"href":"https:\/\/tucomarca.whitekongsoftware.com\/ca\/wp-json\/wp\/v2\/posts"}],"about":[{"href":"https:\/\/tucomarca.whitekongsoftware.com\/ca\/wp-json\/wp\/v2\/types\/post"}],"author":[{"embeddable":true,"href":"https:\/\/tucomarca.whitekongsoftware.com\/ca\/wp-json\/wp\/v2\/users\/2"}],"replies":[{"embeddable":true,"href":"https:\/\/tucomarca.whitekongsoftware.com\/ca\/wp-json\/wp\/v2\/comments?post=85325"}],"version-history":[{"count":0,"href":"https:\/\/tucomarca.whitekongsoftware.com\/ca\/wp-json\/wp\/v2\/posts\/85325\/revisions"}],"wp:featuredmedia":[{"embeddable":true,"href":"https:\/\/tucomarca.whitekongsoftware.com\/ca\/wp-json\/wp\/v2\/media\/85307"}],"wp:attachment":[{"href":"https:\/\/tucomarca.whitekongsoftware.com\/ca\/wp-json\/wp\/v2\/media?parent=85325"}],"wp:term":[{"taxonomy":"category","embeddable":true,"href":"https:\/\/tucomarca.whitekongsoftware.com\/ca\/wp-json\/wp\/v2\/categories?post=85325"},{"taxonomy":"post_tag","embeddable":true,"href":"https:\/\/tucomarca.whitekongsoftware.com\/ca\/wp-json\/wp\/v2\/tags?post=85325"}],"curies":[{"name":"wp","href":"https:\/\/api.w.org\/{rel}","templated":true}]}}