{"id":85095,"date":"2019-04-26T15:41:36","date_gmt":"2019-04-26T13:41:36","guid":{"rendered":"http:\/\/www.tucomarca.com\/wordpress\/segunda\/?p=85095"},"modified":"2019-04-26T15:41:36","modified_gmt":"2019-04-26T13:41:36","slug":"fotogaleria-el-psoe-de-bunyol-presenta-la-seua-candidatura-a-lajuntament-que-encapcala-juncal-carrascosa","status":"publish","type":"post","link":"https:\/\/tucomarca.whitekongsoftware.com\/ca\/fotogaleria-el-psoe-de-bunyol-presenta-la-seua-candidatura-a-lajuntament-que-encapcala-juncal-carrascosa\/","title":{"rendered":"Fotogaleria: El PSOE de Bunyol presenta la seua candidatura a l&#8217;Ajuntament que encap\u00e7ala Juncal Carrascosa"},"content":{"rendered":"<figure id=\"attachment_85066\" aria-describedby=\"caption-attachment-85066\" style=\"width: 538px\" class=\"wp-caption alignnone\"><img loading=\"lazy\" decoding=\"async\" class=\" wp-image-85066\" src=\"http:\/\/www.tucomarca.com\/wordpress\/segunda\/wp-content\/uploads\/2019\/04\/PSOEBunyol.jpg\" alt=\"La candidatura que lidera Juncal Carrascosa cont\u00f3 con el apoyo de Pedro Rodr\u00edguez y de Rebeco Torr\u00f3.\" width=\"538\" height=\"404\" srcset=\"https:\/\/tucomarca.whitekongsoftware.com\/wp-content\/uploads\/2019\/04\/PSOEBunyol.jpg 1600w, https:\/\/tucomarca.whitekongsoftware.com\/wp-content\/uploads\/2019\/04\/PSOEBunyol-300x225.jpg 300w, https:\/\/tucomarca.whitekongsoftware.com\/wp-content\/uploads\/2019\/04\/PSOEBunyol-768x576.jpg 768w, https:\/\/tucomarca.whitekongsoftware.com\/wp-content\/uploads\/2019\/04\/PSOEBunyol-1024x768.jpg 1024w\" sizes=\"auto, (max-width: 538px) 100vw, 538px\" \/><figcaption id=\"caption-attachment-85066\" class=\"wp-caption-text\">La candidatura que lidera Jonquera Carrascosa va comptar amb el suport de Pedro Rodr\u00edguez i de Isard Torr\u00f3.<\/figcaption><\/figure>\n<p>Com ja ha avan\u00e7at tucomarca.com en la seva edici\u00f3 en paper, l&#8217;agrupaci\u00f3 local del PSPV-PSOE de Bunyol ha presentat aquest dimecres a la tarda als integrants de la seva candidatura a l&#8217;Ajuntament de Bu\u00f1ol que encap\u00e7ala Juncal Carrascosa.<\/p>\n<p>La sala El Mercat de la localitat ha estat l&#8217;espai triat per a desenvolupar l&#8217;acte, dins de la campanya electoral de les eleccions auton\u00f2miques i generals En la presentaci\u00f3 han acompanyat Juncal Carrascosa al faristol Rebeca Torr\u00f3, diputada provincial; i Pedro Rodr\u00edguez, president de la Federaci\u00f3 de Societats Musicals de la Comunitat Valenciana, candidats al Congr\u00e9s i al Senat, respectivament. Tots ells han incidit durant les seves intervencions en \u00abla necessitat que el vot progressista es concentri al PSOE per evitar l&#8217;arribada de la ultradreta a les institucions\u00bb.<\/p>\n<p>Paral\u00b7lelament, des del PSOE bu\u00f1olense han informat que \u00abreunions amb diferents associacions, cursos de formaci\u00f3 dels integrants de la candidatura i avan\u00e7 en el programa electoral, marquen les primeres setmanes de la campanya de les eleccions auton\u00f2miques i generals del PSOE de Bunyol\u00bb.<\/p>\n<p>\u00abEl PSPV-PSOE de Bunyol est\u00e0 aprofitant aquesta campanya de les eleccions auton\u00f2miques i generals, per enfortir el grup que representar\u00e0 els socialistes per mitj\u00e0 de la candidatura municipal en les pr\u00f2ximes eleccions del 26 de maig, \u00e9s per aix\u00f2 que els membres de la mateixa estan participant en diferents reunions amb col\u00b7lectius de la localitat, per recollir les seves inquietuds i valorar incloure-les en el seu programa electoral. Associaci\u00f3 d&#8217;Empresaris i Aut\u00f2noms, Associaci\u00f3 del Parkinson o el Comit\u00e8 d&#8217;Empresa de la cimentera, s\u00f3n algunes de les reunions mantingudes fins al moment, tenint programades per aquesta setmana altres, com amb l&#8217;Associaci\u00f3 de Hateros-Vendes o amb la direcci\u00f3 de l&#8217;Associaci\u00f3 democr\u00e0tica Provincial de Jubilats i Pensionistes. A m\u00e9s de amb tots aquests grups, tamb\u00e9 es mantindran altres, amb les que ja s&#8217;han entaulat contactes i queda per tancar les dates.<\/p>\n<p>Durant aquests dies, tamb\u00e9 s&#8217;ha dut a terme un curs per interventors i apoderats, veient que s\u00f3n molts els que representaran al partit del puny i la rosa per primera vegada en uns comicis, en aquesta comesa. El curs va ser impartit per H\u00e9ctor Cort\u00e9s, membre de la candidatura del PSOE de Pen\u00edscola \u00bb.<\/p>\n<p><strong>Acte central de Ximo Puig<\/strong><\/p>\n<p>En el mateix ordre de coses, des del PSPV-PSOE de Bunyol han informat que aquest divendres 26, Ximo Puig i Pere S\u00e1nchez, celebraran el seu acte central de campanya a Val\u00e8ncia, en concret des del Parc Central. L&#8217;acte ser\u00e0 a les 20,30 hores pel que est\u00e0 previst que surti un autob\u00fas gratu\u00eft des de Bunyol a les 18,30 hores.<\/p>\n<p>\u00abPer apuntar-se al bus, nom\u00e9s cal posar-se en contacte amb qualsevol membre de la candidatura municipal o per mitj\u00e0 del correu sumamospropuestaspsoebunol@gmail.com, abans de divendres\u00bb, segons han informat.<\/p>\n<div id='gallery-1' class='gallery galleryid-85095 gallery-columns-3 gallery-size-medium'><figure class='gallery-item'>\n\t\t\t<div class='gallery-icon landscape'>\n\t\t\t\t<a href='https:\/\/tucomarca.whitekongsoftware.com\/ca\/fotogaleria-el-psoe-de-bunyol-presenta-la-seua-candidatura-a-lajuntament-que-encapcala-juncal-carrascosa\/psoebunyol05-2\/'><img loading=\"lazy\" decoding=\"async\" width=\"300\" height=\"225\" src=\"https:\/\/tucomarca.whitekongsoftware.com\/wp-content\/uploads\/2019\/04\/PSOEBunyol05-300x225.jpg\" class=\"attachment-medium size-medium\" alt=\"\" srcset=\"https:\/\/tucomarca.whitekongsoftware.com\/wp-content\/uploads\/2019\/04\/PSOEBunyol05-300x225.jpg 300w, https:\/\/tucomarca.whitekongsoftware.com\/wp-content\/uploads\/2019\/04\/PSOEBunyol05-768x576.jpg 768w, https:\/\/tucomarca.whitekongsoftware.com\/wp-content\/uploads\/2019\/04\/PSOEBunyol05-1024x768.jpg 1024w, https:\/\/tucomarca.whitekongsoftware.com\/wp-content\/uploads\/2019\/04\/PSOEBunyol05.jpg 1600w\" sizes=\"auto, (max-width: 300px) 100vw, 300px\" \/><\/a>\n\t\t\t<\/div><\/figure><figure class='gallery-item'>\n\t\t\t<div class='gallery-icon landscape'>\n\t\t\t\t<a href='https:\/\/tucomarca.whitekongsoftware.com\/ca\/fotogaleria-el-psoe-de-bunyol-presenta-la-seua-candidatura-a-lajuntament-que-encapcala-juncal-carrascosa\/psoebunyol06-2\/'><img loading=\"lazy\" decoding=\"async\" width=\"300\" height=\"225\" src=\"https:\/\/tucomarca.whitekongsoftware.com\/wp-content\/uploads\/2019\/04\/PSOEBunyol06-300x225.jpg\" class=\"attachment-medium size-medium\" alt=\"\" srcset=\"https:\/\/tucomarca.whitekongsoftware.com\/wp-content\/uploads\/2019\/04\/PSOEBunyol06-300x225.jpg 300w, https:\/\/tucomarca.whitekongsoftware.com\/wp-content\/uploads\/2019\/04\/PSOEBunyol06-768x576.jpg 768w, https:\/\/tucomarca.whitekongsoftware.com\/wp-content\/uploads\/2019\/04\/PSOEBunyol06-1024x768.jpg 1024w, https:\/\/tucomarca.whitekongsoftware.com\/wp-content\/uploads\/2019\/04\/PSOEBunyol06.jpg 1600w\" sizes=\"auto, (max-width: 300px) 100vw, 300px\" \/><\/a>\n\t\t\t<\/div><\/figure><figure class='gallery-item'>\n\t\t\t<div class='gallery-icon landscape'>\n\t\t\t\t<a href='https:\/\/tucomarca.whitekongsoftware.com\/ca\/fotogaleria-el-psoe-de-bunyol-presenta-la-seua-candidatura-a-lajuntament-que-encapcala-juncal-carrascosa\/psoebunyol07-2\/'><img loading=\"lazy\" decoding=\"async\" width=\"300\" height=\"225\" src=\"https:\/\/tucomarca.whitekongsoftware.com\/wp-content\/uploads\/2019\/04\/PSOEBunyol07-300x225.jpg\" class=\"attachment-medium size-medium\" alt=\"\" srcset=\"https:\/\/tucomarca.whitekongsoftware.com\/wp-content\/uploads\/2019\/04\/PSOEBunyol07-300x225.jpg 300w, https:\/\/tucomarca.whitekongsoftware.com\/wp-content\/uploads\/2019\/04\/PSOEBunyol07-768x576.jpg 768w, https:\/\/tucomarca.whitekongsoftware.com\/wp-content\/uploads\/2019\/04\/PSOEBunyol07-1024x768.jpg 1024w, https:\/\/tucomarca.whitekongsoftware.com\/wp-content\/uploads\/2019\/04\/PSOEBunyol07.jpg 1600w\" sizes=\"auto, (max-width: 300px) 100vw, 300px\" \/><\/a>\n\t\t\t<\/div><\/figure><figure class='gallery-item'>\n\t\t\t<div class='gallery-icon landscape'>\n\t\t\t\t<a href='https:\/\/tucomarca.whitekongsoftware.com\/ca\/fotogaleria-el-psoe-de-bunyol-presenta-la-seua-candidatura-a-lajuntament-que-encapcala-juncal-carrascosa\/psoebunyol08-2\/'><img loading=\"lazy\" decoding=\"async\" width=\"300\" height=\"225\" src=\"https:\/\/tucomarca.whitekongsoftware.com\/wp-content\/uploads\/2019\/04\/PSOEBunyol08-300x225.jpg\" class=\"attachment-medium size-medium\" alt=\"\" srcset=\"https:\/\/tucomarca.whitekongsoftware.com\/wp-content\/uploads\/2019\/04\/PSOEBunyol08-300x225.jpg 300w, https:\/\/tucomarca.whitekongsoftware.com\/wp-content\/uploads\/2019\/04\/PSOEBunyol08-768x576.jpg 768w, https:\/\/tucomarca.whitekongsoftware.com\/wp-content\/uploads\/2019\/04\/PSOEBunyol08-1024x768.jpg 1024w, https:\/\/tucomarca.whitekongsoftware.com\/wp-content\/uploads\/2019\/04\/PSOEBunyol08.jpg 1600w\" sizes=\"auto, (max-width: 300px) 100vw, 300px\" \/><\/a>\n\t\t\t<\/div><\/figure><figure class='gallery-item'>\n\t\t\t<div class='gallery-icon landscape'>\n\t\t\t\t<a href='https:\/\/tucomarca.whitekongsoftware.com\/ca\/fotogaleria-el-psoe-de-bunyol-presenta-la-seua-candidatura-a-lajuntament-que-encapcala-juncal-carrascosa\/psoebunyol04-2-2\/'><img loading=\"lazy\" decoding=\"async\" width=\"300\" height=\"225\" src=\"https:\/\/tucomarca.whitekongsoftware.com\/wp-content\/uploads\/2019\/04\/PSOEBunyol04-1-300x225.jpg\" class=\"attachment-medium size-medium\" alt=\"\" srcset=\"https:\/\/tucomarca.whitekongsoftware.com\/wp-content\/uploads\/2019\/04\/PSOEBunyol04-1-300x225.jpg 300w, https:\/\/tucomarca.whitekongsoftware.com\/wp-content\/uploads\/2019\/04\/PSOEBunyol04-1-768x576.jpg 768w, https:\/\/tucomarca.whitekongsoftware.com\/wp-content\/uploads\/2019\/04\/PSOEBunyol04-1-1024x768.jpg 1024w, https:\/\/tucomarca.whitekongsoftware.com\/wp-content\/uploads\/2019\/04\/PSOEBunyol04-1.jpg 1600w\" sizes=\"auto, (max-width: 300px) 100vw, 300px\" \/><\/a>\n\t\t\t<\/div><\/figure><figure class='gallery-item'>\n\t\t\t<div class='gallery-icon portrait'>\n\t\t\t\t<a href='https:\/\/tucomarca.whitekongsoftware.com\/ca\/fotogaleria-el-psoe-de-bunyol-presenta-la-seua-candidatura-a-lajuntament-que-encapcala-juncal-carrascosa\/psoebunyol03-2-2\/'><img loading=\"lazy\" decoding=\"async\" width=\"225\" height=\"300\" src=\"https:\/\/tucomarca.whitekongsoftware.com\/wp-content\/uploads\/2019\/04\/PSOEBunyol03-1-225x300.jpg\" class=\"attachment-medium size-medium\" alt=\"\" srcset=\"https:\/\/tucomarca.whitekongsoftware.com\/wp-content\/uploads\/2019\/04\/PSOEBunyol03-1-225x300.jpg 225w, https:\/\/tucomarca.whitekongsoftware.com\/wp-content\/uploads\/2019\/04\/PSOEBunyol03-1-768x1024.jpg 768w, https:\/\/tucomarca.whitekongsoftware.com\/wp-content\/uploads\/2019\/04\/PSOEBunyol03-1-1024x1365.jpg 1024w, https:\/\/tucomarca.whitekongsoftware.com\/wp-content\/uploads\/2019\/04\/PSOEBunyol03-1.jpg 1200w\" sizes=\"auto, (max-width: 225px) 100vw, 225px\" \/><\/a>\n\t\t\t<\/div><\/figure><figure class='gallery-item'>\n\t\t\t<div class='gallery-icon landscape'>\n\t\t\t\t<a href='https:\/\/tucomarca.whitekongsoftware.com\/ca\/fotogaleria-el-psoe-de-bunyol-presenta-la-seua-candidatura-a-lajuntament-que-encapcala-juncal-carrascosa\/psoebunyol02-2-2\/'><img loading=\"lazy\" decoding=\"async\" width=\"300\" height=\"225\" src=\"https:\/\/tucomarca.whitekongsoftware.com\/wp-content\/uploads\/2019\/04\/PSOEBunyol02-1-300x225.jpg\" class=\"attachment-medium size-medium\" alt=\"\" srcset=\"https:\/\/tucomarca.whitekongsoftware.com\/wp-content\/uploads\/2019\/04\/PSOEBunyol02-1-300x225.jpg 300w, https:\/\/tucomarca.whitekongsoftware.com\/wp-content\/uploads\/2019\/04\/PSOEBunyol02-1-768x576.jpg 768w, https:\/\/tucomarca.whitekongsoftware.com\/wp-content\/uploads\/2019\/04\/PSOEBunyol02-1-1024x768.jpg 1024w, https:\/\/tucomarca.whitekongsoftware.com\/wp-content\/uploads\/2019\/04\/PSOEBunyol02-1.jpg 1600w\" sizes=\"auto, (max-width: 300px) 100vw, 300px\" \/><\/a>\n\t\t\t<\/div><\/figure><figure class='gallery-item'>\n\t\t\t<div class='gallery-icon landscape'>\n\t\t\t\t<a href='https:\/\/tucomarca.whitekongsoftware.com\/ca\/fotogaleria-el-psoe-de-bunyol-presenta-la-seua-candidatura-a-lajuntament-que-encapcala-juncal-carrascosa\/psoebunyol01-2-2\/'><img loading=\"lazy\" decoding=\"async\" width=\"300\" height=\"225\" src=\"https:\/\/tucomarca.whitekongsoftware.com\/wp-content\/uploads\/2019\/04\/PSOEBunyol01-1-300x225.jpg\" class=\"attachment-medium size-medium\" alt=\"\" srcset=\"https:\/\/tucomarca.whitekongsoftware.com\/wp-content\/uploads\/2019\/04\/PSOEBunyol01-1-300x225.jpg 300w, https:\/\/tucomarca.whitekongsoftware.com\/wp-content\/uploads\/2019\/04\/PSOEBunyol01-1-768x576.jpg 768w, https:\/\/tucomarca.whitekongsoftware.com\/wp-content\/uploads\/2019\/04\/PSOEBunyol01-1-1024x768.jpg 1024w, https:\/\/tucomarca.whitekongsoftware.com\/wp-content\/uploads\/2019\/04\/PSOEBunyol01-1.jpg 1600w\" sizes=\"auto, (max-width: 300px) 100vw, 300px\" \/><\/a>\n\t\t\t<\/div><\/figure><figure class='gallery-item'>\n\t\t\t<div class='gallery-icon landscape'>\n\t\t\t\t<a href='https:\/\/tucomarca.whitekongsoftware.com\/ca\/fotogaleria-el-psoe-de-bunyol-presenta-la-seua-candidatura-a-lajuntament-que-encapcala-juncal-carrascosa\/psoebunyol-2\/'><img loading=\"lazy\" decoding=\"async\" width=\"300\" height=\"225\" src=\"https:\/\/tucomarca.whitekongsoftware.com\/wp-content\/uploads\/2019\/04\/PSOEBunyol-300x225.jpg\" class=\"attachment-medium size-medium\" alt=\"Junccal Carrascosa cont\u00f3 con el apoyo de Pedro Rodr\u00edguez y de Rebeco Torr\u00f3.\" aria-describedby=\"gallery-1-85067\" srcset=\"https:\/\/tucomarca.whitekongsoftware.com\/wp-content\/uploads\/2019\/04\/PSOEBunyol-300x225.jpg 300w, https:\/\/tucomarca.whitekongsoftware.com\/wp-content\/uploads\/2019\/04\/PSOEBunyol-768x576.jpg 768w, https:\/\/tucomarca.whitekongsoftware.com\/wp-content\/uploads\/2019\/04\/PSOEBunyol-1024x768.jpg 1024w, https:\/\/tucomarca.whitekongsoftware.com\/wp-content\/uploads\/2019\/04\/PSOEBunyol.jpg 1600w\" sizes=\"auto, (max-width: 300px) 100vw, 300px\" \/><\/a>\n\t\t\t<\/div>\n\t\t\t\t<figcaption class='wp-caption-text gallery-caption' id='gallery-1-85067'>\n\t\t\t\tJunccal Carrascosa cont\u00f3 con el apoyo de Pedro Rodr\u00edguez y de Rebeco Torr\u00f3.\n\t\t\t\t<\/figcaption><\/figure>\n\t\t<\/div>\n\n","protected":false},"excerpt":{"rendered":"<div class=\"mh-excerpt\">Com ja ha avan\u00e7at tucomarca.com en la seva edici\u00f3 en paper, l&#8217;agrupaci\u00f3 local del PSPV-PSOE de Bunyol ha presentat aquest dimecres a la tarda als integrants de la seva candidatura a l&#8217;Ajuntament de Bu\u00f1ol que <a class=\"mh-excerpt-more\" href=\"https:\/\/tucomarca.whitekongsoftware.com\/ca\/fotogaleria-el-psoe-de-bunyol-presenta-la-seua-candidatura-a-lajuntament-que-encapcala-juncal-carrascosa\/\" title=\"Fotogaleria: El PSOE de Bunyol presenta la seua candidatura a l&#8217;Ajuntament que encap\u00e7ala Juncal Carrascosa\">[+] <\/a><\/div>\n","protected":false},"author":1,"featured_media":85067,"comment_status":"open","ping_status":"open","sticky":false,"template":"","format":"standard","meta":{"footnotes":""},"categories":[10911,10898,10894,10904,10912,10947,10896],"tags":[11314],"class_list":["post-85095","post","type-post","status-publish","format-standard","has-post-thumbnail","category-bunol-ca","category-ventana-ca","category-la-comarca-ca","category-sin-categorizar-ca","category-la-hoya-ca","category-politica","category-seccion-ca","tag-bunyol-ca"],"_links":{"self":[{"href":"https:\/\/tucomarca.whitekongsoftware.com\/ca\/wp-json\/wp\/v2\/posts\/85095","targetHints":{"allow":["GET"]}}],"collection":[{"href":"https:\/\/tucomarca.whitekongsoftware.com\/ca\/wp-json\/wp\/v2\/posts"}],"about":[{"href":"https:\/\/tucomarca.whitekongsoftware.com\/ca\/wp-json\/wp\/v2\/types\/post"}],"author":[{"embeddable":true,"href":"https:\/\/tucomarca.whitekongsoftware.com\/ca\/wp-json\/wp\/v2\/users\/1"}],"replies":[{"embeddable":true,"href":"https:\/\/tucomarca.whitekongsoftware.com\/ca\/wp-json\/wp\/v2\/comments?post=85095"}],"version-history":[{"count":0,"href":"https:\/\/tucomarca.whitekongsoftware.com\/ca\/wp-json\/wp\/v2\/posts\/85095\/revisions"}],"wp:featuredmedia":[{"embeddable":true,"href":"https:\/\/tucomarca.whitekongsoftware.com\/ca\/wp-json\/wp\/v2\/media\/85067"}],"wp:attachment":[{"href":"https:\/\/tucomarca.whitekongsoftware.com\/ca\/wp-json\/wp\/v2\/media?parent=85095"}],"wp:term":[{"taxonomy":"category","embeddable":true,"href":"https:\/\/tucomarca.whitekongsoftware.com\/ca\/wp-json\/wp\/v2\/categories?post=85095"},{"taxonomy":"post_tag","embeddable":true,"href":"https:\/\/tucomarca.whitekongsoftware.com\/ca\/wp-json\/wp\/v2\/tags?post=85095"}],"curies":[{"name":"wp","href":"https:\/\/api.w.org\/{rel}","templated":true}]}}