{"id":85059,"date":"2019-04-27T12:49:24","date_gmt":"2019-04-27T10:49:24","guid":{"rendered":"http:\/\/www.tucomarca.com\/wordpress\/segunda\/?p=85059"},"modified":"2019-04-27T12:49:24","modified_gmt":"2019-04-27T10:49:24","slug":"fotogaleria-un-centenar-de-xiquets-i-xiquetes-gaudeixen-a-xest-de-lescola-de-pasqua-2019","status":"publish","type":"post","link":"https:\/\/tucomarca.whitekongsoftware.com\/ca\/fotogaleria-un-centenar-de-xiquets-i-xiquetes-gaudeixen-a-xest-de-lescola-de-pasqua-2019\/","title":{"rendered":"Fotogaleria: Un centenar de xiquets i xiquetes gaudeixen a Xest de l&#8217;Escola de Pasqua 2019"},"content":{"rendered":"<div class=\"\">\n<figure id=\"attachment_85039\" aria-describedby=\"caption-attachment-85039\" style=\"width: 366px\" class=\"wp-caption alignleft\"><img loading=\"lazy\" decoding=\"async\" class=\" wp-image-85039\" src=\"http:\/\/www.tucomarca.com\/wordpress\/segunda\/wp-content\/uploads\/2019\/04\/16.jpg\" alt=\"Un centenar de ni\u00f1os y ni\u00f1as disfrutan en Cheste de la Escuela de Pascua 2019.\" width=\"366\" height=\"244\" srcset=\"https:\/\/tucomarca.whitekongsoftware.com\/wp-content\/uploads\/2019\/04\/16.jpg 5472w, https:\/\/tucomarca.whitekongsoftware.com\/wp-content\/uploads\/2019\/04\/16-300x200.jpg 300w, https:\/\/tucomarca.whitekongsoftware.com\/wp-content\/uploads\/2019\/04\/16-768x512.jpg 768w, https:\/\/tucomarca.whitekongsoftware.com\/wp-content\/uploads\/2019\/04\/16-1024x683.jpg 1024w\" sizes=\"auto, (max-width: 366px) 100vw, 366px\" \/><figcaption id=\"caption-attachment-85039\" class=\"wp-caption-text\">Un centenar de xiquets i xiquetes gaudeixen a Xest de l&#8217;Escola de Pasqua 2019.<\/figcaption><\/figure>\n<p>Un any m\u00e9s, l&#8217;Escola de Pasqua de Xest, organitzada per la regidoria d&#8217;Educaci\u00f3, finalitza amb \u00e8xit de participaci\u00f3. En aquesta edici\u00f3 han estat 96 els nens i nenes que han participat en les activitats programades des del dimecres 23 d&#8217;abril a avui, divendres 26, en horari de 9:30 a 13:30 hores.<\/p>\n<p>&#8220;L&#8217;escola de Pasqua creix en acceptaci\u00f3 any rere anys, tant els nens i nenes com les seves fam\u00edlies la valoren molt positivament, els petits es diverteixen i aprenen alhora que les seves fam\u00edlies poden continuar amb les seves tasques habituals en aquests dies de Pasqua&#8221;, afirma la regidora d&#8217;Educaci\u00f3, M\u00aa \u00c1ngeles Llorente. &#8220;Sens dubte \u00e9s una activitat que continuarem organitzant&#8221;.<\/p>\n<p>Aquest any l&#8217;escola s&#8217;ha desenvolupat a les instal\u00b7lacions del CEIP Vicent Blasco Ib\u00e1\u00f1ez, sota el t\u00edtol Acci\u00f3 en vacances: oci actiu i educatiu. &#8220;El projecte ha contemplat activitats de molts tipus: tallers, jocs, esports tradicionals i fins i tot una sessi\u00f3 de ioga, sempre treballant sobre diferents valors&#8221;, explica Alba Moreno, coordinadora de l&#8217;escola de Pasqua. &#8220;La resposta dels nens i nenes ha estat estupenda, tots i totes han estat molt participatius i han gaudit en cadascuna de les din\u00e0miques. L&#8217;activitat m\u00e9s reeixida ha estat la sortida que vam realitzar a l&#8217;Parc de la Lomiquia, on els vam proposar un joc de recerca dins del parc per trobar el menjar del conill de Pasqua. Aquest dia comptem amb el suport de la Policia Local, que va fer l&#8217;acompanyament a l&#8217;anada ia la tornada &#8220;.<\/p>\n<p>L&#8217;edici\u00f3 de 2019 finalitzar\u00e0 avui amb un festival en qu\u00e8 cada classe interpretar\u00e0 una can\u00e7\u00f3 i portar\u00e0 la disfressa que s&#8217;ha estat confeccionant durant el mat\u00ed. &#8220;El balan\u00e7 general \u00e9s molt positiu, els nens i nenes han apr\u00e8s i s&#8217;han divertit, els monitors s&#8217;han implicat molt\u00edssim i, tot i que comptaven amb la guia del projecte, han enriquit les activitats aportant les seves propostes; i les fam\u00edlies estan encantades amb aquesta oferta educativa i de lleure per als seus fills i filles &#8220;, conclou Moreno.<\/p>\n<\/div>\n<div class=\"\">\n<div id='gallery-1' class='gallery galleryid-85059 gallery-columns-3 gallery-size-medium'><figure class='gallery-item'>\n\t\t\t<div class='gallery-icon landscape'>\n\t\t\t\t<a href='https:\/\/tucomarca.whitekongsoftware.com\/ca\/fotogaleria-un-centenar-de-xiquets-i-xiquetes-gaudeixen-a-xest-de-lescola-de-pasqua-2019\/2-13-2\/'><img loading=\"lazy\" decoding=\"async\" width=\"300\" height=\"200\" src=\"https:\/\/tucomarca.whitekongsoftware.com\/wp-content\/uploads\/2019\/04\/2-4-300x200.jpg\" class=\"attachment-medium size-medium\" alt=\"\" srcset=\"https:\/\/tucomarca.whitekongsoftware.com\/wp-content\/uploads\/2019\/04\/2-4-300x200.jpg 300w, https:\/\/tucomarca.whitekongsoftware.com\/wp-content\/uploads\/2019\/04\/2-4-768x512.jpg 768w, https:\/\/tucomarca.whitekongsoftware.com\/wp-content\/uploads\/2019\/04\/2-4-1024x683.jpg 1024w\" sizes=\"auto, (max-width: 300px) 100vw, 300px\" \/><\/a>\n\t\t\t<\/div><\/figure><figure class='gallery-item'>\n\t\t\t<div class='gallery-icon landscape'>\n\t\t\t\t<a href='https:\/\/tucomarca.whitekongsoftware.com\/ca\/fotogaleria-un-centenar-de-xiquets-i-xiquetes-gaudeixen-a-xest-de-lescola-de-pasqua-2019\/4-7-2\/'><img loading=\"lazy\" decoding=\"async\" width=\"300\" height=\"200\" src=\"https:\/\/tucomarca.whitekongsoftware.com\/wp-content\/uploads\/2019\/04\/4-3-300x200.jpg\" class=\"attachment-medium size-medium\" alt=\"\" srcset=\"https:\/\/tucomarca.whitekongsoftware.com\/wp-content\/uploads\/2019\/04\/4-3-300x200.jpg 300w, https:\/\/tucomarca.whitekongsoftware.com\/wp-content\/uploads\/2019\/04\/4-3-768x512.jpg 768w, https:\/\/tucomarca.whitekongsoftware.com\/wp-content\/uploads\/2019\/04\/4-3-1024x683.jpg 1024w\" sizes=\"auto, (max-width: 300px) 100vw, 300px\" \/><\/a>\n\t\t\t<\/div><\/figure><figure class='gallery-item'>\n\t\t\t<div class='gallery-icon landscape'>\n\t\t\t\t<a href='https:\/\/tucomarca.whitekongsoftware.com\/ca\/fotogaleria-un-centenar-de-xiquets-i-xiquetes-gaudeixen-a-xest-de-lescola-de-pasqua-2019\/5-7-2\/'><img loading=\"lazy\" decoding=\"async\" width=\"300\" height=\"200\" src=\"https:\/\/tucomarca.whitekongsoftware.com\/wp-content\/uploads\/2019\/04\/5-3-300x200.jpg\" class=\"attachment-medium size-medium\" alt=\"\" srcset=\"https:\/\/tucomarca.whitekongsoftware.com\/wp-content\/uploads\/2019\/04\/5-3-300x200.jpg 300w, https:\/\/tucomarca.whitekongsoftware.com\/wp-content\/uploads\/2019\/04\/5-3-768x512.jpg 768w, https:\/\/tucomarca.whitekongsoftware.com\/wp-content\/uploads\/2019\/04\/5-3-1024x683.jpg 1024w\" sizes=\"auto, (max-width: 300px) 100vw, 300px\" \/><\/a>\n\t\t\t<\/div><\/figure><figure class='gallery-item'>\n\t\t\t<div class='gallery-icon landscape'>\n\t\t\t\t<a href='https:\/\/tucomarca.whitekongsoftware.com\/ca\/fotogaleria-un-centenar-de-xiquets-i-xiquetes-gaudeixen-a-xest-de-lescola-de-pasqua-2019\/7-8-2\/'><img loading=\"lazy\" decoding=\"async\" width=\"300\" height=\"200\" src=\"https:\/\/tucomarca.whitekongsoftware.com\/wp-content\/uploads\/2019\/04\/7-4-300x200.jpg\" class=\"attachment-medium size-medium\" alt=\"\" srcset=\"https:\/\/tucomarca.whitekongsoftware.com\/wp-content\/uploads\/2019\/04\/7-4-300x200.jpg 300w, https:\/\/tucomarca.whitekongsoftware.com\/wp-content\/uploads\/2019\/04\/7-4-768x512.jpg 768w, https:\/\/tucomarca.whitekongsoftware.com\/wp-content\/uploads\/2019\/04\/7-4-1024x683.jpg 1024w\" sizes=\"auto, (max-width: 300px) 100vw, 300px\" \/><\/a>\n\t\t\t<\/div><\/figure><figure class='gallery-item'>\n\t\t\t<div class='gallery-icon landscape'>\n\t\t\t\t<a href='https:\/\/tucomarca.whitekongsoftware.com\/ca\/fotogaleria-un-centenar-de-xiquets-i-xiquetes-gaudeixen-a-xest-de-lescola-de-pasqua-2019\/14-5-2\/'><img loading=\"lazy\" decoding=\"async\" width=\"300\" height=\"200\" src=\"https:\/\/tucomarca.whitekongsoftware.com\/wp-content\/uploads\/2019\/04\/14-300x200.jpg\" class=\"attachment-medium size-medium\" alt=\"\" srcset=\"https:\/\/tucomarca.whitekongsoftware.com\/wp-content\/uploads\/2019\/04\/14-300x200.jpg 300w, https:\/\/tucomarca.whitekongsoftware.com\/wp-content\/uploads\/2019\/04\/14-768x512.jpg 768w, https:\/\/tucomarca.whitekongsoftware.com\/wp-content\/uploads\/2019\/04\/14-1024x683.jpg 1024w\" sizes=\"auto, (max-width: 300px) 100vw, 300px\" \/><\/a>\n\t\t\t<\/div><\/figure><figure class='gallery-item'>\n\t\t\t<div class='gallery-icon landscape'>\n\t\t\t\t<a href='https:\/\/tucomarca.whitekongsoftware.com\/ca\/fotogaleria-un-centenar-de-xiquets-i-xiquetes-gaudeixen-a-xest-de-lescola-de-pasqua-2019\/18-3-2\/'><img loading=\"lazy\" decoding=\"async\" width=\"300\" height=\"200\" src=\"https:\/\/tucomarca.whitekongsoftware.com\/wp-content\/uploads\/2019\/04\/18-300x200.jpg\" class=\"attachment-medium size-medium\" alt=\"\" srcset=\"https:\/\/tucomarca.whitekongsoftware.com\/wp-content\/uploads\/2019\/04\/18-300x200.jpg 300w, https:\/\/tucomarca.whitekongsoftware.com\/wp-content\/uploads\/2019\/04\/18-768x512.jpg 768w, https:\/\/tucomarca.whitekongsoftware.com\/wp-content\/uploads\/2019\/04\/18-1024x683.jpg 1024w\" sizes=\"auto, (max-width: 300px) 100vw, 300px\" \/><\/a>\n\t\t\t<\/div><\/figure><figure class='gallery-item'>\n\t\t\t<div class='gallery-icon landscape'>\n\t\t\t\t<a href='https:\/\/tucomarca.whitekongsoftware.com\/ca\/fotogaleria-un-centenar-de-xiquets-i-xiquetes-gaudeixen-a-xest-de-lescola-de-pasqua-2019\/19-4-2\/'><img loading=\"lazy\" decoding=\"async\" width=\"300\" height=\"200\" src=\"https:\/\/tucomarca.whitekongsoftware.com\/wp-content\/uploads\/2019\/04\/19-300x200.jpg\" class=\"attachment-medium size-medium\" alt=\"\" srcset=\"https:\/\/tucomarca.whitekongsoftware.com\/wp-content\/uploads\/2019\/04\/19-300x200.jpg 300w, https:\/\/tucomarca.whitekongsoftware.com\/wp-content\/uploads\/2019\/04\/19-768x512.jpg 768w, https:\/\/tucomarca.whitekongsoftware.com\/wp-content\/uploads\/2019\/04\/19-1024x683.jpg 1024w\" sizes=\"auto, (max-width: 300px) 100vw, 300px\" \/><\/a>\n\t\t\t<\/div><\/figure><figure class='gallery-item'>\n\t\t\t<div class='gallery-icon landscape'>\n\t\t\t\t<a href='https:\/\/tucomarca.whitekongsoftware.com\/ca\/fotogaleria-un-centenar-de-xiquets-i-xiquetes-gaudeixen-a-xest-de-lescola-de-pasqua-2019\/20-3-2\/'><img loading=\"lazy\" decoding=\"async\" width=\"300\" height=\"200\" src=\"https:\/\/tucomarca.whitekongsoftware.com\/wp-content\/uploads\/2019\/04\/20-300x200.jpg\" class=\"attachment-medium size-medium\" alt=\"\" srcset=\"https:\/\/tucomarca.whitekongsoftware.com\/wp-content\/uploads\/2019\/04\/20-300x200.jpg 300w, https:\/\/tucomarca.whitekongsoftware.com\/wp-content\/uploads\/2019\/04\/20-768x512.jpg 768w, https:\/\/tucomarca.whitekongsoftware.com\/wp-content\/uploads\/2019\/04\/20-1024x683.jpg 1024w\" sizes=\"auto, (max-width: 300px) 100vw, 300px\" \/><\/a>\n\t\t\t<\/div><\/figure>\n\t\t<\/div>\n\n<\/div>\n","protected":false},"excerpt":{"rendered":"<div class=\"mh-excerpt\">Un any m\u00e9s, l&#8217;Escola de Pasqua de Xest, organitzada per la regidoria d&#8217;Educaci\u00f3, finalitza amb \u00e8xit de participaci\u00f3. En aquesta edici\u00f3 han estat 96 els nens i nenes que han participat en les activitats programades <a class=\"mh-excerpt-more\" href=\"https:\/\/tucomarca.whitekongsoftware.com\/ca\/fotogaleria-un-centenar-de-xiquets-i-xiquetes-gaudeixen-a-xest-de-lescola-de-pasqua-2019\/\" title=\"Fotogaleria: Un centenar de xiquets i xiquetes gaudeixen a Xest de l&#8217;Escola de Pasqua 2019\">[+] <\/a><\/div>\n","protected":false},"author":2,"featured_media":85040,"comment_status":"open","ping_status":"open","sticky":false,"template":"","format":"standard","meta":{"footnotes":""},"categories":[10912,11004,11008,10896,10974],"tags":[11109],"class_list":["post-85059","post","type-post","status-publish","format-standard","has-post-thumbnail","category-la-hoya-ca","category-la-semana-en-imagenes-ca","category-pueblos-en-fiestas-ca","category-seccion-ca","category-cheste-ca","tag-xest"],"_links":{"self":[{"href":"https:\/\/tucomarca.whitekongsoftware.com\/ca\/wp-json\/wp\/v2\/posts\/85059","targetHints":{"allow":["GET"]}}],"collection":[{"href":"https:\/\/tucomarca.whitekongsoftware.com\/ca\/wp-json\/wp\/v2\/posts"}],"about":[{"href":"https:\/\/tucomarca.whitekongsoftware.com\/ca\/wp-json\/wp\/v2\/types\/post"}],"author":[{"embeddable":true,"href":"https:\/\/tucomarca.whitekongsoftware.com\/ca\/wp-json\/wp\/v2\/users\/2"}],"replies":[{"embeddable":true,"href":"https:\/\/tucomarca.whitekongsoftware.com\/ca\/wp-json\/wp\/v2\/comments?post=85059"}],"version-history":[{"count":0,"href":"https:\/\/tucomarca.whitekongsoftware.com\/ca\/wp-json\/wp\/v2\/posts\/85059\/revisions"}],"wp:featuredmedia":[{"embeddable":true,"href":"https:\/\/tucomarca.whitekongsoftware.com\/ca\/wp-json\/wp\/v2\/media\/85040"}],"wp:attachment":[{"href":"https:\/\/tucomarca.whitekongsoftware.com\/ca\/wp-json\/wp\/v2\/media?parent=85059"}],"wp:term":[{"taxonomy":"category","embeddable":true,"href":"https:\/\/tucomarca.whitekongsoftware.com\/ca\/wp-json\/wp\/v2\/categories?post=85059"},{"taxonomy":"post_tag","embeddable":true,"href":"https:\/\/tucomarca.whitekongsoftware.com\/ca\/wp-json\/wp\/v2\/tags?post=85059"}],"curies":[{"name":"wp","href":"https:\/\/api.w.org\/{rel}","templated":true}]}}