{"id":84967,"date":"2019-04-25T11:29:54","date_gmt":"2019-04-25T09:29:54","guid":{"rendered":"http:\/\/www.tucomarca.com\/wordpress\/segunda\/?p=84967"},"modified":"2019-04-25T11:29:54","modified_gmt":"2019-04-25T09:29:54","slug":"generalitat-i-ajuntament-de-lliria-signen-un-conveni-per-a-la-renovacio-urbana-i-construccio-de-100-habitatges","status":"publish","type":"post","link":"https:\/\/tucomarca.whitekongsoftware.com\/ca\/generalitat-i-ajuntament-de-lliria-signen-un-conveni-per-a-la-renovacio-urbana-i-construccio-de-100-habitatges\/","title":{"rendered":"Generalitat i Ajuntament de Ll\u00edria signen un conveni per a la renovaci\u00f3 urbana i construcci\u00f3 de 100 habitatges"},"content":{"rendered":"<figure id=\"attachment_84964\" aria-describedby=\"caption-attachment-84964\" style=\"width: 438px\" class=\"wp-caption alignleft\"><img loading=\"lazy\" decoding=\"async\" class=\" wp-image-84964\" src=\"http:\/\/www.tucomarca.com\/wordpress\/segunda\/wp-content\/uploads\/2019\/04\/IMG_1849.jpg\" alt=\"Generalitat y Ayuntamiento de Ll\u00edria firman un convenio para la renovaci\u00f3n urbana y construcci\u00f3n de 100 viviendas.\" width=\"438\" height=\"292\" srcset=\"https:\/\/tucomarca.whitekongsoftware.com\/wp-content\/uploads\/2019\/04\/IMG_1849.jpg 2592w, https:\/\/tucomarca.whitekongsoftware.com\/wp-content\/uploads\/2019\/04\/IMG_1849-300x200.jpg 300w, https:\/\/tucomarca.whitekongsoftware.com\/wp-content\/uploads\/2019\/04\/IMG_1849-768x512.jpg 768w, https:\/\/tucomarca.whitekongsoftware.com\/wp-content\/uploads\/2019\/04\/IMG_1849-1024x683.jpg 1024w\" sizes=\"auto, (max-width: 438px) 100vw, 438px\" \/><figcaption id=\"caption-attachment-84964\" class=\"wp-caption-text\">Generalitat i Ajuntament de Ll\u00edria signen un conveni per a la renovaci\u00f3 urbana i construcci\u00f3 de 100 habitatges.<\/figcaption><\/figure>\n<p>La consellera d&#8217;Habitatge, Obres P\u00fabliques i Vertebraci\u00f3 del Territori, Mar\u00eda Jos\u00e9 Salvador, ha signat un conveni amb l&#8217;alcalde de Ll\u00edria, Manolo Civera, per gestionar les actuacions de regeneraci\u00f3 i renovaci\u00f3 urbana (ARRU) de l&#8217;\u00c0rea d&#8217;Ampliaci\u00f3 del Nucli Antic al marc del Pla Estatal d&#8217;Habitatge 2013-2016 que permet que les actuacions s&#8217;executin fins a 31 de desembre de el 2019.<\/p>\n<p>El conveni, que es va aprovar la setmana passada en el Ple del Consell, estableix una subvenci\u00f3 per a l&#8217;exercici 2019 de 1.865.900 euros, dels quals la Generalitat aportar\u00e0 458.400 euros i el Ministeri de Foment, 1.407.500 euros.<\/p>\n<p>El conveni signat entre la Conselleria i l&#8217;Ajuntament de Ll\u00edria, pel qual es va declarar l&#8217;ampliaci\u00f3 del nucli antic de Regeneraci\u00f3 i Renovaci\u00f3 Urbana, estableix una inversi\u00f3 total de 4.640.000 euros a aportar fins 2019 pel Ministeri de Foment, la Generalitat, l&#8217;Ajuntament i els particulars.<\/p>\n<p>Els treballs que s&#8217;estan realitzant en el marc d&#8217;aquest conveni comprenen obres d&#8217;edificaci\u00f3 de 20 habitatges en substituci\u00f3 d&#8217;altres, la rehabilitaci\u00f3 de 80 habitatges, les obres de reurbanitzaci\u00f3, aix\u00ed com la gesti\u00f3 t\u00e8cnica i informaci\u00f3 necess\u00e0ria a realitzar a trav\u00e9s d&#8217;un equip t\u00e8cnic de gesti\u00f3.<\/p>\n<p>Amb aquestes intervencions, el Consell pret\u00e9n destinar recursos per corregir les desigualtats entre ve\u00efns del municipi i solucionar els problemes d&#8217;habitatge.<\/p>\n<p>A m\u00e9s, amb la rehabilitaci\u00f3 i la regeneraci\u00f3 urbana no nom\u00e9s es recuperen i es renoven els habitatges dels nuclis hist\u00f2rics i els espais urbans de les ciutats sin\u00f3 que tamb\u00e9 es reactiva l&#8217;economia i totes les feines annexos relacionats amb la construcci\u00f3.<\/p>\n","protected":false},"excerpt":{"rendered":"<div class=\"mh-excerpt\">La consellera d&#8217;Habitatge, Obres P\u00fabliques i Vertebraci\u00f3 del Territori, Mar\u00eda Jos\u00e9 Salvador, ha signat un conveni amb l&#8217;alcalde de Ll\u00edria, Manolo Civera, per gestionar les actuacions de regeneraci\u00f3 i renovaci\u00f3 urbana (ARRU) de l&#8217;\u00c0rea d&#8217;Ampliaci\u00f3 <a class=\"mh-excerpt-more\" href=\"https:\/\/tucomarca.whitekongsoftware.com\/ca\/generalitat-i-ajuntament-de-lliria-signen-un-conveni-per-a-la-renovacio-urbana-i-construccio-de-100-habitatges\/\" title=\"Generalitat i Ajuntament de Ll\u00edria signen un conveni per a la renovaci\u00f3 urbana i construcci\u00f3 de 100 habitatges\">[+] <\/a><\/div>\n","protected":false},"author":2,"featured_media":84965,"comment_status":"open","ping_status":"open","sticky":false,"template":"","format":"standard","meta":{"footnotes":""},"categories":[10892,10898,10948,10928,10896],"tags":[11461,10899],"class_list":["post-84967","post","type-post","status-publish","format-standard","has-post-thumbnail","category-camp-de-turia-ca","category-ventana-ca","category-infraestructuras-ca","category-lliria-ca","category-seccion-ca","tag-ajuntament-de-lliria-ca","tag-camp-de-turia-ca"],"_links":{"self":[{"href":"https:\/\/tucomarca.whitekongsoftware.com\/ca\/wp-json\/wp\/v2\/posts\/84967","targetHints":{"allow":["GET"]}}],"collection":[{"href":"https:\/\/tucomarca.whitekongsoftware.com\/ca\/wp-json\/wp\/v2\/posts"}],"about":[{"href":"https:\/\/tucomarca.whitekongsoftware.com\/ca\/wp-json\/wp\/v2\/types\/post"}],"author":[{"embeddable":true,"href":"https:\/\/tucomarca.whitekongsoftware.com\/ca\/wp-json\/wp\/v2\/users\/2"}],"replies":[{"embeddable":true,"href":"https:\/\/tucomarca.whitekongsoftware.com\/ca\/wp-json\/wp\/v2\/comments?post=84967"}],"version-history":[{"count":0,"href":"https:\/\/tucomarca.whitekongsoftware.com\/ca\/wp-json\/wp\/v2\/posts\/84967\/revisions"}],"wp:featuredmedia":[{"embeddable":true,"href":"https:\/\/tucomarca.whitekongsoftware.com\/ca\/wp-json\/wp\/v2\/media\/84965"}],"wp:attachment":[{"href":"https:\/\/tucomarca.whitekongsoftware.com\/ca\/wp-json\/wp\/v2\/media?parent=84967"}],"wp:term":[{"taxonomy":"category","embeddable":true,"href":"https:\/\/tucomarca.whitekongsoftware.com\/ca\/wp-json\/wp\/v2\/categories?post=84967"},{"taxonomy":"post_tag","embeddable":true,"href":"https:\/\/tucomarca.whitekongsoftware.com\/ca\/wp-json\/wp\/v2\/tags?post=84967"}],"curies":[{"name":"wp","href":"https:\/\/api.w.org\/{rel}","templated":true}]}}