{"id":84925,"date":"2019-04-24T18:31:27","date_gmt":"2019-04-24T16:31:27","guid":{"rendered":"http:\/\/www.tucomarca.com\/wordpress\/segunda\/?p=84925"},"modified":"2019-04-24T18:31:27","modified_gmt":"2019-04-24T16:31:27","slug":"un-nou-cicle-viure-de-cinema-arranca-a-bunyol-aquest-dijous-amb-grans-atractius-cinematografics","status":"publish","type":"post","link":"https:\/\/tucomarca.whitekongsoftware.com\/ca\/un-nou-cicle-viure-de-cinema-arranca-a-bunyol-aquest-dijous-amb-grans-atractius-cinematografics\/","title":{"rendered":"Un nou cicle Viure de Cinema arranca a Bunyol aquest dijous amb grans atractius cinematogr\u00e0fics"},"content":{"rendered":"<p>El Festival Viure de Cinema de Bunyol 2019 arrenca aquest dijous, 25 d&#8217;abril, i es prolongar\u00e0 fins al 30 de maig i portar\u00e0 grans pel\u00b7l\u00edcules als dos teatres de la localitat tots els dijous a les 22,30 hores a un preu de tres euros . Com cada any, excepte en les gales d&#8217;inauguraci\u00f3 i clausura, tots els passis previs a la pel\u00b7l\u00edcula aniran precedits de curts.<\/p>\n<p>Aquest any els quatre curts del Circuit Valenci\u00e0 de Cultura s\u00f3n d&#8217;animaci\u00f3, d&#8217;entre 5 i 12 minuts, que parlen de temes tan importants com els trasplantaments d&#8217;\u00f2rgans, els refugiats, els murs i l&#8217;ecologia. Podran veure els dies 2, 9, 16 i 23 de maig, moments previs a la pel\u00b7l\u00edcula, i s\u00f3n Dry Fly, Marhaba (Hello), The Neverending Wall i Patchwork.<\/p>\n<p>Les pel\u00b7l\u00edcules que es projectaran tots els dijous des del 25 d&#8217;abril al 30 de maig de forma alterna en un dels dos teatres de Bunyol en horari de 22,30 hores ia un preu de tres euros s\u00f3n Qui et cantar\u00e0, \u00bfPodr\u00e0s perdonar-me algun dia ?, Cust\u00f2dia compartida, Cold War, The Old Man and the gun i El desenterrament.<\/p>\n<p>La primera pel\u00b7l\u00edcula es projecta el 25 d&#8217;abril al Palau de la M\u00fasica. A l&#8217;acte d&#8217;inauguraci\u00f3 hi assistiran regidors del consistori i com a actor convidat estar\u00e0 Ferran Gadea, conegut per \u00abTonet\u00bb en la s\u00e8rie L&#8217;Alqueria Blanca de RTVV. En aquest acte donar\u00e0 la benvinguda Arnaldo Carrascosa, regidor de Cultura, amb un petit discurs; despr\u00e9s d&#8217;ell, Jonquera Carrascosa, alcaldessa de Bunyol, que tamb\u00e9 agrair\u00e0 l&#8217;assist\u00e8ncia a tots els presents i recordar\u00e0 \u00abla bona salut de la qual gaudeix aquest festival de cinema\u00bb; i finalment tancar\u00e0 l&#8217;acte Ferran Gadea amb un discurs sobre les arts esc\u00e8niques i especialment la cura de Bunyol pel set\u00e8 art.<\/p>\n<p>Aquest conegut actor valenci\u00e0 neix en el si d&#8217;una fam\u00edlia de forners a Burjassot, inicia el 1996 els estudis d&#8217;art dram\u00e0tic a l&#8217;Escola Superior d&#8217;Art Dram\u00e0tic de Val\u00e8ncia, llicenciant-se en 2000. Gadea ha desenvolupat la seva activitat d&#8217;actor principalment en el teatre, per\u00f2 tamb\u00e9 ha treballat en el cinema i la televisi\u00f3, on va guanyar gran popularitat entre el p\u00fablic valenci\u00e0 sobretot despr\u00e9s del seu paper en la s\u00e8rie l&#8217;Alqueria Blanca on interpretava el personatge de \u00abTonet\u00bb.<\/p>\n<p>La tarda del 25 d&#8217;abril, Ferran Gadea visitar\u00e0 el municipi de Bunyol costat de regidors de l&#8217;Ajuntament i tamb\u00e9 oferir\u00e0 una roda de premsa als mitjans de comunicaci\u00f3. \u00abAny rere any aquest festival cinematogr\u00e0fic ofereix novetats, pel\u00b7l\u00edcules i curts de gran qualitat i d&#8217;enorme comprom\u00eds social, que fan que cada dijous Bunyol i els seus teatres s&#8217;omplin de ve\u00efns, visitants i aficionats al bon cinema\u00bb, han explicat des de l&#8217;organitzaci\u00f3.<\/p>\n<p>Pel que fa al cartell d&#8217;aquest Viure de Cinema, l&#8217;edil de Cultura de l&#8217;Ajuntament de Bu\u00f1ol ha afirmat que \u00e9s \u00abun homenatge a Stanley Donnen, renovador de la com\u00e8dia i el musical, \u00faltim supervivent de l&#8217;edat daurada de Hollywood, mort fa unes setmanes. Com a novetat aquest any, de les sis pel\u00b7l\u00edcules, una d&#8217;elles pertany a l&#8217;oferta audiovisual del Circuit Valenci\u00e0 i d&#8217;ella es far\u00e0 un passi especial al mat\u00ed per alumnes de l&#8217;IES La Foia de Bunyol. Aquesta pel\u00b7l\u00edcula, El desenterrament, protagonitzada entre d&#8217;altres per Leonardo Sbaraglia i Ana Torrent, \u00e9s un thriller l&#8217;acci\u00f3 es desenvolupa a Val\u00e8ncia. Tancar\u00e0 el festival i ser\u00e0 el seu director Nacho Ruip\u00e9rez qui ens acompanyar\u00e0 en l&#8217;acte de cloenda \u00bb, com ha destacat el regidor. \u00abLes altres cinc pel\u00b7l\u00edcules tenen en com\u00fa, a m\u00e9s de la seva qualitat, el que totes han estat nominades i algunes han estat premiades. Un any m\u00e9s, benvinguts al cinema en sala fosca \u00bb, ha finalitzat Arnaldo Carrascosa.<\/p>\n","protected":false},"excerpt":{"rendered":"<div class=\"mh-excerpt\">El Festival Viure de Cinema de Bunyol 2019 arrenca aquest dijous, 25 d&#8217;abril, i es prolongar\u00e0 fins al 30 de maig i portar\u00e0 grans pel\u00b7l\u00edcules als dos teatres de la localitat tots els dijous a <a class=\"mh-excerpt-more\" href=\"https:\/\/tucomarca.whitekongsoftware.com\/ca\/un-nou-cicle-viure-de-cinema-arranca-a-bunyol-aquest-dijous-amb-grans-atractius-cinematografics\/\" title=\"Un nou cicle Viure de Cinema arranca a Bunyol aquest dijous amb grans atractius cinematogr\u00e0fics\">[+] <\/a><\/div>\n","protected":false},"author":1,"featured_media":84926,"comment_status":"open","ping_status":"open","sticky":false,"template":"","format":"standard","meta":{"footnotes":""},"categories":[11019,10911,10912,11007,10896],"tags":[11314],"class_list":["post-84925","post","type-post","status-publish","format-standard","has-post-thumbnail","category-agenda-ca","category-bunol-ca","category-la-hoya-ca","category-ocio-y-cultura-ca","category-seccion-ca","tag-bunyol-ca"],"_links":{"self":[{"href":"https:\/\/tucomarca.whitekongsoftware.com\/ca\/wp-json\/wp\/v2\/posts\/84925","targetHints":{"allow":["GET"]}}],"collection":[{"href":"https:\/\/tucomarca.whitekongsoftware.com\/ca\/wp-json\/wp\/v2\/posts"}],"about":[{"href":"https:\/\/tucomarca.whitekongsoftware.com\/ca\/wp-json\/wp\/v2\/types\/post"}],"author":[{"embeddable":true,"href":"https:\/\/tucomarca.whitekongsoftware.com\/ca\/wp-json\/wp\/v2\/users\/1"}],"replies":[{"embeddable":true,"href":"https:\/\/tucomarca.whitekongsoftware.com\/ca\/wp-json\/wp\/v2\/comments?post=84925"}],"version-history":[{"count":0,"href":"https:\/\/tucomarca.whitekongsoftware.com\/ca\/wp-json\/wp\/v2\/posts\/84925\/revisions"}],"wp:featuredmedia":[{"embeddable":true,"href":"https:\/\/tucomarca.whitekongsoftware.com\/ca\/wp-json\/wp\/v2\/media\/84926"}],"wp:attachment":[{"href":"https:\/\/tucomarca.whitekongsoftware.com\/ca\/wp-json\/wp\/v2\/media?parent=84925"}],"wp:term":[{"taxonomy":"category","embeddable":true,"href":"https:\/\/tucomarca.whitekongsoftware.com\/ca\/wp-json\/wp\/v2\/categories?post=84925"},{"taxonomy":"post_tag","embeddable":true,"href":"https:\/\/tucomarca.whitekongsoftware.com\/ca\/wp-json\/wp\/v2\/tags?post=84925"}],"curies":[{"name":"wp","href":"https:\/\/api.w.org\/{rel}","templated":true}]}}