{"id":84885,"date":"2019-04-24T18:25:56","date_gmt":"2019-04-24T16:25:56","guid":{"rendered":"http:\/\/www.tucomarca.com\/wordpress\/segunda\/?p=84885"},"modified":"2019-04-24T18:25:56","modified_gmt":"2019-04-24T16:25:56","slug":"alboraig-exposa-la-serie-fotografica-punt-i-seguim-la-vida-pot-mes-promoguda-pel-secretariat-de-la-comissio-episcopal-de-migracions","status":"publish","type":"post","link":"https:\/\/tucomarca.whitekongsoftware.com\/ca\/alboraig-exposa-la-serie-fotografica-punt-i-seguim-la-vida-pot-mes-promoguda-pel-secretariat-de-la-comissio-episcopal-de-migracions\/","title":{"rendered":"Alboraig exposa la s\u00e8rie fotogr\u00e0fica &#8220;Punt i seguim. La vida pot m\u00e9s &#8220;promoguda pel Secretariat de la Comissi\u00f3 Episcopal de Migracions"},"content":{"rendered":"<figure id=\"attachment_84876\" aria-describedby=\"caption-attachment-84876\" style=\"width: 440px\" class=\"wp-caption alignleft\"><img loading=\"lazy\" decoding=\"async\" class=\" wp-image-84876\" src=\"http:\/\/www.tucomarca.com\/wordpress\/segunda\/wp-content\/uploads\/2019\/04\/IMG-20190422-WA0001.4.jpg\" alt=\"Una de las im\u00e1genes de la exposici\u00f3n promovida por el Secretariado de la Comisi\u00f3n Episcopal de Migraciones a trav\u00e9s de la Secci\u00f3n de Trata de Personas.\" width=\"440\" height=\"580\" \/><figcaption id=\"caption-attachment-84876\" class=\"wp-caption-text\">Una de les imatges de l&#8217;exposici\u00f3 promoguda pel Secretariat de la Comissi\u00f3 Episcopal de Migracions a trav\u00e9s de la Secci\u00f3 de Tr\u00e0fic de Persones.<\/figcaption><\/figure>\n<p>Des del passat divendres 19 i fins al 23 d&#8217;abril, la sala d&#8217;actes de l&#8217;Ajuntament d&#8217;Alboraig\u00a0ha contat\u00a0amb l&#8217;exposici\u00f3 fotogr\u00e0fica &#8220;Punt i seguim. La vida pot m\u00e9s &#8220;, una mostra itinerant de fotografies promoguda pel Secretariat de la Comissi\u00f3 Episcopal de Migracions a trav\u00e9s de la Secci\u00f3 de Tr\u00e0fic de Persones. Aquesta exposici\u00f3, amb una l\u00ednia argumental que comen\u00e7a amb el drama viscut, continua amb la indifer\u00e8ncia i acaba amb l&#8217;esperan\u00e7a en una vida lliure d&#8217;explotaci\u00f3, ha tingut un notable nombre de visites. Amb ella s&#8217;ha volgut donar a con\u00e8ixer i fer visible el problema del tr\u00e0fic d&#8217;\u00e9ssers humans.<\/p>\n<p>En aquesta exposici\u00f3 itinerant s&#8217;ha comptat amb la col\u00b7laboraci\u00f3 directa de persones que han estat v\u00edctimes del tr\u00e0fic, que han participat a trav\u00e9s de les imatges i de les frases que acompanyen cada fotografia, aix\u00ed com congregacions i projectes d&#8217;acollida i acompanyament en els processos personals.<\/p>\n<p>Aquesta exposici\u00f3 tamb\u00e9 ha estat possible gr\u00e0cies a l&#8217;autor de les fotografies, Fernando Marbre Os, i als membres del grup de coordinadors diocesans de la Secci\u00f3 de Tracta de la Comissi\u00f3 Episcopal de Migracions i l&#8217;Ajuntament d&#8217;Alborache, al costat d&#8217;altres institucions.<\/p>\n<div id='gallery-1' class='gallery galleryid-84885 gallery-columns-3 gallery-size-large'><figure class='gallery-item'>\n\t\t\t<div class='gallery-icon landscape'>\n\t\t\t\t<a href='https:\/\/tucomarca.whitekongsoftware.com\/ca\/alboraig-exposa-la-serie-fotografica-punt-i-seguim-la-vida-pot-mes-promoguda-pel-secretariat-de-la-comissio-episcopal-de-migracions\/img-20190422-wa0003-2\/'><img loading=\"lazy\" decoding=\"async\" width=\"1024\" height=\"577\" src=\"https:\/\/tucomarca.whitekongsoftware.com\/wp-content\/uploads\/2019\/04\/IMG-20190422-WA0003-1024x577.jpg\" class=\"attachment-large size-large\" alt=\"\" srcset=\"https:\/\/tucomarca.whitekongsoftware.com\/wp-content\/uploads\/2019\/04\/IMG-20190422-WA0003-1024x577.jpg 1024w, https:\/\/tucomarca.whitekongsoftware.com\/wp-content\/uploads\/2019\/04\/IMG-20190422-WA0003-300x169.jpg 300w, https:\/\/tucomarca.whitekongsoftware.com\/wp-content\/uploads\/2019\/04\/IMG-20190422-WA0003-768x432.jpg 768w, https:\/\/tucomarca.whitekongsoftware.com\/wp-content\/uploads\/2019\/04\/IMG-20190422-WA0003.jpg 1600w\" sizes=\"auto, (max-width: 1024px) 100vw, 1024px\" \/><\/a>\n\t\t\t<\/div><\/figure><figure class='gallery-item'>\n\t\t\t<div class='gallery-icon landscape'>\n\t\t\t\t<a href='https:\/\/tucomarca.whitekongsoftware.com\/ca\/alboraig-exposa-la-serie-fotografica-punt-i-seguim-la-vida-pot-mes-promoguda-pel-secretariat-de-la-comissio-episcopal-de-migracions\/img-20190422-wa0004-1-2\/'><img loading=\"lazy\" decoding=\"async\" width=\"1024\" height=\"577\" src=\"https:\/\/tucomarca.whitekongsoftware.com\/wp-content\/uploads\/2019\/04\/IMG-20190422-WA0004-1-1024x577.jpg\" class=\"attachment-large size-large\" alt=\"\" srcset=\"https:\/\/tucomarca.whitekongsoftware.com\/wp-content\/uploads\/2019\/04\/IMG-20190422-WA0004-1-1024x577.jpg 1024w, https:\/\/tucomarca.whitekongsoftware.com\/wp-content\/uploads\/2019\/04\/IMG-20190422-WA0004-1-300x169.jpg 300w, https:\/\/tucomarca.whitekongsoftware.com\/wp-content\/uploads\/2019\/04\/IMG-20190422-WA0004-1-768x432.jpg 768w, https:\/\/tucomarca.whitekongsoftware.com\/wp-content\/uploads\/2019\/04\/IMG-20190422-WA0004-1.jpg 1600w\" sizes=\"auto, (max-width: 1024px) 100vw, 1024px\" \/><\/a>\n\t\t\t<\/div><\/figure><figure class='gallery-item'>\n\t\t\t<div class='gallery-icon landscape'>\n\t\t\t\t<a href='https:\/\/tucomarca.whitekongsoftware.com\/ca\/alboraig-exposa-la-serie-fotografica-punt-i-seguim-la-vida-pot-mes-promoguda-pel-secretariat-de-la-comissio-episcopal-de-migracions\/img-20190422-wa0005-2\/'><img loading=\"lazy\" decoding=\"async\" width=\"1024\" height=\"577\" src=\"https:\/\/tucomarca.whitekongsoftware.com\/wp-content\/uploads\/2019\/04\/IMG-20190422-WA0005-1024x577.jpg\" class=\"attachment-large size-large\" alt=\"\" srcset=\"https:\/\/tucomarca.whitekongsoftware.com\/wp-content\/uploads\/2019\/04\/IMG-20190422-WA0005-1024x577.jpg 1024w, https:\/\/tucomarca.whitekongsoftware.com\/wp-content\/uploads\/2019\/04\/IMG-20190422-WA0005-300x169.jpg 300w, https:\/\/tucomarca.whitekongsoftware.com\/wp-content\/uploads\/2019\/04\/IMG-20190422-WA0005-768x432.jpg 768w, https:\/\/tucomarca.whitekongsoftware.com\/wp-content\/uploads\/2019\/04\/IMG-20190422-WA0005.jpg 1600w\" sizes=\"auto, (max-width: 1024px) 100vw, 1024px\" \/><\/a>\n\t\t\t<\/div><\/figure>\n\t\t<\/div>\n\n","protected":false},"excerpt":{"rendered":"<div class=\"mh-excerpt\">Des del passat divendres 19 i fins al 23 d&#8217;abril, la sala d&#8217;actes de l&#8217;Ajuntament d&#8217;Alboraig\u00a0ha contat\u00a0amb l&#8217;exposici\u00f3 fotogr\u00e0fica &#8220;Punt i seguim. La vida pot m\u00e9s &#8220;, una mostra itinerant de fotografies promoguda pel Secretariat <a class=\"mh-excerpt-more\" href=\"https:\/\/tucomarca.whitekongsoftware.com\/ca\/alboraig-exposa-la-serie-fotografica-punt-i-seguim-la-vida-pot-mes-promoguda-pel-secretariat-de-la-comissio-episcopal-de-migracions\/\" title=\"Alboraig exposa la s\u00e8rie fotogr\u00e0fica &#8220;Punt i seguim. La vida pot m\u00e9s &#8220;promoguda pel Secretariat de la Comissi\u00f3 Episcopal de Migracions\">[+] <\/a><\/div>\n","protected":false},"author":2,"featured_media":84877,"comment_status":"open","ping_status":"open","sticky":false,"template":"","format":"standard","meta":{"footnotes":""},"categories":[10973,10912,11004,11007,10896],"tags":[11153],"class_list":["post-84885","post","type-post","status-publish","format-standard","has-post-thumbnail","category-alborache-ca","category-la-hoya-ca","category-la-semana-en-imagenes-ca","category-ocio-y-cultura-ca","category-seccion-ca","tag-alboraig"],"_links":{"self":[{"href":"https:\/\/tucomarca.whitekongsoftware.com\/ca\/wp-json\/wp\/v2\/posts\/84885","targetHints":{"allow":["GET"]}}],"collection":[{"href":"https:\/\/tucomarca.whitekongsoftware.com\/ca\/wp-json\/wp\/v2\/posts"}],"about":[{"href":"https:\/\/tucomarca.whitekongsoftware.com\/ca\/wp-json\/wp\/v2\/types\/post"}],"author":[{"embeddable":true,"href":"https:\/\/tucomarca.whitekongsoftware.com\/ca\/wp-json\/wp\/v2\/users\/2"}],"replies":[{"embeddable":true,"href":"https:\/\/tucomarca.whitekongsoftware.com\/ca\/wp-json\/wp\/v2\/comments?post=84885"}],"version-history":[{"count":0,"href":"https:\/\/tucomarca.whitekongsoftware.com\/ca\/wp-json\/wp\/v2\/posts\/84885\/revisions"}],"wp:featuredmedia":[{"embeddable":true,"href":"https:\/\/tucomarca.whitekongsoftware.com\/ca\/wp-json\/wp\/v2\/media\/84877"}],"wp:attachment":[{"href":"https:\/\/tucomarca.whitekongsoftware.com\/ca\/wp-json\/wp\/v2\/media?parent=84885"}],"wp:term":[{"taxonomy":"category","embeddable":true,"href":"https:\/\/tucomarca.whitekongsoftware.com\/ca\/wp-json\/wp\/v2\/categories?post=84885"},{"taxonomy":"post_tag","embeddable":true,"href":"https:\/\/tucomarca.whitekongsoftware.com\/ca\/wp-json\/wp\/v2\/tags?post=84885"}],"curies":[{"name":"wp","href":"https:\/\/api.w.org\/{rel}","templated":true}]}}