{"id":84868,"date":"2019-04-20T15:45:19","date_gmt":"2019-04-20T13:45:19","guid":{"rendered":"http:\/\/www.tucomarca.com\/wordpress\/segunda\/?p=84868"},"modified":"2019-04-20T15:45:19","modified_gmt":"2019-04-20T13:45:19","slug":"podem-acusa-de-privatitzar-laigua-a-riba-roja-per-als-propers-17-anys-a-psoe-compromis-i-eu-amb-el-suport-de-ciutadans","status":"publish","type":"post","link":"https:\/\/tucomarca.whitekongsoftware.com\/ca\/podem-acusa-de-privatitzar-laigua-a-riba-roja-per-als-propers-17-anys-a-psoe-compromis-i-eu-amb-el-suport-de-ciutadans\/","title":{"rendered":"Podem acusa de &#8220;privatitzar l&#8217;aigua a Riba-roja per als propers 17 anys a PSOE, Comprom\u00eds i EU amb el suport de Ciutadans&#8221;"},"content":{"rendered":"<figure id=\"attachment_84865\" aria-describedby=\"caption-attachment-84865\" style=\"width: 489px\" class=\"wp-caption alignleft\"><img loading=\"lazy\" decoding=\"async\" class=\" wp-image-84865\" src=\"http:\/\/www.tucomarca.com\/wordpress\/segunda\/wp-content\/uploads\/2019\/04\/PodemosRiba.jpg\" alt=\"Voto en contra de los concejales de Podemos a la propuesta.\" width=\"489\" height=\"237\" srcset=\"https:\/\/tucomarca.whitekongsoftware.com\/wp-content\/uploads\/2019\/04\/PodemosRiba.jpg 1727w, https:\/\/tucomarca.whitekongsoftware.com\/wp-content\/uploads\/2019\/04\/PodemosRiba-300x145.jpg 300w, https:\/\/tucomarca.whitekongsoftware.com\/wp-content\/uploads\/2019\/04\/PodemosRiba-768x372.jpg 768w, https:\/\/tucomarca.whitekongsoftware.com\/wp-content\/uploads\/2019\/04\/PodemosRiba-1024x496.jpg 1024w\" sizes=\"auto, (max-width: 489px) 100vw, 489px\" \/><figcaption id=\"caption-attachment-84865\" class=\"wp-caption-text\">Vot en contra dels regidors de Podem a la proposta.<\/figcaption><\/figure>\n<p>Des Podem Riba-roja han assegurat que el ple municipal, &#8220;reunit de forma extraordin\u00e0ria, va aprovar aquesta setmana amb els vots de l&#8217;equip de govern (PSOE, Comprom\u00eds i EU) i amb el suport de Ciutadans, treure a licitaci\u00f3 p\u00fablica el contracte de l&#8217;Aigua a Riba-roja de T\u00faria. Aquesta oferta ha estat possible arran de l&#8217;anul\u00b7laci\u00f3 del contracte anterior realitzat en \u00e8poca de govern del PP pel TSJ de la prov\u00edncia de Val\u00e8ncia amb l&#8217;empresa Hidraqua &#8220;.<\/p>\n<p>&#8220;Al Ple extraordinari no van acudir els regidors del PP, de manera que en ser un assumpte que requeria majoria absoluta (11 regidors), i al haver manifestat en repetides ocasions els regidors de Podem seva oposici\u00f3 a la privatitzaci\u00f3, requeria el vot favorable de tots i cada un dels regidors de l&#8217;equip de govern i Ciutadans, circumst\u00e0ncia que es va donar finalment. Contr\u00e0riament al que v\u00e9nen manifestant alguns regidors del govern, al llarg de tot el proc\u00e9s de privatitzaci\u00f3, els regidors de Comprom\u00eds i EU han estat al Ple sempre a favor de la mateixa, i nom\u00e9s en el si de la Comissi\u00f3 Especial que es va crear a l&#8217;efecte van votar en contra, per\u00f2 en aquest \u00f2rgan les decisions no tenen car\u00e0cter vinculant, i per tant, quan realment s&#8217;ha hagut de prendre les decisions, aquests regidors han mantingut el seu vot inflexible a lliurar en mans privades la gesti\u00f3 &#8220;.<\/p>\n<p>Per als regidors de Podem, &#8220;aquesta privatitzaci\u00f3 ha suposat la cirereta a un govern de desprop\u00f2sit i continuisme a les pol\u00edtiques que havia vingut fent el PP a Riba-roja, calcant el seu model, pel que sentim vergonya aliena al veure com EU i Comprom\u00eds es pleguen davant les multinacionals de l&#8217;aigua i acaben aprovant un contracte de res menys que 17 anys de gesti\u00f3 privada renunciant a la gesti\u00f3 p\u00fablica. Del PSOE ens ho esper\u00e0vem perqu\u00e8 no fan m\u00e9s que vella pol\u00edtica de dir una cosa en campanya i despr\u00e9s fer una altra a govern, per\u00f2 ha estat realment decebedor per a nosaltres que EU i Comprom\u00eds estiguessin tamb\u00e9 en l&#8217;all de privatitzar &#8220;.<\/p>\n<p>&#8220;No s&#8217;ent\u00e9n que partits que p\u00fablicament s&#8217;omplen la boca en campanya per la recuperaci\u00f3 de serveis p\u00fablics que estan en mans privades, acabin a Riba-roja regalant la gesti\u00f3 d&#8217;un servei essencial com l&#8217;aigua a multinacionals, i fent que el mateix sigui m\u00e9s car i menys eficient, creant xiringuitos que permeten ser un colador d&#8217;amics i familiars al no haver de passar cap proc\u00e9s de selecci\u00f3 per entrar a treballar en aquestes empreses. Les empreses privades que obtenen aquest tipus de contractes, actuen en els ajuntaments en moltes ocasions com a empreses que afavoreixen les portes girat\u00f2ries municipals, permetent la transhum\u00e0ncia d&#8217;amics i familiars de c\u00e0rrecs p\u00fablics a l&#8217;empresa privada, de manera que ens temem que darrere de tot aix\u00f2 hagin interessos espuris, d&#8217;una altra manera no s&#8217;entendria una tra\u00efci\u00f3 tan gran als seus principis &#8220;.<\/p>\n<p>&#8220;Des Podem Riba-roja volem fer notar que, per si hi havia encara algun dubte, els que s&#8217;han allunyat del comprom\u00eds inicial de mantenir un govern del canvi i lliurar-se en mans de la dreta i les seves pol\u00edtiques per governar han estat clarament els partits del equip de govern; PSOE, EU i Comprom\u00eds. Pel que \u00e9s necessari fer una crida a la ciutadania perqu\u00e8 estigui alerta davant aquests casos de transfuguisme ideol\u00f2gic de manera que no siguin enganyats en les pr\u00f2ximes cites electorals &#8220;, han finalitzat.<\/p>\n","protected":false},"excerpt":{"rendered":"<div class=\"mh-excerpt\">Des Podem Riba-roja han assegurat que el ple municipal, &#8220;reunit de forma extraordin\u00e0ria, va aprovar aquesta setmana amb els vots de l&#8217;equip de govern (PSOE, Comprom\u00eds i EU) i amb el suport de Ciutadans, treure <a class=\"mh-excerpt-more\" href=\"https:\/\/tucomarca.whitekongsoftware.com\/ca\/podem-acusa-de-privatitzar-laigua-a-riba-roja-per-als-propers-17-anys-a-psoe-compromis-i-eu-amb-el-suport-de-ciutadans\/\" title=\"Podem acusa de &#8220;privatitzar l&#8217;aigua a Riba-roja per als propers 17 anys a PSOE, Comprom\u00eds i EU amb el suport de Ciutadans&#8221;\">[+] <\/a><\/div>\n","protected":false},"author":1,"featured_media":84866,"comment_status":"open","ping_status":"open","sticky":false,"template":"","format":"standard","meta":{"footnotes":""},"categories":[10892,10898,10948,10894,10947,10906,10896],"tags":[11102],"class_list":["post-84868","post","type-post","status-publish","format-standard","has-post-thumbnail","category-camp-de-turia-ca","category-ventana-ca","category-infraestructuras-ca","category-la-comarca-ca","category-politica","category-riba-roja-ca","category-seccion-ca","tag-riba-roja-2-ca"],"_links":{"self":[{"href":"https:\/\/tucomarca.whitekongsoftware.com\/ca\/wp-json\/wp\/v2\/posts\/84868","targetHints":{"allow":["GET"]}}],"collection":[{"href":"https:\/\/tucomarca.whitekongsoftware.com\/ca\/wp-json\/wp\/v2\/posts"}],"about":[{"href":"https:\/\/tucomarca.whitekongsoftware.com\/ca\/wp-json\/wp\/v2\/types\/post"}],"author":[{"embeddable":true,"href":"https:\/\/tucomarca.whitekongsoftware.com\/ca\/wp-json\/wp\/v2\/users\/1"}],"replies":[{"embeddable":true,"href":"https:\/\/tucomarca.whitekongsoftware.com\/ca\/wp-json\/wp\/v2\/comments?post=84868"}],"version-history":[{"count":0,"href":"https:\/\/tucomarca.whitekongsoftware.com\/ca\/wp-json\/wp\/v2\/posts\/84868\/revisions"}],"wp:featuredmedia":[{"embeddable":true,"href":"https:\/\/tucomarca.whitekongsoftware.com\/ca\/wp-json\/wp\/v2\/media\/84866"}],"wp:attachment":[{"href":"https:\/\/tucomarca.whitekongsoftware.com\/ca\/wp-json\/wp\/v2\/media?parent=84868"}],"wp:term":[{"taxonomy":"category","embeddable":true,"href":"https:\/\/tucomarca.whitekongsoftware.com\/ca\/wp-json\/wp\/v2\/categories?post=84868"},{"taxonomy":"post_tag","embeddable":true,"href":"https:\/\/tucomarca.whitekongsoftware.com\/ca\/wp-json\/wp\/v2\/tags?post=84868"}],"curies":[{"name":"wp","href":"https:\/\/api.w.org\/{rel}","templated":true}]}}