{"id":84860,"date":"2019-04-20T15:54:43","date_gmt":"2019-04-20T13:54:43","guid":{"rendered":"http:\/\/www.tucomarca.com\/wordpress\/segunda\/?p=84860"},"modified":"2019-04-20T15:54:43","modified_gmt":"2019-04-20T13:54:43","slug":"el-pp-presenta-una-candidatura-renovada-formada-i-capacitada-perque-bunyol-recuperi-la-seua-posicio-industrial","status":"publish","type":"post","link":"https:\/\/tucomarca.whitekongsoftware.com\/ca\/el-pp-presenta-una-candidatura-renovada-formada-i-capacitada-perque-bunyol-recuperi-la-seua-posicio-industrial\/","title":{"rendered":"El PP presenta una candidatura \u00abrenovada, formada i capacitada perqu\u00e8 Bunyol recuperi la seua posici\u00f3 industrial\u00bb"},"content":{"rendered":"<figure id=\"attachment_35202\" aria-describedby=\"caption-attachment-35202\" style=\"width: 390px\" class=\"wp-caption alignleft\"><img loading=\"lazy\" decoding=\"async\" class=\"size-full wp-image-35202\" src=\"http:\/\/www.tucomarca.com\/wordpress\/segunda\/wp-content\/uploads\/2015\/03\/marcialnueva.jpg\" alt=\"\" width=\"390\" height=\"236\" srcset=\"https:\/\/tucomarca.whitekongsoftware.com\/wp-content\/uploads\/2015\/03\/marcialnueva.jpg 390w, https:\/\/tucomarca.whitekongsoftware.com\/wp-content\/uploads\/2015\/03\/marcialnueva-300x181.jpg 300w\" sizes=\"auto, (max-width: 390px) 100vw, 390px\" \/><figcaption id=\"caption-attachment-35202\" class=\"wp-caption-text\">Marcial D\u00edaz, candidat del PP bunyolense.<\/figcaption><\/figure>\n<p>El Partit Popular presentar\u00e0 a les pr\u00f2ximes eleccions municipals \u00abuna candidatura renovada, formada i amb capacitaci\u00f3 professional per aconseguir que Bunyol recuperi la seva posici\u00f3 industrial\u00bb.<\/p>\n<p>La candidatura del Partit Popular tornar\u00e0 a estar encap\u00e7alada per l&#8217;actual portaveu al plenari local, Marcial D\u00edaz Garrigues, que ha liderat les dues \u00faltimes llistes del PP a la localitat amb les que ha aconseguit ser la candidatura m\u00e9s votada encara que els pactes entre les formacions d&#8217;esquerra li han impedit governar.<\/p>\n<p>El Partit Popular de Bunyol ha triat \u00abper unanimitat la seva candidatura a les eleccions locals amb un 80% de ciutadans independents que recullen les diverses sensibilitats socials del nostre poble\u00bb, segons fonts de la formaci\u00f3.<\/p>\n<p>El Partit Popular presenta \u00abun equip amb el lideratge suficient per situar a Bunyol en el cam\u00ed de la reindustrialitzaci\u00f3 i modernitzaci\u00f3 del nostre poble despr\u00e9s de 40 anys de govern consecutius d&#8217;EU i PSOE que han deixat a Bunyol a la cua del desenvolupament dels municipis de la comarca \u00bb.<\/p>\n<p>\u00abUn equip centrat pol\u00edticament en les preocupacions dels bunyolers per aconseguir un municipi modern, amb ocupaci\u00f3, ind\u00fastria, neteja als carrers i manteniment real dels nostres parcs, jardins i instal\u00b7lacions municipals\u00bb. Des de la candidatura popular asseguren que presentaran un programa electoral \u00abambici\u00f3s per recuperar la posici\u00f3 que Bunyol ha perdut a nivell industrial a la nostra comarca, en passar del n\u00famero 1 al 3 despr\u00e9s de Chiva i Xest. Amb l&#8217;esfor\u00e7 de la nostra candidatura des del govern local tornarem a aconseguir que Bunyol sigui un poble d&#8217;oportunitats \u00bb.<\/p>\n<p>Al costat de Marcial D\u00edaz, la candidatura del Partit Popular a les eleccions locals est\u00e0 composta per Marc Ferr\u00fas Manzano; Silvia Gonz\u00e1lez Garc\u00eda; Pablo Antonio Palmer Gim\u00e9nez; Maria Calabuig \u00cd\u00f1iguez; Mar\u00eda Carmen Teresa Cervera P\u00e9rez; M\u00f3nica Zafrilla Mart\u00ednez; Joan Carles Pall\u00e1s Carrascosa; Josefa Isabel L\u00f3pez Gonz\u00e1lvez; David Al\u00eds Alcany\u00eds; Carlos Avi\u00f1\u00f3 Hern\u00e1ndez; Maria Gl\u00f2ria Perell\u00f3 Puchades i Javier Ortiz Hern\u00e1ndez.<\/p>\n","protected":false},"excerpt":{"rendered":"<div class=\"mh-excerpt\">El Partit Popular presentar\u00e0 a les pr\u00f2ximes eleccions municipals \u00abuna candidatura renovada, formada i amb capacitaci\u00f3 professional per aconseguir que Bunyol recuperi la seva posici\u00f3 industrial\u00bb. La candidatura del Partit Popular tornar\u00e0 a estar encap\u00e7alada <a class=\"mh-excerpt-more\" href=\"https:\/\/tucomarca.whitekongsoftware.com\/ca\/el-pp-presenta-una-candidatura-renovada-formada-i-capacitada-perque-bunyol-recuperi-la-seua-posicio-industrial\/\" title=\"El PP presenta una candidatura \u00abrenovada, formada i capacitada perqu\u00e8 Bunyol recuperi la seua posici\u00f3 industrial\u00bb\">[+] <\/a><\/div>\n","protected":false},"author":1,"featured_media":84861,"comment_status":"open","ping_status":"open","sticky":false,"template":"","format":"standard","meta":{"footnotes":""},"categories":[10911,10894,10904,10912,10947,10896],"tags":[11314],"class_list":["post-84860","post","type-post","status-publish","format-standard","has-post-thumbnail","category-bunol-ca","category-la-comarca-ca","category-sin-categorizar-ca","category-la-hoya-ca","category-politica","category-seccion-ca","tag-bunyol-ca"],"_links":{"self":[{"href":"https:\/\/tucomarca.whitekongsoftware.com\/ca\/wp-json\/wp\/v2\/posts\/84860","targetHints":{"allow":["GET"]}}],"collection":[{"href":"https:\/\/tucomarca.whitekongsoftware.com\/ca\/wp-json\/wp\/v2\/posts"}],"about":[{"href":"https:\/\/tucomarca.whitekongsoftware.com\/ca\/wp-json\/wp\/v2\/types\/post"}],"author":[{"embeddable":true,"href":"https:\/\/tucomarca.whitekongsoftware.com\/ca\/wp-json\/wp\/v2\/users\/1"}],"replies":[{"embeddable":true,"href":"https:\/\/tucomarca.whitekongsoftware.com\/ca\/wp-json\/wp\/v2\/comments?post=84860"}],"version-history":[{"count":0,"href":"https:\/\/tucomarca.whitekongsoftware.com\/ca\/wp-json\/wp\/v2\/posts\/84860\/revisions"}],"wp:featuredmedia":[{"embeddable":true,"href":"https:\/\/tucomarca.whitekongsoftware.com\/ca\/wp-json\/wp\/v2\/media\/84861"}],"wp:attachment":[{"href":"https:\/\/tucomarca.whitekongsoftware.com\/ca\/wp-json\/wp\/v2\/media?parent=84860"}],"wp:term":[{"taxonomy":"category","embeddable":true,"href":"https:\/\/tucomarca.whitekongsoftware.com\/ca\/wp-json\/wp\/v2\/categories?post=84860"},{"taxonomy":"post_tag","embeddable":true,"href":"https:\/\/tucomarca.whitekongsoftware.com\/ca\/wp-json\/wp\/v2\/tags?post=84860"}],"curies":[{"name":"wp","href":"https:\/\/api.w.org\/{rel}","templated":true}]}}