{"id":84843,"date":"2019-04-20T15:20:33","date_gmt":"2019-04-20T13:20:33","guid":{"rendered":"http:\/\/www.tucomarca.com\/wordpress\/segunda\/?p=84843"},"modified":"2019-04-20T15:20:33","modified_gmt":"2019-04-20T13:20:33","slug":"unides-podem-celebra-el-seu-miting-de-campanya-al-camp-de-turia","status":"publish","type":"post","link":"https:\/\/tucomarca.whitekongsoftware.com\/ca\/unides-podem-celebra-el-seu-miting-de-campanya-al-camp-de-turia\/","title":{"rendered":"Unides Podem celebra el seu m\u00edting de campanya al Camp de T\u00faria"},"content":{"rendered":"<figure id=\"attachment_84840\" aria-describedby=\"caption-attachment-84840\" style=\"width: 490px\" class=\"wp-caption alignleft\"><img loading=\"lazy\" decoding=\"async\" class=\" wp-image-84840\" src=\"http:\/\/www.tucomarca.com\/wordpress\/segunda\/wp-content\/uploads\/2019\/04\/UnidasPodemosLaPobla.jpg\" alt=\"Participantes mitin comarcal del Camp de Turia de Unidas Podemos en la Pobla de Vallbona.\" width=\"490\" height=\"367\" srcset=\"https:\/\/tucomarca.whitekongsoftware.com\/wp-content\/uploads\/2019\/04\/UnidasPodemosLaPobla.jpg 1280w, https:\/\/tucomarca.whitekongsoftware.com\/wp-content\/uploads\/2019\/04\/UnidasPodemosLaPobla-300x225.jpg 300w, https:\/\/tucomarca.whitekongsoftware.com\/wp-content\/uploads\/2019\/04\/UnidasPodemosLaPobla-768x576.jpg 768w, https:\/\/tucomarca.whitekongsoftware.com\/wp-content\/uploads\/2019\/04\/UnidasPodemosLaPobla-1024x768.jpg 1024w\" sizes=\"auto, (max-width: 490px) 100vw, 490px\" \/><figcaption id=\"caption-attachment-84840\" class=\"wp-caption-text\">Participants m\u00edting comarcal del Camp de T\u00faria de Unides Podem a la Pobla de Vallbona.<\/figcaption><\/figure>\n<p>Aquest divendres s&#8217;ha celebrat el m\u00edting comarcal del Camp de T\u00faria de Unides Podem a la Pobla de Vallbona. &#8220;Tot i el mal temps ha tingut una bona assist\u00e8ncia de p\u00fablic i han participat, Susana Ruiz, cap de llista al Senat per Val\u00e8ncia i que viu a Ll\u00edria, Ferran Martinez, Miquel Lorente, Marta Martin i Mar Blanch candidats tots ells a Les Corts Valencianes &#8220;, segons han informat des de la formaci\u00f3.<\/p>\n<p>La presentaci\u00f3 ha anat a c\u00e0rrec de M.\u00aa Jos\u00e9 Alba i Javier Descalzo de la Pobla de Vallbona. Cada candidat ha parlat de temes candents en la campanya.<br \/>\nSusana Ruiz ha parlat &#8220;de la import\u00e0ncia del Senat en aquestes eleccions ja que pot paralitzar les iniciatives que es presentin al Congr\u00e9s o aplicar l&#8217;article 155 de manera aut\u00f2noma&#8221;.<\/p>\n<p>Ferran Mart\u00ednez ha explicat &#8220;com s&#8217;estableix l&#8217;agenda electoral i els debats p\u00fablics, de manera que es parli dels temes que interessen a la gent i no de temes que interessen a l&#8217;estrat\u00e8gia de les 3 dretes&#8221;.<\/p>\n<p>Miquel Lorente ha parlat de la seva experi\u00e8ncia en els municipis, &#8220;l&#8217;administraci\u00f3 m\u00e9s propera al ciutad\u00e0 i que \u00e9s fonamental per millorar la vida de la gent&#8221;.<\/p>\n<p>Marta Mart\u00edn ha explicat &#8220;la problem\u00e0tica que afecta pobles com Alboraia amb l&#8217;ampliaci\u00f3 de la V-21 que suposar\u00e0 una p\u00e8rdua de 80.000 m\u00b2 d&#8217;horta o la ZAL que despr\u00e9s de l&#8217;expropiaci\u00f3 fa ja molts anys segueix sense ser utilitzada&#8221;.<\/p>\n<p>Finalment, Mar Blanch ha parlat del seu &#8220;experi\u00e8ncia com a s\u00f2cia d&#8217;una associaci\u00f3 de crian\u00e7a en un poble com Alaqu\u00e0s, descrivint els problemes que posa el seu ajuntament a aquest tipus d&#8217;associacions, quan el que hauria \u00e9s ajudar-los com a totes les associacions d&#8217;Alaqu\u00e0s &#8220;.<\/p>\n","protected":false},"excerpt":{"rendered":"<div class=\"mh-excerpt\">Aquest divendres s&#8217;ha celebrat el m\u00edting comarcal del Camp de T\u00faria de Unides Podem a la Pobla de Vallbona. &#8220;Tot i el mal temps ha tingut una bona assist\u00e8ncia de p\u00fablic i han participat, Susana <a class=\"mh-excerpt-more\" href=\"https:\/\/tucomarca.whitekongsoftware.com\/ca\/unides-podem-celebra-el-seu-miting-de-campanya-al-camp-de-turia\/\" title=\"Unides Podem celebra el seu m\u00edting de campanya al Camp de T\u00faria\">[+] <\/a><\/div>\n","protected":false},"author":1,"featured_media":84841,"comment_status":"open","ping_status":"open","sticky":false,"template":"","format":"standard","meta":{"footnotes":""},"categories":[10892,10898,10894,10915,10928,10947,10896],"tags":[10899],"class_list":["post-84843","post","type-post","status-publish","format-standard","has-post-thumbnail","category-camp-de-turia-ca","category-ventana-ca","category-la-comarca-ca","category-la-pobla-ca","category-lliria-ca","category-politica","category-seccion-ca","tag-camp-de-turia-ca"],"_links":{"self":[{"href":"https:\/\/tucomarca.whitekongsoftware.com\/ca\/wp-json\/wp\/v2\/posts\/84843","targetHints":{"allow":["GET"]}}],"collection":[{"href":"https:\/\/tucomarca.whitekongsoftware.com\/ca\/wp-json\/wp\/v2\/posts"}],"about":[{"href":"https:\/\/tucomarca.whitekongsoftware.com\/ca\/wp-json\/wp\/v2\/types\/post"}],"author":[{"embeddable":true,"href":"https:\/\/tucomarca.whitekongsoftware.com\/ca\/wp-json\/wp\/v2\/users\/1"}],"replies":[{"embeddable":true,"href":"https:\/\/tucomarca.whitekongsoftware.com\/ca\/wp-json\/wp\/v2\/comments?post=84843"}],"version-history":[{"count":0,"href":"https:\/\/tucomarca.whitekongsoftware.com\/ca\/wp-json\/wp\/v2\/posts\/84843\/revisions"}],"wp:featuredmedia":[{"embeddable":true,"href":"https:\/\/tucomarca.whitekongsoftware.com\/ca\/wp-json\/wp\/v2\/media\/84841"}],"wp:attachment":[{"href":"https:\/\/tucomarca.whitekongsoftware.com\/ca\/wp-json\/wp\/v2\/media?parent=84843"}],"wp:term":[{"taxonomy":"category","embeddable":true,"href":"https:\/\/tucomarca.whitekongsoftware.com\/ca\/wp-json\/wp\/v2\/categories?post=84843"},{"taxonomy":"post_tag","embeddable":true,"href":"https:\/\/tucomarca.whitekongsoftware.com\/ca\/wp-json\/wp\/v2\/tags?post=84843"}],"curies":[{"name":"wp","href":"https:\/\/api.w.org\/{rel}","templated":true}]}}