{"id":84710,"date":"2019-04-16T19:41:39","date_gmt":"2019-04-16T17:41:39","guid":{"rendered":"http:\/\/www.tucomarca.com\/wordpress\/segunda\/?p=84710"},"modified":"2019-04-16T19:41:39","modified_gmt":"2019-04-16T17:41:39","slug":"el-pilot-bunolense-vicente-galarza-aconsegueix-la-seua-segona-victoria-de-la-temporada-i-oscar-gines-entra-segon","status":"publish","type":"post","link":"https:\/\/tucomarca.whitekongsoftware.com\/ca\/el-pilot-bunolense-vicente-galarza-aconsegueix-la-seua-segona-victoria-de-la-temporada-i-oscar-gines-entra-segon\/","title":{"rendered":"El pilot bu\u00f1olense Vicente Galarza aconsegueix la seua segona vict\u00f2ria de la temporada i \u00d3scar Gin\u00e9s entra segon"},"content":{"rendered":"<figure id=\"attachment_84707\" aria-describedby=\"caption-attachment-84707\" style=\"width: 457px\" class=\"wp-caption alignleft\"><img loading=\"lazy\" decoding=\"async\" class=\" wp-image-84707\" src=\"http:\/\/www.tucomarca.com\/wordpress\/segunda\/wp-content\/uploads\/2019\/04\/VinBunol.jpg\" alt=\"El piloto bu\u00f1olense Vicente Galarza Agustina en lo alto del podio.\" width=\"457\" height=\"343\" srcset=\"https:\/\/tucomarca.whitekongsoftware.com\/wp-content\/uploads\/2019\/04\/VinBunol.jpg 1600w, https:\/\/tucomarca.whitekongsoftware.com\/wp-content\/uploads\/2019\/04\/VinBunol-300x225.jpg 300w, https:\/\/tucomarca.whitekongsoftware.com\/wp-content\/uploads\/2019\/04\/VinBunol-768x576.jpg 768w, https:\/\/tucomarca.whitekongsoftware.com\/wp-content\/uploads\/2019\/04\/VinBunol-1024x768.jpg 1024w\" sizes=\"auto, (max-width: 457px) 100vw, 457px\" \/><figcaption id=\"caption-attachment-84707\" class=\"wp-caption-text\">El pilot bu\u00f1olense Vicente Galarza Agustina al capdamunt del podi.<\/figcaption><\/figure>\n<p>Diumenge passat es va celebrar la segona prova del Campionat de la Comunitat Valenciana (MotoDes) de Cross Country a la localitat de Viver (Castell\u00f3).<\/p>\n<p>El punt de partida i arribada estava ubicat al circuit de MotoCross de Penyes Rosses, formant part del tra\u00e7at en el seu recorregut que els pilots haurien de donar el m\u00e0xim de voltes.<\/p>\n<p>Aix\u00ed doncs els pilots de la nostra zona en la categoria de Pe 65, Vicente Galarza Agustina va aconseguir la seva segona vict\u00f2ria de les dues disputades fins a la data; i gaudint de ser el segon pilot al scrach final de tots els pilots, incl\u00f2s amb la categoria de Pe 85 superior al de Vicente a la Pe 65.<\/p>\n<p>I per part dels petits de Pe 50, \u00d3scar Gin\u00e9s va pujar al podi en segona posici\u00f3 destacant una bona actuaci\u00f3 en aquest magn\u00edfic dia, i seguint una traject\u00f2ria per aconseguir ser campi\u00f3 al final de la temporada. Informa, Elio Zan\u00f3n.<\/p>\n<figure id=\"attachment_84711\" aria-describedby=\"caption-attachment-84711\" style=\"width: 451px\" class=\"wp-caption alignright\"><img loading=\"lazy\" decoding=\"async\" class=\" wp-image-84711\" src=\"http:\/\/www.tucomarca.com\/wordpress\/segunda\/wp-content\/uploads\/2019\/04\/OscarGines.jpg\" alt=\"El pilot bu\u00f1olense Oscar Gin\u00e9s ha estat segon.\" width=\"451\" height=\"338\" srcset=\"https:\/\/tucomarca.whitekongsoftware.com\/wp-content\/uploads\/2019\/04\/OscarGines.jpg 1600w, https:\/\/tucomarca.whitekongsoftware.com\/wp-content\/uploads\/2019\/04\/OscarGines-300x225.jpg 300w, https:\/\/tucomarca.whitekongsoftware.com\/wp-content\/uploads\/2019\/04\/OscarGines-768x576.jpg 768w, https:\/\/tucomarca.whitekongsoftware.com\/wp-content\/uploads\/2019\/04\/OscarGines-1024x768.jpg 1024w\" sizes=\"auto, (max-width: 451px) 100vw, 451px\" \/><figcaption id=\"caption-attachment-84711\" class=\"wp-caption-text\">El pilot bu\u00f1olense Oscar Gin\u00e9s ha estat segon.<\/figcaption><\/figure>\n","protected":false},"excerpt":{"rendered":"<div class=\"mh-excerpt\">Diumenge passat es va celebrar la segona prova del Campionat de la Comunitat Valenciana (MotoDes) de Cross Country a la localitat de Viver (Castell\u00f3). El punt de partida i arribada estava ubicat al circuit de <a class=\"mh-excerpt-more\" href=\"https:\/\/tucomarca.whitekongsoftware.com\/ca\/el-pilot-bunolense-vicente-galarza-aconsegueix-la-seua-segona-victoria-de-la-temporada-i-oscar-gines-entra-segon\/\" title=\"El pilot bu\u00f1olense Vicente Galarza aconsegueix la seua segona vict\u00f2ria de la temporada i \u00d3scar Gin\u00e9s entra segon\">[+] <\/a><\/div>\n","protected":false},"author":1,"featured_media":84708,"comment_status":"open","ping_status":"open","sticky":false,"template":"","format":"standard","meta":{"footnotes":""},"categories":[10911,11003,10904,10912,11011,10896],"tags":[11264],"class_list":["post-84710","post","type-post","status-publish","format-standard","has-post-thumbnail","category-bunol-ca","category-sports","category-sin-categorizar-ca","category-la-hoya-ca","category-motociclismo-ca","category-seccion-ca","tag-esports-ca"],"_links":{"self":[{"href":"https:\/\/tucomarca.whitekongsoftware.com\/ca\/wp-json\/wp\/v2\/posts\/84710","targetHints":{"allow":["GET"]}}],"collection":[{"href":"https:\/\/tucomarca.whitekongsoftware.com\/ca\/wp-json\/wp\/v2\/posts"}],"about":[{"href":"https:\/\/tucomarca.whitekongsoftware.com\/ca\/wp-json\/wp\/v2\/types\/post"}],"author":[{"embeddable":true,"href":"https:\/\/tucomarca.whitekongsoftware.com\/ca\/wp-json\/wp\/v2\/users\/1"}],"replies":[{"embeddable":true,"href":"https:\/\/tucomarca.whitekongsoftware.com\/ca\/wp-json\/wp\/v2\/comments?post=84710"}],"version-history":[{"count":0,"href":"https:\/\/tucomarca.whitekongsoftware.com\/ca\/wp-json\/wp\/v2\/posts\/84710\/revisions"}],"wp:featuredmedia":[{"embeddable":true,"href":"https:\/\/tucomarca.whitekongsoftware.com\/ca\/wp-json\/wp\/v2\/media\/84708"}],"wp:attachment":[{"href":"https:\/\/tucomarca.whitekongsoftware.com\/ca\/wp-json\/wp\/v2\/media?parent=84710"}],"wp:term":[{"taxonomy":"category","embeddable":true,"href":"https:\/\/tucomarca.whitekongsoftware.com\/ca\/wp-json\/wp\/v2\/categories?post=84710"},{"taxonomy":"post_tag","embeddable":true,"href":"https:\/\/tucomarca.whitekongsoftware.com\/ca\/wp-json\/wp\/v2\/tags?post=84710"}],"curies":[{"name":"wp","href":"https:\/\/api.w.org\/{rel}","templated":true}]}}