{"id":84305,"date":"2019-04-09T21:11:56","date_gmt":"2019-04-09T19:11:56","guid":{"rendered":"http:\/\/www.tucomarca.com\/wordpress\/segunda\/?p=84305"},"modified":"2019-04-09T21:11:56","modified_gmt":"2019-04-09T19:11:56","slug":"les-falles-de-turis-celebren-la-missa-en-honor-a-sant-josep","status":"publish","type":"post","link":"https:\/\/tucomarca.whitekongsoftware.com\/ca\/les-falles-de-turis-celebren-la-missa-en-honor-a-sant-josep\/","title":{"rendered":"Les falles de\u00a0Tur\u00eds\u00a0celebren la missa en honor a\u00a0Sant\u00a0Josep"},"content":{"rendered":"<figure id=\"attachment_84302\" aria-describedby=\"caption-attachment-84302\" style=\"width: 465px\" class=\"wp-caption alignleft\"><img loading=\"lazy\" decoding=\"async\" class=\" wp-image-84302\" src=\"http:\/\/www.tucomarca.com\/wordpress\/segunda\/wp-content\/uploads\/2019\/04\/IMG_0164.jpg\" alt=\"Falleras mayores, presidentes y Junta Local participaron activamente de la celebraci\u00f3n.\" width=\"465\" height=\"360\" srcset=\"https:\/\/tucomarca.whitekongsoftware.com\/wp-content\/uploads\/2019\/04\/IMG_0164.jpg 3678w, https:\/\/tucomarca.whitekongsoftware.com\/wp-content\/uploads\/2019\/04\/IMG_0164-300x232.jpg 300w, https:\/\/tucomarca.whitekongsoftware.com\/wp-content\/uploads\/2019\/04\/IMG_0164-768x595.jpg 768w, https:\/\/tucomarca.whitekongsoftware.com\/wp-content\/uploads\/2019\/04\/IMG_0164-1024x793.jpg 1024w\" sizes=\"auto, (max-width: 465px) 100vw, 465px\" \/><figcaption id=\"caption-attachment-84302\" class=\"wp-caption-text\">Falleres majors, presidents i Junta Local van participar activament de la celebraci\u00f3.<\/figcaption><\/figure>\n<p>Per uns instants\u00a0Tur\u00eds\u00a0va reviure diumenge passat al mat\u00ed l&#8217;ambient faller amb la celebraci\u00f3 de les \u00faltimes cercaviles amb les gales de valenci\u00e0 i valenciana que van confluir en el temple de la Nativitat de la nostra Senyora per a celebrar la missa en honor a\u00a0Sant\u00a0Josep. Falleres majors, presidents i Junta Local van participar activament de la celebraci\u00f3.<\/p>\n<p>El mat\u00ed es va completar amb la\u00a0masclet\u00e0\u00a0de Pirot\u00e8cnia\u00a0Tur\u00eds\u00a0per a l\u2019Antiga Fontanella i les cercaviles m\u00e9s &#8220;gamberres&#8221; d&#8217;Av. Corts Valencianes i Placeta del Marqu\u00e9s.<\/p>\n","protected":false},"excerpt":{"rendered":"<div class=\"mh-excerpt\">Per uns instants\u00a0Tur\u00eds\u00a0va reviure diumenge passat al mat\u00ed l&#8217;ambient faller amb la celebraci\u00f3 de les \u00faltimes cercaviles amb les gales de valenci\u00e0 i valenciana que van confluir en el temple de la Nativitat de la <a class=\"mh-excerpt-more\" href=\"https:\/\/tucomarca.whitekongsoftware.com\/ca\/les-falles-de-turis-celebren-la-missa-en-honor-a-sant-josep\/\" title=\"Les falles de\u00a0Tur\u00eds\u00a0celebren la missa en honor a\u00a0Sant\u00a0Josep\">[+] <\/a><\/div>\n","protected":false},"author":2,"featured_media":84303,"comment_status":"open","ping_status":"open","sticky":false,"template":"","format":"standard","meta":{"footnotes":""},"categories":[10902,11004,11008,10896,11047],"tags":[11565,11093],"class_list":["post-84305","post","type-post","status-publish","format-standard","has-post-thumbnail","category-la-ribera-ca","category-la-semana-en-imagenes-ca","category-pueblos-en-fiestas-ca","category-seccion-ca","category-turis-ca","tag-fallas-turis-ca","tag-turis-ca"],"_links":{"self":[{"href":"https:\/\/tucomarca.whitekongsoftware.com\/ca\/wp-json\/wp\/v2\/posts\/84305","targetHints":{"allow":["GET"]}}],"collection":[{"href":"https:\/\/tucomarca.whitekongsoftware.com\/ca\/wp-json\/wp\/v2\/posts"}],"about":[{"href":"https:\/\/tucomarca.whitekongsoftware.com\/ca\/wp-json\/wp\/v2\/types\/post"}],"author":[{"embeddable":true,"href":"https:\/\/tucomarca.whitekongsoftware.com\/ca\/wp-json\/wp\/v2\/users\/2"}],"replies":[{"embeddable":true,"href":"https:\/\/tucomarca.whitekongsoftware.com\/ca\/wp-json\/wp\/v2\/comments?post=84305"}],"version-history":[{"count":0,"href":"https:\/\/tucomarca.whitekongsoftware.com\/ca\/wp-json\/wp\/v2\/posts\/84305\/revisions"}],"wp:featuredmedia":[{"embeddable":true,"href":"https:\/\/tucomarca.whitekongsoftware.com\/ca\/wp-json\/wp\/v2\/media\/84303"}],"wp:attachment":[{"href":"https:\/\/tucomarca.whitekongsoftware.com\/ca\/wp-json\/wp\/v2\/media?parent=84305"}],"wp:term":[{"taxonomy":"category","embeddable":true,"href":"https:\/\/tucomarca.whitekongsoftware.com\/ca\/wp-json\/wp\/v2\/categories?post=84305"},{"taxonomy":"post_tag","embeddable":true,"href":"https:\/\/tucomarca.whitekongsoftware.com\/ca\/wp-json\/wp\/v2\/tags?post=84305"}],"curies":[{"name":"wp","href":"https:\/\/api.w.org\/{rel}","templated":true}]}}