{"id":84253,"date":"2019-04-07T19:46:43","date_gmt":"2019-04-07T17:46:43","guid":{"rendered":"http:\/\/www.tucomarca.com\/wordpress\/segunda\/?p=84253"},"modified":"2019-04-07T19:46:43","modified_gmt":"2019-04-07T17:46:43","slug":"la-ud-iatova-semporta-el-derbi-comarcal-enfront-del-cd-turis-per-golejada-4-1","status":"publish","type":"post","link":"https:\/\/tucomarca.whitekongsoftware.com\/ca\/la-ud-iatova-semporta-el-derbi-comarcal-enfront-del-cd-turis-per-golejada-4-1\/","title":{"rendered":"La UD I\u00e0tova s&#8217;emporta el derbi comarcal enfront del CD Tur\u00eds per golejada (4-1)"},"content":{"rendered":"<p>La Uni\u00f3 Esportiva I\u00e0tova s&#8217;ha endut el derbi enfront del Club Esportiu Tur\u00eds per golejada. La mala segona part del Tur\u00eds i un Y\u00e1tova crescut a casa, han concedit la vict\u00f2ria als de Tom\u00e0s abril.<\/p>\n<p>El partit a I\u00e0tova es va dur amb un Tur\u00eds mica fluix, rar at\u00e8s que tot i jugar lluny de casa, un derbi s&#8217;ha de jugar amb m\u00e9s intensitat, i encara es va poder aguantar el partit for\u00e7a tram, tot i que tamb\u00e9 el vent d&#8217;ambient va poder influir . Per\u00f2 finalitzant la primera part, H\u00e9ctor Cifre va aconseguir fer el primer de la tarda, el que certificava que no estaven els turisanos jugant b\u00e9, encara que per ser justos, els locals ja havien tingut alguna abans, entre elles un &#8216;m\u00e0 a m\u00e0&#8217; de Guillam\u00f3n que Dani trauria per salvar els seus. Molt de parlar la segona part.<\/p>\n<p>A la seguna meitat van comen\u00e7ar amb intensitat, una mica m\u00e9s fort els de Miguel, per\u00f2 per descomptat que aix\u00f2 es va tor\u00e7ar una mica quan Alejandro Llorens va fer el 2-0, que va deixar molt tocats els turisanos que, per\u00f2, quan semblava que ja prou morts, van treure energies de la m\u00e0niga, necess\u00e0ries per retallar difer\u00e8ncies; i Pablo Fern\u00e1ndez aconseguia posar el 2-1 en el marcador per aportar el seu miguita de sorra en el derbi.<\/p>\n<p>Passaven els minuts i semblava que el Tor\u00eds encara tenia coses a dir, s&#8217;acostaven els minuts finals i donava impressi\u00f3 que encara podia fer de tot. Per\u00f2 el que va passar en els \u00faltims 10 minuts va ser el que va sentenciar el derbi: 2 gols, un d&#8217;Iv\u00e1n Ameneiro i un altre de Pedro Fern\u00e1ndez, per al Y\u00e1tova, que ja s\u00ed certificaven el partit.<\/p>\n<p>El m\u00edster del Tur\u00eds no ha amagat que est\u00e0 una mica decebut, i ha volgut comentar a tucomarca.com que &#8220;no hem estat b\u00e9 i han estat superiors&#8221;.<\/p>\n<p>D&#8217;altra banda, Tom\u00e0s Abril, l&#8217;altra cara de la moneda, ha destacat que el seu equip &#8220;ha fet un bon paper i merescut la vict\u00f2ria, content&#8221;.<\/p>\n<p>Per tant la UD\u00a0I\u00e0tova queda quarta amb 47 punts i el CD Tur\u00eds des\u00e8 amb 34. Informa, Ra\u00fal Miralles Lacalle @raulmks<\/p>\n","protected":false},"excerpt":{"rendered":"<div class=\"mh-excerpt\">La Uni\u00f3 Esportiva I\u00e0tova s&#8217;ha endut el derbi enfront del Club Esportiu Tur\u00eds per golejada. La mala segona part del Tur\u00eds i un Y\u00e1tova crescut a casa, han concedit la vict\u00f2ria als de Tom\u00e0s abril. <a class=\"mh-excerpt-more\" href=\"https:\/\/tucomarca.whitekongsoftware.com\/ca\/la-ud-iatova-semporta-el-derbi-comarcal-enfront-del-cd-turis-per-golejada-4-1\/\" title=\"La UD I\u00e0tova s&#8217;emporta el derbi comarcal enfront del CD Tur\u00eds per golejada (4-1)\">[+] <\/a><\/div>\n","protected":false},"author":1,"featured_media":76658,"comment_status":"open","ping_status":"open","sticky":false,"template":"","format":"standard","meta":{"footnotes":""},"categories":[11015,11003,10898,10980,10912,10896],"tags":[11264],"class_list":["post-84253","post","type-post","status-publish","format-standard","has-post-thumbnail","category-canal-futbol","category-sports","category-ventana-ca","category-yatova-ca","category-la-hoya-ca","category-seccion-ca","tag-esports-ca"],"_links":{"self":[{"href":"https:\/\/tucomarca.whitekongsoftware.com\/ca\/wp-json\/wp\/v2\/posts\/84253","targetHints":{"allow":["GET"]}}],"collection":[{"href":"https:\/\/tucomarca.whitekongsoftware.com\/ca\/wp-json\/wp\/v2\/posts"}],"about":[{"href":"https:\/\/tucomarca.whitekongsoftware.com\/ca\/wp-json\/wp\/v2\/types\/post"}],"author":[{"embeddable":true,"href":"https:\/\/tucomarca.whitekongsoftware.com\/ca\/wp-json\/wp\/v2\/users\/1"}],"replies":[{"embeddable":true,"href":"https:\/\/tucomarca.whitekongsoftware.com\/ca\/wp-json\/wp\/v2\/comments?post=84253"}],"version-history":[{"count":0,"href":"https:\/\/tucomarca.whitekongsoftware.com\/ca\/wp-json\/wp\/v2\/posts\/84253\/revisions"}],"wp:featuredmedia":[{"embeddable":true,"href":"https:\/\/tucomarca.whitekongsoftware.com\/ca\/wp-json\/wp\/v2\/media\/76658"}],"wp:attachment":[{"href":"https:\/\/tucomarca.whitekongsoftware.com\/ca\/wp-json\/wp\/v2\/media?parent=84253"}],"wp:term":[{"taxonomy":"category","embeddable":true,"href":"https:\/\/tucomarca.whitekongsoftware.com\/ca\/wp-json\/wp\/v2\/categories?post=84253"},{"taxonomy":"post_tag","embeddable":true,"href":"https:\/\/tucomarca.whitekongsoftware.com\/ca\/wp-json\/wp\/v2\/tags?post=84253"}],"curies":[{"name":"wp","href":"https:\/\/api.w.org\/{rel}","templated":true}]}}