{"id":84234,"date":"2019-04-06T13:25:33","date_gmt":"2019-04-06T11:25:33","guid":{"rendered":"http:\/\/www.tucomarca.com\/wordpress\/segunda\/?p=84234"},"modified":"2019-04-06T13:25:33","modified_gmt":"2019-04-06T11:25:33","slug":"bunyol-acull-aquest-dissabte-la-seua-marxa-runcancer-2019","status":"publish","type":"post","link":"https:\/\/tucomarca.whitekongsoftware.com\/ca\/bunyol-acull-aquest-dissabte-la-seua-marxa-runcancer-2019\/","title":{"rendered":"Bunyol acull aquest dissabte la seua Marxa RunC\u00e1ncer 2019"},"content":{"rendered":"<figure id=\"attachment_84213\" aria-describedby=\"caption-attachment-84213\" style=\"width: 536px\" class=\"wp-caption alignleft\"><img loading=\"lazy\" decoding=\"async\" class=\" wp-image-84213\" src=\"http:\/\/www.tucomarca.com\/wordpress\/segunda\/wp-content\/uploads\/2019\/04\/run2018.jpg\" alt=\"Imagen de la pasada edici\u00f3n RunC\u00e1ncer de Bu\u00f1ol.\" width=\"536\" height=\"285\" srcset=\"https:\/\/tucomarca.whitekongsoftware.com\/wp-content\/uploads\/2019\/04\/run2018.jpg 756w, https:\/\/tucomarca.whitekongsoftware.com\/wp-content\/uploads\/2019\/04\/run2018-300x160.jpg 300w\" sizes=\"auto, (max-width: 536px) 100vw, 536px\" \/><figcaption id=\"caption-attachment-84213\" class=\"wp-caption-text\">Imatge de la passada edici\u00f3 RunC\u00e1ncer de Bunyol.<\/figcaption><\/figure>\n<p>Aquest dissabte, dia 6, tindr\u00e0 lloc a Bunyol la Marxa RunC\u00e1ncer 2019, en qu\u00e8 actuar\u00e0 com spiker Jos\u00e9 Miguel Zan\u00f3n.<\/p>\n<p>La marxa sortir\u00e0 del Passeig de Sant Llu\u00eds a les 17,00 hores per tornar al mateix lloc. Encara que sempre ha estat el lloc de principi i final de la marxa, aquest any la marxa 5K ha canviat el seu recorregut fent part\u00edcips d&#8217;aquesta RunC\u00e1ncer als ve\u00efns de les Vendes, pujant per Ernesto Gim\u00e9nez i travessant la Pla\u00e7a de les Vendes, Comtes de Bunyol i per Juan Peset i el camp de futbol baixar a Sant Llu\u00eds per la carretera d &#8216; \u00abel Cuco\u00bb.<\/p>\n<p>\u00abLa finalitat d&#8217;aquesta marxa solid\u00e0ria organitzada per l&#8217;Associaci\u00f3 Espanyola Contra el C\u00e0ncer (AECC) de Bunyol \u00e9s molt important, ja que els diners recollits va \u00edntegre a la investigaci\u00f3 d&#8217;aquesta malaltia, el c\u00e0ncer est\u00e0 aqu\u00ed i amb aquestes aportacions es pot fer molt per la investigaci\u00f3 i per la prevenci\u00f3 \u00bb, com ha destacat des de l&#8217;organitzaci\u00f3, Amparo Sanz.<\/p>\n<p>\u00abBunyol ha estat sempre molt solidari amb aquesta causa i esperem que segueixi sent-ho. Recordar que l&#8217;any passat es van vendre 3.202 dorsals i aquest any (al tancament de l&#8217;edici\u00f3 de tucomarca.com) la xifra de dorsals venuts ascendia als 2.800, tot i que es preveu que entre els dies que falten fins al dissabte i la venda a la mateixa sortida de la marxa la xifra s&#8217;aproximi a la de l&#8217;any passat, que augmenta considerablement tamb\u00e9 amb la venda de samarretes. \u00c9s important destacar la col\u00b7laboraci\u00f3 de l&#8217;Ajuntament i de totes les persones volunt\u00e0ries que fan possible que aquest esdeveniment solidari s&#8217;hagi convertit a m\u00e9s, en un acte social important en el calendari de la localitat \u00bb, ha finalitzat.<\/p>\n","protected":false},"excerpt":{"rendered":"<div class=\"mh-excerpt\">Aquest dissabte, dia 6, tindr\u00e0 lloc a Bunyol la Marxa RunC\u00e1ncer 2019, en qu\u00e8 actuar\u00e0 com spiker Jos\u00e9 Miguel Zan\u00f3n. La marxa sortir\u00e0 del Passeig de Sant Llu\u00eds a les 17,00 hores per tornar al <a class=\"mh-excerpt-more\" href=\"https:\/\/tucomarca.whitekongsoftware.com\/ca\/bunyol-acull-aquest-dissabte-la-seua-marxa-runcancer-2019\/\" title=\"Bunyol acull aquest dissabte la seua Marxa RunC\u00e1ncer 2019\">[+] <\/a><\/div>\n","protected":false},"author":2,"featured_media":84214,"comment_status":"open","ping_status":"open","sticky":false,"template":"","format":"standard","meta":{"footnotes":""},"categories":[11018,10911,11010,11003,10898,10894,10912,10896],"tags":[11425,11535],"class_list":["post-84234","post","type-post","status-publish","format-standard","has-post-thumbnail","category-atletisme","category-bunol-ca","category-canal-salud","category-sports","category-ventana-ca","category-la-comarca-ca","category-la-hoya-ca","category-seccion-ca","tag-aecc-bunol-ca","tag-runcancer-2019-ca"],"_links":{"self":[{"href":"https:\/\/tucomarca.whitekongsoftware.com\/ca\/wp-json\/wp\/v2\/posts\/84234","targetHints":{"allow":["GET"]}}],"collection":[{"href":"https:\/\/tucomarca.whitekongsoftware.com\/ca\/wp-json\/wp\/v2\/posts"}],"about":[{"href":"https:\/\/tucomarca.whitekongsoftware.com\/ca\/wp-json\/wp\/v2\/types\/post"}],"author":[{"embeddable":true,"href":"https:\/\/tucomarca.whitekongsoftware.com\/ca\/wp-json\/wp\/v2\/users\/2"}],"replies":[{"embeddable":true,"href":"https:\/\/tucomarca.whitekongsoftware.com\/ca\/wp-json\/wp\/v2\/comments?post=84234"}],"version-history":[{"count":0,"href":"https:\/\/tucomarca.whitekongsoftware.com\/ca\/wp-json\/wp\/v2\/posts\/84234\/revisions"}],"wp:featuredmedia":[{"embeddable":true,"href":"https:\/\/tucomarca.whitekongsoftware.com\/ca\/wp-json\/wp\/v2\/media\/84214"}],"wp:attachment":[{"href":"https:\/\/tucomarca.whitekongsoftware.com\/ca\/wp-json\/wp\/v2\/media?parent=84234"}],"wp:term":[{"taxonomy":"category","embeddable":true,"href":"https:\/\/tucomarca.whitekongsoftware.com\/ca\/wp-json\/wp\/v2\/categories?post=84234"},{"taxonomy":"post_tag","embeddable":true,"href":"https:\/\/tucomarca.whitekongsoftware.com\/ca\/wp-json\/wp\/v2\/tags?post=84234"}],"curies":[{"name":"wp","href":"https:\/\/api.w.org\/{rel}","templated":true}]}}