{"id":84220,"date":"2019-04-06T13:02:48","date_gmt":"2019-04-06T11:02:48","guid":{"rendered":"http:\/\/www.tucomarca.com\/wordpress\/segunda\/?p=84220"},"modified":"2019-04-06T13:05:18","modified_gmt":"2019-04-06T11:05:18","slug":"les-falles-de-turis-sallarguen-dos-diumenges","status":"publish","type":"post","link":"https:\/\/tucomarca.whitekongsoftware.com\/ca\/les-falles-de-turis-sallarguen-dos-diumenges\/","title":{"rendered":"Las Fallas de Tur\u00eds se alargan dos domingos"},"content":{"rendered":"<p>Las fallas de Tur\u00eds se van a alargar dos domingos m\u00e1s debido a la lluvia aparecida el \u00faltimo d\u00eda de fiesta. Entre los actos conjuntos, y los particulares de cada comisi\u00f3n, Tur\u00eds va a tener dos pr\u00f3ximos domingos muy falleros.<span class=\"Apple-converted-space\">\u00a0<\/span><\/p>\n<p>Este 7 de abril a partir de las once de la ma\u00f1ana se celebrar\u00e1n los \u00faltimos pasacalles con las galas de valenciano y valenciana para asistir a la misa en honor a San Jos\u00e9. La falla Antiga Fontanella disparar\u00e1 a las 14:00h la masclet\u00e0 a cargo de Pirotecnia Tur\u00eds y Placeta del Marqu\u00e9s, tras la pertinente comida de la apunt\u00e0, recorrer\u00e1 por la tarde las calles del pueblo con su pasacalle \u201cloco\u201d.<\/p>\n<p>La comisi\u00f3n de Avda. de les Corts Valencianes tambi\u00e9n ha dispuesto un completo programa para este domingo con despert\u00e0, chocolate y bu\u00f1uelos en su casal y por la tarde pasacalle \u201cborreguil\u201d y globot\u00e0. La masclet\u00e0 la aplaza para la celebraci\u00f3n de San Juan.<\/p>\n<p>Pero el domingo 14 de abril tampoco se queda \u201ccojo\u201d ya que Els Barris tendr\u00e1 el pasacalle de la apunt\u00e0 y disparar\u00e1 su masclet\u00e0 a las 14:00h, tambi\u00e9n a cargo de Pirotecnia Tur\u00eds, para finalizar con paella y discom\u00f3vil. Por su parte Pla\u00e7a del Mercat comenzar\u00e1 el d\u00eda con despert\u00e0, celebrar\u00e1 la apunt\u00e0 y comida de hermandad y por la tarde, a partir de las 19:30h recorrer\u00e1 su demarcaci\u00f3n con la cavalcada del foc que finalizar\u00e1 en la Pla\u00e7a Vicent Ribes con el disparo de un espect\u00e1culo pirodigital a cargo de Ricardo Caballer.<\/p>\n","protected":false},"excerpt":{"rendered":"<div class=\"mh-excerpt\">Las fallas de Tur\u00eds se van a alargar dos domingos m\u00e1s debido a la lluvia aparecida el \u00faltimo d\u00eda de fiesta. Entre los actos conjuntos, y los particulares de cada comisi\u00f3n, Tur\u00eds va a tener <a class=\"mh-excerpt-more\" href=\"https:\/\/tucomarca.whitekongsoftware.com\/ca\/les-falles-de-turis-sallarguen-dos-diumenges\/\" title=\"Las Fallas de Tur\u00eds se alargan dos domingos\">[+] <\/a><\/div>\n","protected":false},"author":1,"featured_media":84217,"comment_status":"open","ping_status":"open","sticky":false,"template":"","format":"standard","meta":{"footnotes":""},"categories":[11019,10898,10902,11004,11008,10896,11047],"tags":[11500,11093],"class_list":["post-84220","post","type-post","status-publish","format-standard","has-post-thumbnail","category-agenda-ca","category-ventana-ca","category-la-ribera-ca","category-la-semana-en-imagenes-ca","category-pueblos-en-fiestas-ca","category-seccion-ca","category-turis-ca","tag-falles-ca","tag-turis-ca"],"_links":{"self":[{"href":"https:\/\/tucomarca.whitekongsoftware.com\/ca\/wp-json\/wp\/v2\/posts\/84220","targetHints":{"allow":["GET"]}}],"collection":[{"href":"https:\/\/tucomarca.whitekongsoftware.com\/ca\/wp-json\/wp\/v2\/posts"}],"about":[{"href":"https:\/\/tucomarca.whitekongsoftware.com\/ca\/wp-json\/wp\/v2\/types\/post"}],"author":[{"embeddable":true,"href":"https:\/\/tucomarca.whitekongsoftware.com\/ca\/wp-json\/wp\/v2\/users\/1"}],"replies":[{"embeddable":true,"href":"https:\/\/tucomarca.whitekongsoftware.com\/ca\/wp-json\/wp\/v2\/comments?post=84220"}],"version-history":[{"count":0,"href":"https:\/\/tucomarca.whitekongsoftware.com\/ca\/wp-json\/wp\/v2\/posts\/84220\/revisions"}],"wp:featuredmedia":[{"embeddable":true,"href":"https:\/\/tucomarca.whitekongsoftware.com\/ca\/wp-json\/wp\/v2\/media\/84217"}],"wp:attachment":[{"href":"https:\/\/tucomarca.whitekongsoftware.com\/ca\/wp-json\/wp\/v2\/media?parent=84220"}],"wp:term":[{"taxonomy":"category","embeddable":true,"href":"https:\/\/tucomarca.whitekongsoftware.com\/ca\/wp-json\/wp\/v2\/categories?post=84220"},{"taxonomy":"post_tag","embeddable":true,"href":"https:\/\/tucomarca.whitekongsoftware.com\/ca\/wp-json\/wp\/v2\/tags?post=84220"}],"curies":[{"name":"wp","href":"https:\/\/api.w.org\/{rel}","templated":true}]}}