{"id":84130,"date":"2019-04-04T11:01:36","date_gmt":"2019-04-04T09:01:36","guid":{"rendered":"http:\/\/www.tucomarca.com\/wordpress\/segunda\/?p=84130"},"modified":"2019-04-04T11:01:36","modified_gmt":"2019-04-04T09:01:36","slug":"presentacio-del-llibre-comunistes-a-bunyol-historia-del-pce-i-iu-1921-2018","status":"publish","type":"post","link":"https:\/\/tucomarca.whitekongsoftware.com\/ca\/presentacio-del-llibre-comunistes-a-bunyol-historia-del-pce-i-iu-1921-2018\/","title":{"rendered":"Presentaci\u00f3 del llibre \u00abComunistes a Bunyol, hist\u00f2ria del PCE i IU 1921-2018"},"content":{"rendered":"<figure id=\"attachment_84127\" aria-describedby=\"caption-attachment-84127\" style=\"width: 414px\" class=\"wp-caption alignleft\"><img loading=\"lazy\" decoding=\"async\" class=\" wp-image-84127\" src=\"http:\/\/www.tucomarca.com\/wordpress\/segunda\/wp-content\/uploads\/2019\/04\/LIBROCOMUNISTAS.jpg\" alt=\"Este pr\u00f3ximo domingo 7 de Abril el N\u00facleo comunista de Bu\u00f1ol del PCE y EUPV presentan en el Palacio de la M\u00fasica de El Litro el libro &quot;Comunistas en Bu\u00f1ol, Historia del PCE e IU 1921 -2018&quot;.\" width=\"414\" height=\"516\" srcset=\"https:\/\/tucomarca.whitekongsoftware.com\/wp-content\/uploads\/2019\/04\/LIBROCOMUNISTAS.jpg 1271w, https:\/\/tucomarca.whitekongsoftware.com\/wp-content\/uploads\/2019\/04\/LIBROCOMUNISTAS-240x300.jpg 240w, https:\/\/tucomarca.whitekongsoftware.com\/wp-content\/uploads\/2019\/04\/LIBROCOMUNISTAS-768x958.jpg 768w, https:\/\/tucomarca.whitekongsoftware.com\/wp-content\/uploads\/2019\/04\/LIBROCOMUNISTAS-821x1024.jpg 821w, https:\/\/tucomarca.whitekongsoftware.com\/wp-content\/uploads\/2019\/04\/LIBROCOMUNISTAS-1024x1278.jpg 1024w\" sizes=\"auto, (max-width: 414px) 100vw, 414px\" \/><figcaption id=\"caption-attachment-84127\" class=\"wp-caption-text\">L&#8217;acte de presentaci\u00f3 finalitzar\u00e0 amb un concert de banda a c\u00e0rrec d&#8217;alguns m\u00fasics de Bunyol.<\/figcaption><\/figure>\n<p>Aquest diumenge 7 d&#8217;abril el Nucli comunista de Bunyol del PCE i EUPV presenten al Palau de la M\u00fasica el llibre Comunistes a Bunyol, Hist\u00f2ria del PCE i IU 1921 -2018. L&#8217;acte ser\u00e0 presentat per l&#8217;exalcaldessa de Bunyol Minerva G\u00f3mez Perell\u00f3.<\/p>\n<p>A la presentaci\u00f3 intervindran l&#8217;autor, Chimo Masmano Palmer, i el secretari general del PCE, Enrique Santiago Romero. Tamb\u00e9 es comptar\u00e0 amb la pres\u00e8ncia del secretari general del Partit Comunista del Pa\u00eds Valenci\u00e0, Javier Parra Molina, amb la directora de la Revista La nostra Bandera, Marga Sanz Alonso, i la Coordinadora General d&#8217;EUPV, Rosa P\u00e9rez Garijo.<\/p>\n<p><em>\u00abEl llibre recorre la traject\u00f2ria hist\u00f2rica de dues organitzacions pol\u00edtiques fonamentals en la vida de Bunyol, 97 anys de la hist\u00f2ria del PCE i des de 1986 d&#8217;EUPV, els seus protagonistes, els esdeveniments que han anat marcant l&#8217;esdevenir pol\u00edtic i tamb\u00e9 social de Bunyol, els treballs i les lluites per la llibertat i la democr\u00e0cia, pels drets de la classe treballadora i popular a Bunyol, la gesti\u00f3 municipal per aconseguir un municipi millor. El llibre ve il\u00b7lustrat per quantioses fotografies que descriuen gr\u00e0ficament els esdeveniments hist\u00f2rics que s&#8217;han anat sucediendo.Un llibre amb gaireb\u00e9 tres-centes p\u00e0gines que el PCE i EUPV de Bunyol conviden a con\u00e8ixer com a relat important de la hist\u00f2ria de Bunyol del segle XX i primeres d\u00e8cades de l&#8217;actualitat. \u00c9s el resultat de gaireb\u00e9 dos anys d&#8217;investigaci\u00f3, recopilaci\u00f3 de testimonis, recuperaci\u00f3 de documents gr\u00e0fics i redacci\u00f3 que pret\u00e9n aportar un material important per a la mem\u00f2ria hist\u00f2rica de Bunyol \u00bb<\/em>, segons han informat des de l&#8217;organitzaci\u00f3.<\/p>\n","protected":false},"excerpt":{"rendered":"<div class=\"mh-excerpt\">Aquest diumenge 7 d&#8217;abril el Nucli comunista de Bunyol del PCE i EUPV presenten al Palau de la M\u00fasica el llibre Comunistes a Bunyol, Hist\u00f2ria del PCE i IU 1921 -2018. L&#8217;acte ser\u00e0 presentat per <a class=\"mh-excerpt-more\" href=\"https:\/\/tucomarca.whitekongsoftware.com\/ca\/presentacio-del-llibre-comunistes-a-bunyol-historia-del-pce-i-iu-1921-2018\/\" title=\"Presentaci\u00f3 del llibre \u00abComunistes a Bunyol, hist\u00f2ria del PCE i IU 1921-2018\">[+] <\/a><\/div>\n","protected":false},"author":2,"featured_media":84128,"comment_status":"open","ping_status":"open","sticky":false,"template":"","format":"standard","meta":{"footnotes":""},"categories":[11019,10911,10912,10947,10896],"tags":[11314,11552,11553],"class_list":["post-84130","post","type-post","status-publish","format-standard","has-post-thumbnail","category-agenda-ca","category-bunol-ca","category-la-hoya-ca","category-politica","category-seccion-ca","tag-bunyol-ca","tag-izquierda-unida-ca","tag-pcpv-ca"],"_links":{"self":[{"href":"https:\/\/tucomarca.whitekongsoftware.com\/ca\/wp-json\/wp\/v2\/posts\/84130","targetHints":{"allow":["GET"]}}],"collection":[{"href":"https:\/\/tucomarca.whitekongsoftware.com\/ca\/wp-json\/wp\/v2\/posts"}],"about":[{"href":"https:\/\/tucomarca.whitekongsoftware.com\/ca\/wp-json\/wp\/v2\/types\/post"}],"author":[{"embeddable":true,"href":"https:\/\/tucomarca.whitekongsoftware.com\/ca\/wp-json\/wp\/v2\/users\/2"}],"replies":[{"embeddable":true,"href":"https:\/\/tucomarca.whitekongsoftware.com\/ca\/wp-json\/wp\/v2\/comments?post=84130"}],"version-history":[{"count":0,"href":"https:\/\/tucomarca.whitekongsoftware.com\/ca\/wp-json\/wp\/v2\/posts\/84130\/revisions"}],"wp:featuredmedia":[{"embeddable":true,"href":"https:\/\/tucomarca.whitekongsoftware.com\/ca\/wp-json\/wp\/v2\/media\/84128"}],"wp:attachment":[{"href":"https:\/\/tucomarca.whitekongsoftware.com\/ca\/wp-json\/wp\/v2\/media?parent=84130"}],"wp:term":[{"taxonomy":"category","embeddable":true,"href":"https:\/\/tucomarca.whitekongsoftware.com\/ca\/wp-json\/wp\/v2\/categories?post=84130"},{"taxonomy":"post_tag","embeddable":true,"href":"https:\/\/tucomarca.whitekongsoftware.com\/ca\/wp-json\/wp\/v2\/tags?post=84130"}],"curies":[{"name":"wp","href":"https:\/\/api.w.org\/{rel}","templated":true}]}}