{"id":84083,"date":"2019-04-02T18:44:34","date_gmt":"2019-04-02T16:44:34","guid":{"rendered":"http:\/\/www.tucomarca.com\/wordpress\/segunda\/?p=84083"},"modified":"2019-04-02T18:44:34","modified_gmt":"2019-04-02T16:44:34","slug":"especialistes-de-lhospital-de-manises-destaquen-la-importancia-dun-diagnostic-precoc-per-abordar-el-tea","status":"publish","type":"post","link":"https:\/\/tucomarca.whitekongsoftware.com\/ca\/especialistes-de-lhospital-de-manises-destaquen-la-importancia-dun-diagnostic-precoc-per-abordar-el-tea\/","title":{"rendered":"Especialistes de l&#8217;Hospital de Manises destaquen la import\u00e0ncia d&#8217;un diagn\u00f2stic preco\u00e7 per abordar el TEA"},"content":{"rendered":"<figure id=\"attachment_84081\" aria-describedby=\"caption-attachment-84081\" style=\"width: 349px\" class=\"wp-caption alignleft\"><img loading=\"lazy\" decoding=\"async\" class=\" wp-image-84081\" src=\"http:\/\/www.tucomarca.com\/wordpress\/segunda\/wp-content\/uploads\/2019\/04\/DSC0044b.jpg\" alt=\"\u200bEspecialistas del Hospital de Manises destacan la importancia de un diagn\u00f3stico precoz para abordar el TEA.\" width=\"349\" height=\"232\" srcset=\"https:\/\/tucomarca.whitekongsoftware.com\/wp-content\/uploads\/2019\/04\/DSC0044b.jpg 3216w, https:\/\/tucomarca.whitekongsoftware.com\/wp-content\/uploads\/2019\/04\/DSC0044b-300x199.jpg 300w, https:\/\/tucomarca.whitekongsoftware.com\/wp-content\/uploads\/2019\/04\/DSC0044b-768x510.jpg 768w, https:\/\/tucomarca.whitekongsoftware.com\/wp-content\/uploads\/2019\/04\/DSC0044b-1024x680.jpg 1024w\" sizes=\"auto, (max-width: 349px) 100vw, 349px\" \/><figcaption id=\"caption-attachment-84081\" class=\"wp-caption-text\">Especialistes de l&#8217;Hospital de Manises destaquen la import\u00e0ncia d&#8217;un diagn\u00f2stic preco\u00e7 per abordar el TEA.<\/figcaption><\/figure>\n<p><strong>La Unitat de Neurorehabilitaci\u00f3 Infantil ofereix un diagn\u00f2stic en menys d&#8217;un mes el que permet comen\u00e7ar a treballar de forma personalitzada per millorar l&#8217;assist\u00e8ncia dels nens amb TEA i el seu entorn<\/strong><\/p>\n<p><strong>El neurobi\u00f2leg Jos\u00e9 Ram\u00f3n Alonso destaca que s&#8217;est\u00e0 avan\u00e7ant en la investigaci\u00f3 a trav\u00e9s de marcadors biol\u00f2gics i gen\u00e8tica per a un diagn\u00f2stic primerenc<\/strong><\/p>\n<p><strong>El centre hospitalari ha reunit 200 especialistes i familiars de pacients amb Trastorn de l&#8217;espectre autista<\/strong><\/p>\n<p>La detecci\u00f3 preco\u00e7 del Trastorn de l&#8217;espectre autista (TEA) \u00e9s fonamental per poder comen\u00e7ar a treballar en un tractament personalitzat amb nens per tal d&#8217;abordar les seves necessitats des de molt jove i avan\u00e7ar en la seva millora i la del seu entorn. La coordinadora de la Unitat de Neurorehabilitaci\u00f3 Infantil del Departament de Salut de Manises, Virginia P\u00e9rez, ha explicat que &#8220;en la nostra unitat en menys d&#8217;un mes tenim el diagn\u00f2stic del nen en el qual intervenen els especialistes sanitaris per\u00f2 tamb\u00e9 la fam\u00edlia, per tenir una informaci\u00f3 completa, ia partir d&#8217;aqu\u00ed vam dissenyar un pla d&#8217;intervenci\u00f3 individualitzat a cada cas. &#8221;<\/p>\n<p>&#8220;Quan hi ha sospita d&#8217;un possible TEA, el primer pas \u00e9s el pediatre d&#8217;Atenci\u00f3 Prim\u00e0ria que realitza una consulta al neuropediatre. A partir d&#8217;aqu\u00ed, l&#8217;equip de la Unitat realitza una valoraci\u00f3 en la qual participen terapeutes ocupacionals, logopedes, psiquiatres infantil o neuropsic\u00f2logues. L&#8217;equip multidisciplinari dissenya un pla de treball amb el pacient i el seu entorn on plantegem uns objectius concrets que implica a la fam\u00edlia. A la Unitat realitzem un seguiment per revisar aquests objectius, analitzar el progr\u00e9s amb el nen i refor\u00e7ar les \u00e0rees que necessiti &#8220;, explica Virginia P\u00e9rez, coordinadora de la Unitat de Neurorehabilitaci\u00f3 Infantil de l&#8217;Hospital de Manises.<\/p>\n<p>En aquesta l\u00ednia, Mar\u00eda Jes\u00fas Lluch ha destacat &#8220;la import\u00e0ncia en la valoraci\u00f3 d&#8217;habilitats i compet\u00e8ncies comunicatives, aix\u00ed com el nivell de desenvolupament del llenguatge comprensiu i expressiu en el diagn\u00f2stic difer\u00e8ncia de TEA per poder tra\u00e7ar una l\u00ednia i orientar a familiars i altres entorns com el centre d&#8217;educaci\u00f3 en aquestes estrat\u00e8gies que millorin l&#8217;adaptaci\u00f3 del nen &#8220;. Per la seva banda, la neuropediatra Laura Costa indica que &#8220;un dels aspectes que estem m\u00e9s atents a la Unitat \u00e9s a les comorbiditats que poden portar associat el pacient amb TEA com poden ser trastorns de son o d\u00e8ficit d&#8217;atenci\u00f3 que si que poden portar un tractament farmac\u00e8utic &#8220;.<\/p>\n<p>Durant la jornada tamb\u00e9 s&#8217;ha explicat l&#8217;adaptaci\u00f3 d&#8217;entorns hospitalaris als nens amb TEA, una iniciativa que s&#8217;ha implementat en diverses \u00e0rees de l&#8217;Hospital de Manises com les urg\u00e8ncies pedi\u00e0triques i Consultes externes i que han demostrat que el nen amb TEA se sent m\u00e9s tranquil i ha millorat la visita als metges, reduint la seva ansietat i la millora de la relaci\u00f3 entre els professionals sanitaris i l&#8217;entorn del pacient.<\/p>\n<p><strong>Aven\u00e7os en la investigaci\u00f3<\/strong><\/p>\n<p>La jornada sobre el Trastorn de l&#8217;espectre autista organitzada pel Departament de Salut de Manises ha estat inaugurada pel neurobi\u00f2leg i catedr\u00e0tic de la Universitat de Salamanca, Jos\u00e9 Ram\u00f3n Alonso, que ha explicat els \u00faltims aven\u00e7os en la investigaci\u00f3 sobre el TEA. &#8220;S&#8217;est\u00e0 avan\u00e7ant en marcadors biol\u00f2gics on s&#8217;ha comprovat canvis volum\u00e8trics en regions del cervell o en estudis gen\u00e8tics sobre el TEA que ajuden a entendre la causa de l&#8217;autisme o afavorir una detecci\u00f3 preco\u00e7&#8221;, assenyala Jos\u00e9 Ram\u00f3n Alonso.<\/p>\n<p>Durant la seva intervenci\u00f3, ha assenyalat alguns falsos mites sobre l&#8217;autisme com que les vacunes poden causar TEA i ha advertit falsos tractaments que s\u00f3n inefica\u00e7os. El neurobi\u00f2leg si que ha indicat que &#8220;els casos d&#8217;autisme segueixen augmentant per\u00f2 aquest es deu a causes biol\u00f2giques com l&#8217;edat dels pares o naixements prematurs o post\u00e9rminos. Per\u00f2 el m\u00e9s important \u00e9s que cada vegada hi ha un millor diagn\u00f2stic de TEA &#8220;. Alonso tamb\u00e9 ha explicat els aven\u00e7os que s&#8217;estan fent en gen\u00e8tica &#8220;s&#8217;estan realitzant investigacions en el camp de la gen\u00e8tica amb l&#8217;an\u00e0lisi de milers de dades que ens permetran comprendre el TEA i poder buscar nous tractaments. Aquests aven\u00e7os s\u00f3n importants per trobar una soluci\u00f3 per\u00f2 hem de ser prudents. El m\u00e9s important \u00e9s treballar junts educadors, sanitaris i fam\u00edlies per normalitzar a les persones amb TEA i conscienciar la societat &#8220;.<\/p>\n<p><strong>L&#8217;experi\u00e8ncia de les fam\u00edlies<\/strong><\/p>\n<p>A la jornada, tamb\u00e9 s&#8217;ha explicat un cas cl\u00ednic d&#8217;un pacient de la Unitat de Neurorrehabiltaci\u00f3n Infantil en qu\u00e8 els especialistes han explicat el pla de treball, l&#8217;evoluci\u00f3 i la implicaci\u00f3 donin entorn en el tractament del pacient. En aquesta l\u00ednia, la jornada ha concl\u00f2s amb una taula rodona coordinada per Ana Costa, terapeuta ocupacional de l&#8217;Hospital de Manises on diversos familiars amb nens amb TEA han explicat la seva experi\u00e8ncia en diferents \u00e0mbits.<\/p>\n<p>La jornada, que s&#8217;ha celebrat al Col\u00b7legi Oficial de Metges de Val\u00e8ncia, ha estat clausurat per la presidenta del Col\u00b7legi, Mercedes Hurtado, i el gerent del Departament de Salut de Manises, Ricardo Trujillo.<\/p>\n<p><strong>Unitat de refer\u00e8ncia<\/strong><\/p>\n<p>El Departament de Salut de Manises va posar en marxa el 2012 la primera Unitat de Neurorehabilitaci\u00f3 Infantil especialitzada en trastorns del desenvolupament integrada en un hospital p\u00fablic valenci\u00e0 que ofereix tractaments a nens amb Dany Cerebral i Trastorn de l&#8217;espectre autista a m\u00e9s de realitzar diagn\u00f2stic diferencial de TEA. Actualment, la Unitat est\u00e0 atenent a 25 menors entre 1 i 15 anys amb Dany Cerebral i amb 75 nens de fins als 6 anys amb trastorn de l&#8217;espectre autista.<\/p>\n<p>Des de la Unitat s&#8217;han impulsat iniciatives encaminades a afavorir la divulgaci\u00f3 i informaci\u00f3 sobre TEA i Dany Cerebral a trav\u00e9s de l&#8217;elaboraci\u00f3 d&#8217;un dossier gr\u00e0fic i audiovisual de signes d&#8217;alarma, un manual de recomanaci\u00f3 de joguines que afavoreixen la interacci\u00f3 i el desenvolupament del nen amb autisme o un programa d&#8217;anticipaci\u00f3 a petards. A m\u00e9s, el Departament de Salut de Manises forma part del projecte Doctor TEA, impulsat per l&#8217;Hospital General Universitari Gregorio Mara\u00f1\u00f3n, que ha reconegut a la Unitat pel Pla d&#8217;Adaptaci\u00f3 a l&#8217;Entorn Hospitalari per a nens amb autisme que utilitza panells amb pictogrames compostos per dibuixos que expliquen la seq\u00fc\u00e8ncia i la manera en qu\u00e8 succeeixen les coses quan els pacients arriben a l&#8217;Hospital.<\/p>\n<p>La unitat est\u00e0 ubicada al Centre d&#8217;Especialitats de Mislata, a l&#8217;edifici de Consultes Externes, dins del complex de l&#8217;Hospital Militar. La unitat disposa d&#8217;una \u00e0rea de 250 m2 totalment adaptats a les necessitats dels petits. Es tracta d&#8217;una zona reformada que inclou sales de ter\u00e0pia i joc, aix\u00ed com a equipament totalment nou i adequat a les necessitats de la intervenci\u00f3 segons tots els manuals de bones pr\u00e0ctiques de AETAPI i l&#8217;Institut Carlos III.<\/p>\n","protected":false},"excerpt":{"rendered":"<div class=\"mh-excerpt\">La Unitat de Neurorehabilitaci\u00f3 Infantil ofereix un diagn\u00f2stic en menys d&#8217;un mes el que permet comen\u00e7ar a treballar de forma personalitzada per millorar l&#8217;assist\u00e8ncia dels nens amb TEA i el seu entorn El neurobi\u00f2leg Jos\u00e9 <a class=\"mh-excerpt-more\" href=\"https:\/\/tucomarca.whitekongsoftware.com\/ca\/especialistes-de-lhospital-de-manises-destaquen-la-importancia-dun-diagnostic-precoc-per-abordar-el-tea\/\" title=\"Especialistes de l&#8217;Hospital de Manises destaquen la import\u00e0ncia d&#8217;un diagn\u00f2stic preco\u00e7 per abordar el TEA\">[+] <\/a><\/div>\n","protected":false},"author":2,"featured_media":84082,"comment_status":"open","ping_status":"open","sticky":false,"template":"","format":"standard","meta":{"footnotes":""},"categories":[11010,10898,10894,10912,10896],"tags":[11092,11551],"class_list":["post-84083","post","type-post","status-publish","format-standard","has-post-thumbnail","category-canal-salud","category-ventana-ca","category-la-comarca-ca","category-la-hoya-ca","category-seccion-ca","tag-hospital-de-manises-ca","tag-tea-ca"],"_links":{"self":[{"href":"https:\/\/tucomarca.whitekongsoftware.com\/ca\/wp-json\/wp\/v2\/posts\/84083","targetHints":{"allow":["GET"]}}],"collection":[{"href":"https:\/\/tucomarca.whitekongsoftware.com\/ca\/wp-json\/wp\/v2\/posts"}],"about":[{"href":"https:\/\/tucomarca.whitekongsoftware.com\/ca\/wp-json\/wp\/v2\/types\/post"}],"author":[{"embeddable":true,"href":"https:\/\/tucomarca.whitekongsoftware.com\/ca\/wp-json\/wp\/v2\/users\/2"}],"replies":[{"embeddable":true,"href":"https:\/\/tucomarca.whitekongsoftware.com\/ca\/wp-json\/wp\/v2\/comments?post=84083"}],"version-history":[{"count":0,"href":"https:\/\/tucomarca.whitekongsoftware.com\/ca\/wp-json\/wp\/v2\/posts\/84083\/revisions"}],"wp:featuredmedia":[{"embeddable":true,"href":"https:\/\/tucomarca.whitekongsoftware.com\/ca\/wp-json\/wp\/v2\/media\/84082"}],"wp:attachment":[{"href":"https:\/\/tucomarca.whitekongsoftware.com\/ca\/wp-json\/wp\/v2\/media?parent=84083"}],"wp:term":[{"taxonomy":"category","embeddable":true,"href":"https:\/\/tucomarca.whitekongsoftware.com\/ca\/wp-json\/wp\/v2\/categories?post=84083"},{"taxonomy":"post_tag","embeddable":true,"href":"https:\/\/tucomarca.whitekongsoftware.com\/ca\/wp-json\/wp\/v2\/tags?post=84083"}],"curies":[{"name":"wp","href":"https:\/\/api.w.org\/{rel}","templated":true}]}}