{"id":84010,"date":"2019-04-02T14:09:54","date_gmt":"2019-04-02T12:09:54","guid":{"rendered":"http:\/\/www.tucomarca.com\/wordpress\/segunda\/?p=84010"},"modified":"2019-04-02T14:09:54","modified_gmt":"2019-04-02T12:09:54","slug":"el-consorci-valencia-interior-inicia-a-alpuente-el-canvi-sostenible-en-la-gestio-dels-residus","status":"publish","type":"post","link":"https:\/\/tucomarca.whitekongsoftware.com\/ca\/el-consorci-valencia-interior-inicia-a-alpuente-el-canvi-sostenible-en-la-gestio-dels-residus\/","title":{"rendered":"El Consorci Val\u00e8ncia Interior inicia a Alpuente el canvi sostenible en la gesti\u00f3 dels residus"},"content":{"rendered":"<p>El Consorci Val\u00e8ncia Interior (CVI) convida a aprofitar el canvi en la forma de gestionar els residus, impulsat pel Paquet d&#8217;Economia Circular de la Uni\u00f3 Europea, com una oportunitat. &#8220;L&#8217;objectiu \u00e9s posar el focus en l&#8217;autogesti\u00f3 de les restes de menjar en zones d&#8217;escassa densitat de poblaci\u00f3, com \u00e9s el municipi d&#8217;Alpuente, que permet millorar els resultats ambientals, incrementar la participaci\u00f3 dels ve\u00efns i reduir el cost per als ve\u00efns de la gesti\u00f3 dels residus dom\u00e8stics &#8220;, segons han informat des de l&#8217;estament.<\/p>\n<p>\u00c9s per aix\u00f2 que el CVI vol &#8220;aprofitar l&#8217;impuls del Pla Estatal Marc de Prevenci\u00f3 de Residus (PEMAR 2018) i finan\u00e7ament de la Generalitat per a inversions destinades a millores en la gesti\u00f3 de residus. De fet, ha iniciat un programa en nuclis menors que ofereix composteras, formaci\u00f3 i acompanyament per a la introducci\u00f3 del compostatge en la gesti\u00f3 de les deixalles dom\u00e8stiques. el compostatge a proximitat de les restes de cuina redueix el pes i les mol\u00e8sties de les escombraries que va als contenidors que, a m\u00e9s, ser\u00e0 m\u00e9s f\u00e0cil de separar a la planta de tractament del Consorci (a menys pes, menor taxa de tractament al ve\u00ed, ia menor contingut en mat\u00e8ria org\u00e0nica, menor freq\u00fc\u00e8ncia de recollida requerida i millor rendiment de materials recuperats en planta) &#8220;.<\/p>\n<p>El gerent, \u00c0ngel Rodr\u00edguez, s&#8217;ha reunit aquesta setmana amb l&#8217;alcaldessa d&#8217;Alpuente, Alicia P\u00e9rez, i amb representants de la contracta que porta a terme el servei de recollida de residus a la localitat amb l&#8217;objectiu de planificar la implantaci\u00f3 del nou model de gesti\u00f3 en l\u00ednia amb les directrius europees.<\/p>\n<p>L&#8217;Institut d&#8217;Educaci\u00f3 Secund\u00e0ria de Alpuente ha estat un dels primers implicats en desenvolupar un projecte integral de compostatge. De la m\u00e0 de les educadores del CVI, la Secci\u00f3 d&#8217;Alpuente de l&#8217;IES la Serran\u00eda va iniciar fa un any el compostatge en aquest centre escolar, on s&#8217;ha desenvolupat una formaci\u00f3 espec\u00edfica tant a l&#8217;alumnat com al professorat per aprendre a separar les restes de menjar a el menjador del centre, dipositar-los al compostador de 800 litres instal\u00b7lat al centre i controlar tot el proc\u00e9s (el seu airejat, la temperatura i el control dels acceleradors naturals).<\/p>\n<p>&#8220;El seguiment en aquest tipus de plans \u00e9s essencial, perqu\u00e8 el proc\u00e9s de compostatge no \u00e9s matem\u00e0tic, sempre hi ha una s\u00e8rie de variables que controlar ia tenir en compte perqu\u00e8 no generi olors i l&#8217;abonament sigui de qualitat&#8221;, tal com expliquen Paula Mart\u00edn i M\u00aa Jes\u00fas Cap, educadores ambientals del Consorci. De fet, &#8220;s&#8217;ha visitat in situ el compostador diverses vegades en aquest primer any i s&#8217;ha anat contrastant el seu desenvolupament, que podem qualificar sense dubte reeixit, generant un abonament que puguin utilitzar ja mateix a l&#8217;hort de l&#8217;institut&#8221;, han destacat , posant l&#8217;accent en qu\u00e8 es necessiten entre nou mesos i un any perqu\u00e8 la mat\u00e8ria org\u00e0nica dipositada es transformi de manera natural en compost de qualitat.<\/p>\n<p>\u00c9s per aix\u00f2 que CVI ha volgut &#8220;recon\u00e8ixer el comprom\u00eds tant de l&#8217;alumnat com del professorat amb una activitat extraordin\u00e0ria relacionada amb aquest projecte de compostatge a Alpuente, que va desenvolupar ahir l&#8217;equip d&#8217;educaci\u00f3 ambiental de l&#8217;ens. L&#8217;activitat es va realitzar a estudiants de Primer i segon de Secund\u00e0ria en un primer torn i als de Tercer i Quart de Secund\u00e0ria en un segon torn &#8220;.<\/p>\n<p>Al temps, el gerent del consorci aportar\u00e0 aquestes experi\u00e8ncies en la present edici\u00f3 del Conama Local, que se celebra del 2 al 5 d&#8217;abril a Toledo, en el marc del qual participar\u00e0 el proper dimecres en un debat sobre la gesti\u00f3 de residus en territoris de poblaci\u00f3 dispersa.<\/p>\n","protected":false},"excerpt":{"rendered":"<div class=\"mh-excerpt\">El Consorci Val\u00e8ncia Interior (CVI) convida a aprofitar el canvi en la forma de gestionar els residus, impulsat pel Paquet d&#8217;Economia Circular de la Uni\u00f3 Europea, com una oportunitat. &#8220;L&#8217;objectiu \u00e9s posar el focus en <a class=\"mh-excerpt-more\" href=\"https:\/\/tucomarca.whitekongsoftware.com\/ca\/el-consorci-valencia-interior-inicia-a-alpuente-el-canvi-sostenible-en-la-gestio-dels-residus\/\" title=\"El Consorci Val\u00e8ncia Interior inicia a Alpuente el canvi sostenible en la gesti\u00f3 dels residus\">[+] <\/a><\/div>\n","protected":false},"author":1,"featured_media":84013,"comment_status":"open","ping_status":"open","sticky":false,"template":"","format":"standard","meta":{"footnotes":""},"categories":[11044,11046,10898,10948,10894,10903,10896],"tags":[11117,11305],"class_list":["post-84010","post","type-post","status-publish","format-standard","has-post-thumbnail","category-alpuente-ca","category-los-serranos-ca","category-ventana-ca","category-infraestructuras-ca","category-la-comarca-ca","category-medio-ambiente-la-comarca-ca","category-seccion-ca","tag-consorcio-valencia-interior-ca","tag-cvi-ca"],"_links":{"self":[{"href":"https:\/\/tucomarca.whitekongsoftware.com\/ca\/wp-json\/wp\/v2\/posts\/84010","targetHints":{"allow":["GET"]}}],"collection":[{"href":"https:\/\/tucomarca.whitekongsoftware.com\/ca\/wp-json\/wp\/v2\/posts"}],"about":[{"href":"https:\/\/tucomarca.whitekongsoftware.com\/ca\/wp-json\/wp\/v2\/types\/post"}],"author":[{"embeddable":true,"href":"https:\/\/tucomarca.whitekongsoftware.com\/ca\/wp-json\/wp\/v2\/users\/1"}],"replies":[{"embeddable":true,"href":"https:\/\/tucomarca.whitekongsoftware.com\/ca\/wp-json\/wp\/v2\/comments?post=84010"}],"version-history":[{"count":0,"href":"https:\/\/tucomarca.whitekongsoftware.com\/ca\/wp-json\/wp\/v2\/posts\/84010\/revisions"}],"wp:featuredmedia":[{"embeddable":true,"href":"https:\/\/tucomarca.whitekongsoftware.com\/ca\/wp-json\/wp\/v2\/media\/84013"}],"wp:attachment":[{"href":"https:\/\/tucomarca.whitekongsoftware.com\/ca\/wp-json\/wp\/v2\/media?parent=84010"}],"wp:term":[{"taxonomy":"category","embeddable":true,"href":"https:\/\/tucomarca.whitekongsoftware.com\/ca\/wp-json\/wp\/v2\/categories?post=84010"},{"taxonomy":"post_tag","embeddable":true,"href":"https:\/\/tucomarca.whitekongsoftware.com\/ca\/wp-json\/wp\/v2\/tags?post=84010"}],"curies":[{"name":"wp","href":"https:\/\/api.w.org\/{rel}","templated":true}]}}