{"id":83773,"date":"2019-03-29T22:40:07","date_gmt":"2019-03-29T20:40:07","guid":{"rendered":"http:\/\/www.tucomarca.com\/wordpress\/segunda\/?p=83773"},"modified":"2019-03-29T22:40:07","modified_gmt":"2019-03-29T20:40:07","slug":"ja-es-poden-reservar-les-instal%c2%b7lacions-esportives-municipals-des-de-la-web-de-lajuntament-de-requena","status":"publish","type":"post","link":"https:\/\/tucomarca.whitekongsoftware.com\/ca\/ja-es-poden-reservar-les-instal%c2%b7lacions-esportives-municipals-des-de-la-web-de-lajuntament-de-requena\/","title":{"rendered":"Ja es poden reservar les instal\u00b7lacions esportives municipals des de la web de l&#8217;Ajuntament de Requena"},"content":{"rendered":"<figure id=\"attachment_83770\" aria-describedby=\"caption-attachment-83770\" style=\"width: 521px\" class=\"wp-caption alignleft\"><img loading=\"lazy\" decoding=\"async\" class=\" wp-image-83770\" src=\"http:\/\/www.tucomarca.com\/wordpress\/segunda\/wp-content\/uploads\/2019\/03\/Requenapistas.png\" alt=\"C\u00f3mo reservar pistas deportivas en Requena.\" width=\"521\" height=\"278\" srcset=\"https:\/\/tucomarca.whitekongsoftware.com\/wp-content\/uploads\/2019\/03\/Requenapistas.png 1208w, https:\/\/tucomarca.whitekongsoftware.com\/wp-content\/uploads\/2019\/03\/Requenapistas-300x160.png 300w, https:\/\/tucomarca.whitekongsoftware.com\/wp-content\/uploads\/2019\/03\/Requenapistas-768x409.png 768w, https:\/\/tucomarca.whitekongsoftware.com\/wp-content\/uploads\/2019\/03\/Requenapistas-1024x546.png 1024w\" sizes=\"auto, (max-width: 521px) 100vw, 521px\" \/><figcaption id=\"caption-attachment-83770\" class=\"wp-caption-text\">Ja es poden reservar les instal\u00b7lacions esportives municipals des de la web de l&#8217;Ajuntament de Requena.<\/figcaption><\/figure>\n<p>L&#8217;Ajuntament de Requena activa l&#8217;opci\u00f3 de reservar les instal\u00b7lacions esportives municipals des de la seva p\u00e0gina web. Aquesta novetat, juntament amb altres que ja s&#8217;han posat en marxa com la petici\u00f3 de cita pr\u00e8via per a la renovaci\u00f3 del DNI, permet als ciutadans una millor organitzaci\u00f3 i una major accessibilitat als serveis.<\/p>\n<p>L&#8217;equip de govern, amb iniciatives com aquesta, remarca la import\u00e0ncia de democratitzar l&#8217;\u00fas d&#8217;instal\u00b7lacions municipals, per a l&#8217;\u00fas i gaudi de tots els requenenses. Una altra de les grans avantatges que aquesta novetat aporta \u00e9s fer el carnet de les instal\u00b7lacions municipals esportives molt m\u00e9s \u00fatil.<\/p>\n<p>Les instal\u00b7lacions que ja poden reservar-se des de la web s\u00f3n: les pistes esportives, els camps de tennis i front\u00f3, i les diferents sales com la sala de ioga, judo, tennis de taula, escalada o la sala d&#8217;activitats dirigides.<\/p>\n<p>Per poder realitzar la reserva d&#8217;una de les instal\u00b7lacions esportives, s&#8217;ha d&#8217;accedir a la p\u00e0gina web de l&#8217;Ajuntament de Requena (www.requena.es), fer clic al men\u00fa a la pestanya &#8220;administraci\u00f3 electr\u00f2nica&#8221; i en &#8220;reserva pistes esportives&#8221; . A continuaci\u00f3, s&#8217;ha d&#8217;iniciar sessi\u00f3 i, seguidament, s&#8217;escull la instal\u00b7laci\u00f3 que es desitja reservar, la data i l&#8217;hora. Qualsevol dubte o problema que derivi d&#8217;aquesta nova iniciativa pot comunicar a l&#8217;ajuntament perqu\u00e8 es dugui a terme una soluci\u00f3.<\/p>\n","protected":false},"excerpt":{"rendered":"<div class=\"mh-excerpt\">L&#8217;Ajuntament de Requena activa l&#8217;opci\u00f3 de reservar les instal\u00b7lacions esportives municipals des de la seva p\u00e0gina web. Aquesta novetat, juntament amb altres que ja s&#8217;han posat en marxa com la petici\u00f3 de cita pr\u00e8via per <a class=\"mh-excerpt-more\" href=\"https:\/\/tucomarca.whitekongsoftware.com\/ca\/ja-es-poden-reservar-les-instal%c2%b7lacions-esportives-municipals-des-de-la-web-de-lajuntament-de-requena\/\" title=\"Ja es poden reservar les instal\u00b7lacions esportives municipals des de la web de l&#8217;Ajuntament de Requena\">[+] <\/a><\/div>\n","protected":false},"author":1,"featured_media":83771,"comment_status":"open","ping_status":"open","sticky":false,"template":"","format":"standard","meta":{"footnotes":""},"categories":[11003,11009,10908,10909,10896],"tags":[11099],"class_list":["post-83773","post","type-post","status-publish","format-standard","has-post-thumbnail","category-sports","category-polideportivo-ca","category-requena-ca","category-requena-utiel-ca","category-seccion-ca","tag-requena-ca"],"_links":{"self":[{"href":"https:\/\/tucomarca.whitekongsoftware.com\/ca\/wp-json\/wp\/v2\/posts\/83773","targetHints":{"allow":["GET"]}}],"collection":[{"href":"https:\/\/tucomarca.whitekongsoftware.com\/ca\/wp-json\/wp\/v2\/posts"}],"about":[{"href":"https:\/\/tucomarca.whitekongsoftware.com\/ca\/wp-json\/wp\/v2\/types\/post"}],"author":[{"embeddable":true,"href":"https:\/\/tucomarca.whitekongsoftware.com\/ca\/wp-json\/wp\/v2\/users\/1"}],"replies":[{"embeddable":true,"href":"https:\/\/tucomarca.whitekongsoftware.com\/ca\/wp-json\/wp\/v2\/comments?post=83773"}],"version-history":[{"count":0,"href":"https:\/\/tucomarca.whitekongsoftware.com\/ca\/wp-json\/wp\/v2\/posts\/83773\/revisions"}],"wp:featuredmedia":[{"embeddable":true,"href":"https:\/\/tucomarca.whitekongsoftware.com\/ca\/wp-json\/wp\/v2\/media\/83771"}],"wp:attachment":[{"href":"https:\/\/tucomarca.whitekongsoftware.com\/ca\/wp-json\/wp\/v2\/media?parent=83773"}],"wp:term":[{"taxonomy":"category","embeddable":true,"href":"https:\/\/tucomarca.whitekongsoftware.com\/ca\/wp-json\/wp\/v2\/categories?post=83773"},{"taxonomy":"post_tag","embeddable":true,"href":"https:\/\/tucomarca.whitekongsoftware.com\/ca\/wp-json\/wp\/v2\/tags?post=83773"}],"curies":[{"name":"wp","href":"https:\/\/api.w.org\/{rel}","templated":true}]}}