{"id":83496,"date":"2019-03-26T19:43:22","date_gmt":"2019-03-26T17:43:22","guid":{"rendered":"http:\/\/www.tucomarca.com\/wordpress\/segunda\/?p=83496"},"modified":"2019-03-26T19:43:22","modified_gmt":"2019-03-26T17:43:22","slug":"presentacio-de-la-novel%c2%b7la-el-caballero-oculto-a-cortes-de-pallas","status":"publish","type":"post","link":"https:\/\/tucomarca.whitekongsoftware.com\/ca\/presentacio-de-la-novel%c2%b7la-el-caballero-oculto-a-cortes-de-pallas\/","title":{"rendered":"Presentaci\u00f3 de la novel\u00b7la &#8220;El caballero oculto&#8221; a Cortes de Pall\u00e1s"},"content":{"rendered":"<div class=\"\">\n<div class=\"WordSection1\">\n<div class=\"\">\n<figure id=\"attachment_83490\" aria-describedby=\"caption-attachment-83490\" style=\"width: 298px\" class=\"wp-caption alignleft\"><img loading=\"lazy\" decoding=\"async\" class=\" wp-image-83490\" src=\"http:\/\/www.tucomarca.com\/wordpress\/segunda\/wp-content\/uploads\/2019\/03\/Elcaballerooculto.jpeg\" alt=\"Portada de la novela.\" width=\"298\" height=\"459\" srcset=\"https:\/\/tucomarca.whitekongsoftware.com\/wp-content\/uploads\/2019\/03\/Elcaballerooculto.jpeg 1686w, https:\/\/tucomarca.whitekongsoftware.com\/wp-content\/uploads\/2019\/03\/Elcaballerooculto-195x300.jpeg 195w, https:\/\/tucomarca.whitekongsoftware.com\/wp-content\/uploads\/2019\/03\/Elcaballerooculto-768x1183.jpeg 768w, https:\/\/tucomarca.whitekongsoftware.com\/wp-content\/uploads\/2019\/03\/Elcaballerooculto-665x1024.jpeg 665w, https:\/\/tucomarca.whitekongsoftware.com\/wp-content\/uploads\/2019\/03\/Elcaballerooculto-1024x1578.jpeg 1024w\" sizes=\"auto, (max-width: 298px) 100vw, 298px\" \/><figcaption id=\"caption-attachment-83490\" class=\"wp-caption-text\">Portada de la novel.la.<\/figcaption><\/figure>\n<p class=\"\"><strong><span class=\"\">Cortes de Pall\u00e1s\u00a0<\/span><\/strong>acollir\u00e0 aquest proper dissabte 30 de mar\u00e7 la presentaci\u00f3 de la novel\u00b7la &#8220;El caballero oculto&#8221; de Jes\u00fas Mar\u00eda S\u00e1nchez Gonz\u00e1lez, l&#8217;acte se celebrar\u00e0 a la sala d&#8217;actes del Centre Social del municipi a les 18,00 hores.<\/p>\n<p>En aquest esdeveniment, no nom\u00e9s es desvetllar\u00e0 el treball de recerca que l&#8217;autor va realitzar per a la creaci\u00f3 de la novel\u00b7la, sin\u00f3 tamb\u00e9 es mostrar\u00e0 una petita exposici\u00f3 de r\u00e8pliques d&#8217;objectes i armes v\u00edkings trobades en les excavacions arqueol\u00f2giques.<\/p>\n<p>Un dels escenaris de la novel\u00b7la \u00e9s la poblaci\u00f3 de Cortes de Pallars; un m\u00f3n a part. Un meravell\u00f3s municipi situat al cor de Val\u00e8ncia, on la naturalesa de la mare Terra brilla en tot el seu esplendor.<\/p>\n<p>La fotografia de la localitat que apareix en la novel\u00b7la ha estat cedida per l&#8217;Ajuntament de Cortes de Pallars, havent estat guanyadora del primer premi de fotografia tur\u00edstica de la localitat en 2018.<\/p>\n<p>(Informar els ve\u00efns que es posar\u00e0 un autob\u00fas que sortir\u00e0 a les 17,00h des Cabezuela passant per la resta de llogarets, per reservar pla\u00e7a cal apuntar-se a l&#8217;ajuntament fins al 27 de mar\u00e7).<\/p>\n<\/div>\n<\/div>\n<\/div>\n<div class=\"\">\n<div class=\"WordSection1\">\n<div class=\"\"><\/div>\n<div class=\"\">\n<div class=\"\">\n<figure id=\"attachment_83493\" aria-describedby=\"caption-attachment-83493\" style=\"width: 299px\" class=\"wp-caption alignleft\"><img loading=\"lazy\" decoding=\"async\" class=\" wp-image-83493\" src=\"http:\/\/www.tucomarca.com\/wordpress\/segunda\/wp-content\/uploads\/2019\/03\/Cortes.jpeg\" alt=\"\" width=\"299\" height=\"423\" \/><figcaption id=\"caption-attachment-83493\" class=\"wp-caption-text\">Cortes enc\u00e9n la nit.<\/figcaption><\/figure>\n<\/div>\n<\/div>\n<\/div>\n<\/div>\n","protected":false},"excerpt":{"rendered":"<div class=\"mh-excerpt\">Cortes de Pall\u00e1s\u00a0acollir\u00e0 aquest proper dissabte 30 de mar\u00e7 la presentaci\u00f3 de la novel\u00b7la &#8220;El caballero oculto&#8221; de Jes\u00fas Mar\u00eda S\u00e1nchez Gonz\u00e1lez, l&#8217;acte se celebrar\u00e0 a la sala d&#8217;actes del Centre Social del municipi a <a class=\"mh-excerpt-more\" href=\"https:\/\/tucomarca.whitekongsoftware.com\/ca\/presentacio-de-la-novel%c2%b7la-el-caballero-oculto-a-cortes-de-pallas\/\" title=\"Presentaci\u00f3 de la novel\u00b7la &#8220;El caballero oculto&#8221; a Cortes de Pall\u00e1s\">[+] <\/a><\/div>\n","protected":false},"author":2,"featured_media":83491,"comment_status":"open","ping_status":"open","sticky":false,"template":"","format":"standard","meta":{"footnotes":""},"categories":[11019,10951,10953,11007,10896],"tags":[11230],"class_list":["post-83496","post","type-post","status-publish","format-standard","has-post-thumbnail","category-agenda-ca","category-ayora-cofrentes-ca","category-cortes-de-pallas-ca","category-ocio-y-cultura-ca","category-seccion-ca","tag-cortes-de-pallas-ca"],"_links":{"self":[{"href":"https:\/\/tucomarca.whitekongsoftware.com\/ca\/wp-json\/wp\/v2\/posts\/83496","targetHints":{"allow":["GET"]}}],"collection":[{"href":"https:\/\/tucomarca.whitekongsoftware.com\/ca\/wp-json\/wp\/v2\/posts"}],"about":[{"href":"https:\/\/tucomarca.whitekongsoftware.com\/ca\/wp-json\/wp\/v2\/types\/post"}],"author":[{"embeddable":true,"href":"https:\/\/tucomarca.whitekongsoftware.com\/ca\/wp-json\/wp\/v2\/users\/2"}],"replies":[{"embeddable":true,"href":"https:\/\/tucomarca.whitekongsoftware.com\/ca\/wp-json\/wp\/v2\/comments?post=83496"}],"version-history":[{"count":0,"href":"https:\/\/tucomarca.whitekongsoftware.com\/ca\/wp-json\/wp\/v2\/posts\/83496\/revisions"}],"wp:featuredmedia":[{"embeddable":true,"href":"https:\/\/tucomarca.whitekongsoftware.com\/ca\/wp-json\/wp\/v2\/media\/83491"}],"wp:attachment":[{"href":"https:\/\/tucomarca.whitekongsoftware.com\/ca\/wp-json\/wp\/v2\/media?parent=83496"}],"wp:term":[{"taxonomy":"category","embeddable":true,"href":"https:\/\/tucomarca.whitekongsoftware.com\/ca\/wp-json\/wp\/v2\/categories?post=83496"},{"taxonomy":"post_tag","embeddable":true,"href":"https:\/\/tucomarca.whitekongsoftware.com\/ca\/wp-json\/wp\/v2\/tags?post=83496"}],"curies":[{"name":"wp","href":"https:\/\/api.w.org\/{rel}","templated":true}]}}