{"id":83482,"date":"2019-03-26T19:45:24","date_gmt":"2019-03-26T17:45:24","guid":{"rendered":"http:\/\/www.tucomarca.com\/wordpress\/segunda\/?p=83482"},"modified":"2019-03-26T19:45:24","modified_gmt":"2019-03-26T17:45:24","slug":"xest-commemora-els-naixements-de-2018-plantant-un-arbre-i-inaugurant-una-placa-a-lacte-el-bosc-dels-i-les-infants","status":"publish","type":"post","link":"https:\/\/tucomarca.whitekongsoftware.com\/ca\/xest-commemora-els-naixements-de-2018-plantant-un-arbre-i-inaugurant-una-placa-a-lacte-el-bosc-dels-i-les-infants\/","title":{"rendered":"Xest commemora els naixements de 2018 plantant un arbre i inaugurant una placa a l&#8217;acte &#8220;El Bosc dels i les infants&#8221;"},"content":{"rendered":"<div class=\"\">\n<figure id=\"attachment_83447\" aria-describedby=\"caption-attachment-83447\" style=\"width: 405px\" class=\"wp-caption alignleft\"><img loading=\"lazy\" decoding=\"async\" class=\" wp-image-83447\" src=\"http:\/\/www.tucomarca.com\/wordpress\/segunda\/wp-content\/uploads\/2019\/03\/3Bosque_ni\u00f1xs-2019_.jpeg\" alt=\"El alcalde, Jos\u00e9 Morell, plantando un \u00e1rbol.\" width=\"405\" height=\"270\" srcset=\"https:\/\/tucomarca.whitekongsoftware.com\/wp-content\/uploads\/2019\/03\/3Bosque_ni\u00f1xs-2019_.jpeg 5184w, https:\/\/tucomarca.whitekongsoftware.com\/wp-content\/uploads\/2019\/03\/3Bosque_ni\u00f1xs-2019_-300x200.jpeg 300w, https:\/\/tucomarca.whitekongsoftware.com\/wp-content\/uploads\/2019\/03\/3Bosque_ni\u00f1xs-2019_-768x512.jpeg 768w, https:\/\/tucomarca.whitekongsoftware.com\/wp-content\/uploads\/2019\/03\/3Bosque_ni\u00f1xs-2019_-1024x683.jpeg 1024w\" sizes=\"auto, (max-width: 405px) 100vw, 405px\" \/><figcaption id=\"caption-attachment-83447\" class=\"wp-caption-text\">L&#8217;alcalde, Jos\u00e9 Morell, plantant una <i class=\"\">Bauhinia<\/i>.<\/figcaption><\/figure>\n<p>Ahir, diumenge 24 de mar\u00e7, al Parc de la Lomiquia de Xest, va tenir lloc l&#8217;acte &#8220;El Bosc dels i les infants&#8221;. Durant el mat\u00ed, com ja \u00e9s tradici\u00f3 cada any, les fam\u00edlies dels nous ve\u00efns i ve\u00efnes, es van reunir per inaugurar una placa, plantar un arbre i commemorar el naixement dels nens i nenes de 2018.<\/p>\n<p>&#8220;Avui \u00e9s un dia que generalment a tothom li agrada, perqu\u00e8 sol ser entranyable. \u00c9s el dia en qu\u00e8 comences a con\u00e8ixer als pares i mares dels que van a ser companys i companyes de classe dels teus fills o que seran els companys i companyes de la Verema; els que els van a acompanyar al llarg de la vida. Tamb\u00e9 \u00e9s un dia molt especial per a mi, perqu\u00e8 la meva filla va n\u00e9ixer l&#8217;any passat &#8220;comentava l&#8217;alcalde, Jos\u00e9 Morell, en presentar l&#8217;acte&#8221; El Bosc dels i les infants &#8220;.<\/p>\n<p>A continuaci\u00f3 va parlar de l&#8217;esp\u00e8cie d&#8217;arbre que es va triar com a s\u00edmbol del naixement dels nens i nenes de 2018. &#8220;Aquest any anem a plantar una Bauhinia, un arbre que t\u00e9 propietats medicinals. Ara, en aparen\u00e7a, est\u00e0 molt pelat, per\u00f2 m\u00e9s endavant donar\u00e0 unes flors molt boniques de color blanc o porpra, segons l&#8217;esp\u00e8cie. La particularitat que t\u00e9 \u00e9s que les fulles tenen forma de petjada d&#8217;una vaca, que \u00e9s com es diu comunament a aquest arbre, pota de vaca &#8220;.<\/p>\n<p>En finalitzar la plantaci\u00f3, a la qual va ajudar el mateix alcalde i un pare regant l&#8217;arbre, es va convidar a les fam\u00edlies a posar per a una fotografia, al costat de la Bauhinia, que quedar\u00e0 per al record. La regidora de Festes, Carme Delgado, va convidar a tots els ve\u00efns i ve\u00efnes a passar a recollir els obsequis per la celebraci\u00f3 de l&#8217;acte: un pi o un carrasca i un llibre infantil. Tamb\u00e9 va procedir a detallar les activitats que s&#8217;anaven a celebrar al Parc de la Lomiquia i va convidar els ve\u00efns i ve\u00efnes de Xest a participar.<\/p>\n<p>Al llarg del mat\u00ed es van succeir tallers de reciclatge organitzats per l&#8217;associaci\u00f3 Eco-embes, pinta-cares, dibuixos per pintar, l&#8217;actuaci\u00f3 del mag Ra\u00fal Quintana, activitats programades per l&#8217;associaci\u00f3 La Canera i fundaci\u00f3 Jadoul &#8220;mes que gossos&#8221; i l&#8217;exhibici\u00f3 de gossets en adopci\u00f3, a m\u00e9s de mercats ambulants destinats a recaptar fons per a les dues associacions i els m\u00e9s de 100 gossos en acollida a les seves seus a Xest.<\/p>\n<\/div>\n<div class=\"\">\n<div id='gallery-1' class='gallery galleryid-83482 gallery-columns-3 gallery-size-medium'><figure class='gallery-item'>\n\t\t\t<div class='gallery-icon landscape'>\n\t\t\t\t<a href='https:\/\/tucomarca.whitekongsoftware.com\/ca\/xest-commemora-els-naixements-de-2018-plantant-un-arbre-i-inaugurant-una-placa-a-lacte-el-bosc-dels-i-les-infants\/1bosque_ninxs-2019_-2\/'><img loading=\"lazy\" decoding=\"async\" width=\"300\" height=\"200\" src=\"https:\/\/tucomarca.whitekongsoftware.com\/wp-content\/uploads\/2019\/03\/1Bosque_ni\u00f1xs-2019_-300x200.jpeg\" class=\"attachment-medium size-medium\" alt=\"\" srcset=\"https:\/\/tucomarca.whitekongsoftware.com\/wp-content\/uploads\/2019\/03\/1Bosque_ni\u00f1xs-2019_-300x200.jpeg 300w, https:\/\/tucomarca.whitekongsoftware.com\/wp-content\/uploads\/2019\/03\/1Bosque_ni\u00f1xs-2019_-768x512.jpeg 768w, https:\/\/tucomarca.whitekongsoftware.com\/wp-content\/uploads\/2019\/03\/1Bosque_ni\u00f1xs-2019_-1024x683.jpeg 1024w\" sizes=\"auto, (max-width: 300px) 100vw, 300px\" \/><\/a>\n\t\t\t<\/div><\/figure><figure class='gallery-item'>\n\t\t\t<div class='gallery-icon landscape'>\n\t\t\t\t<a href='https:\/\/tucomarca.whitekongsoftware.com\/ca\/xest-commemora-els-naixements-de-2018-plantant-un-arbre-i-inaugurant-una-placa-a-lacte-el-bosc-dels-i-les-infants\/2bosque_ninxs-2019_-2\/'><img loading=\"lazy\" decoding=\"async\" width=\"300\" height=\"200\" src=\"https:\/\/tucomarca.whitekongsoftware.com\/wp-content\/uploads\/2019\/03\/2Bosque_ni\u00f1xs-2019_-300x200.jpeg\" class=\"attachment-medium size-medium\" alt=\"\" srcset=\"https:\/\/tucomarca.whitekongsoftware.com\/wp-content\/uploads\/2019\/03\/2Bosque_ni\u00f1xs-2019_-300x200.jpeg 300w, https:\/\/tucomarca.whitekongsoftware.com\/wp-content\/uploads\/2019\/03\/2Bosque_ni\u00f1xs-2019_-768x512.jpeg 768w, https:\/\/tucomarca.whitekongsoftware.com\/wp-content\/uploads\/2019\/03\/2Bosque_ni\u00f1xs-2019_-1024x683.jpeg 1024w\" sizes=\"auto, (max-width: 300px) 100vw, 300px\" \/><\/a>\n\t\t\t<\/div><\/figure><figure class='gallery-item'>\n\t\t\t<div class='gallery-icon landscape'>\n\t\t\t\t<a href='https:\/\/tucomarca.whitekongsoftware.com\/ca\/xest-commemora-els-naixements-de-2018-plantant-un-arbre-i-inaugurant-una-placa-a-lacte-el-bosc-dels-i-les-infants\/3bosque_ninxs-2019_-2-2\/'><img loading=\"lazy\" decoding=\"async\" width=\"300\" height=\"200\" src=\"https:\/\/tucomarca.whitekongsoftware.com\/wp-content\/uploads\/2019\/03\/3Bosque_ni\u00f1xs-2019_-1-300x200.jpeg\" class=\"attachment-medium size-medium\" alt=\"\" srcset=\"https:\/\/tucomarca.whitekongsoftware.com\/wp-content\/uploads\/2019\/03\/3Bosque_ni\u00f1xs-2019_-1-300x200.jpeg 300w, https:\/\/tucomarca.whitekongsoftware.com\/wp-content\/uploads\/2019\/03\/3Bosque_ni\u00f1xs-2019_-1-768x512.jpeg 768w, https:\/\/tucomarca.whitekongsoftware.com\/wp-content\/uploads\/2019\/03\/3Bosque_ni\u00f1xs-2019_-1-1024x683.jpeg 1024w\" sizes=\"auto, (max-width: 300px) 100vw, 300px\" \/><\/a>\n\t\t\t<\/div><\/figure><figure class='gallery-item'>\n\t\t\t<div class='gallery-icon landscape'>\n\t\t\t\t<a href='https:\/\/tucomarca.whitekongsoftware.com\/ca\/xest-commemora-els-naixements-de-2018-plantant-un-arbre-i-inaugurant-una-placa-a-lacte-el-bosc-dels-i-les-infants\/4bosque_ninxs-2019_-2\/'><img loading=\"lazy\" decoding=\"async\" width=\"300\" height=\"200\" src=\"https:\/\/tucomarca.whitekongsoftware.com\/wp-content\/uploads\/2019\/03\/4Bosque_ni\u00f1xs-2019_-300x200.jpeg\" class=\"attachment-medium size-medium\" alt=\"\" srcset=\"https:\/\/tucomarca.whitekongsoftware.com\/wp-content\/uploads\/2019\/03\/4Bosque_ni\u00f1xs-2019_-300x200.jpeg 300w, https:\/\/tucomarca.whitekongsoftware.com\/wp-content\/uploads\/2019\/03\/4Bosque_ni\u00f1xs-2019_-768x512.jpeg 768w, https:\/\/tucomarca.whitekongsoftware.com\/wp-content\/uploads\/2019\/03\/4Bosque_ni\u00f1xs-2019_-1024x683.jpeg 1024w\" sizes=\"auto, (max-width: 300px) 100vw, 300px\" \/><\/a>\n\t\t\t<\/div><\/figure><figure class='gallery-item'>\n\t\t\t<div class='gallery-icon landscape'>\n\t\t\t\t<a href='https:\/\/tucomarca.whitekongsoftware.com\/ca\/xest-commemora-els-naixements-de-2018-plantant-un-arbre-i-inaugurant-una-placa-a-lacte-el-bosc-dels-i-les-infants\/5bosque_ninxs-2019_-2\/'><img loading=\"lazy\" decoding=\"async\" width=\"300\" height=\"200\" src=\"https:\/\/tucomarca.whitekongsoftware.com\/wp-content\/uploads\/2019\/03\/5Bosque_ni\u00f1xs-2019_-300x200.jpeg\" class=\"attachment-medium size-medium\" alt=\"\" srcset=\"https:\/\/tucomarca.whitekongsoftware.com\/wp-content\/uploads\/2019\/03\/5Bosque_ni\u00f1xs-2019_-300x200.jpeg 300w, https:\/\/tucomarca.whitekongsoftware.com\/wp-content\/uploads\/2019\/03\/5Bosque_ni\u00f1xs-2019_-768x512.jpeg 768w, https:\/\/tucomarca.whitekongsoftware.com\/wp-content\/uploads\/2019\/03\/5Bosque_ni\u00f1xs-2019_-1024x683.jpeg 1024w\" sizes=\"auto, (max-width: 300px) 100vw, 300px\" \/><\/a>\n\t\t\t<\/div><\/figure><figure class='gallery-item'>\n\t\t\t<div class='gallery-icon landscape'>\n\t\t\t\t<a href='https:\/\/tucomarca.whitekongsoftware.com\/ca\/xest-commemora-els-naixements-de-2018-plantant-un-arbre-i-inaugurant-una-placa-a-lacte-el-bosc-dels-i-les-infants\/6bosque_ninxs-2019_-2\/'><img loading=\"lazy\" decoding=\"async\" width=\"300\" height=\"200\" src=\"https:\/\/tucomarca.whitekongsoftware.com\/wp-content\/uploads\/2019\/03\/6Bosque_ni\u00f1xs-2019_-300x200.jpeg\" class=\"attachment-medium size-medium\" alt=\"\" srcset=\"https:\/\/tucomarca.whitekongsoftware.com\/wp-content\/uploads\/2019\/03\/6Bosque_ni\u00f1xs-2019_-300x200.jpeg 300w, https:\/\/tucomarca.whitekongsoftware.com\/wp-content\/uploads\/2019\/03\/6Bosque_ni\u00f1xs-2019_-768x512.jpeg 768w, https:\/\/tucomarca.whitekongsoftware.com\/wp-content\/uploads\/2019\/03\/6Bosque_ni\u00f1xs-2019_-1024x683.jpeg 1024w\" sizes=\"auto, (max-width: 300px) 100vw, 300px\" \/><\/a>\n\t\t\t<\/div><\/figure><figure class='gallery-item'>\n\t\t\t<div class='gallery-icon landscape'>\n\t\t\t\t<a href='https:\/\/tucomarca.whitekongsoftware.com\/ca\/xest-commemora-els-naixements-de-2018-plantant-un-arbre-i-inaugurant-una-placa-a-lacte-el-bosc-dels-i-les-infants\/7bosque_ninxs-2019_-2\/'><img loading=\"lazy\" decoding=\"async\" width=\"300\" height=\"200\" src=\"https:\/\/tucomarca.whitekongsoftware.com\/wp-content\/uploads\/2019\/03\/7Bosque_ni\u00f1xs-2019_-300x200.jpeg\" class=\"attachment-medium size-medium\" alt=\"\" srcset=\"https:\/\/tucomarca.whitekongsoftware.com\/wp-content\/uploads\/2019\/03\/7Bosque_ni\u00f1xs-2019_-300x200.jpeg 300w, https:\/\/tucomarca.whitekongsoftware.com\/wp-content\/uploads\/2019\/03\/7Bosque_ni\u00f1xs-2019_-768x512.jpeg 768w, https:\/\/tucomarca.whitekongsoftware.com\/wp-content\/uploads\/2019\/03\/7Bosque_ni\u00f1xs-2019_-1024x683.jpeg 1024w\" sizes=\"auto, (max-width: 300px) 100vw, 300px\" \/><\/a>\n\t\t\t<\/div><\/figure><figure class='gallery-item'>\n\t\t\t<div class='gallery-icon landscape'>\n\t\t\t\t<a href='https:\/\/tucomarca.whitekongsoftware.com\/ca\/xest-commemora-els-naixements-de-2018-plantant-un-arbre-i-inaugurant-una-placa-a-lacte-el-bosc-dels-i-les-infants\/8bosque_ninxs-2019_-2\/'><img loading=\"lazy\" decoding=\"async\" width=\"300\" height=\"200\" src=\"https:\/\/tucomarca.whitekongsoftware.com\/wp-content\/uploads\/2019\/03\/8Bosque_ni\u00f1xs-2019_-300x200.jpeg\" class=\"attachment-medium size-medium\" alt=\"\" srcset=\"https:\/\/tucomarca.whitekongsoftware.com\/wp-content\/uploads\/2019\/03\/8Bosque_ni\u00f1xs-2019_-300x200.jpeg 300w, https:\/\/tucomarca.whitekongsoftware.com\/wp-content\/uploads\/2019\/03\/8Bosque_ni\u00f1xs-2019_-768x512.jpeg 768w, https:\/\/tucomarca.whitekongsoftware.com\/wp-content\/uploads\/2019\/03\/8Bosque_ni\u00f1xs-2019_-1024x683.jpeg 1024w\" sizes=\"auto, (max-width: 300px) 100vw, 300px\" \/><\/a>\n\t\t\t<\/div><\/figure><figure class='gallery-item'>\n\t\t\t<div class='gallery-icon landscape'>\n\t\t\t\t<a href='https:\/\/tucomarca.whitekongsoftware.com\/ca\/xest-commemora-els-naixements-de-2018-plantant-un-arbre-i-inaugurant-una-placa-a-lacte-el-bosc-dels-i-les-infants\/9bosque_ninxs-2019_-2\/'><img loading=\"lazy\" decoding=\"async\" width=\"300\" height=\"200\" src=\"https:\/\/tucomarca.whitekongsoftware.com\/wp-content\/uploads\/2019\/03\/9Bosque_ni\u00f1xs-2019_-300x200.jpeg\" class=\"attachment-medium size-medium\" alt=\"\" srcset=\"https:\/\/tucomarca.whitekongsoftware.com\/wp-content\/uploads\/2019\/03\/9Bosque_ni\u00f1xs-2019_-300x200.jpeg 300w, https:\/\/tucomarca.whitekongsoftware.com\/wp-content\/uploads\/2019\/03\/9Bosque_ni\u00f1xs-2019_-768x512.jpeg 768w, https:\/\/tucomarca.whitekongsoftware.com\/wp-content\/uploads\/2019\/03\/9Bosque_ni\u00f1xs-2019_-1024x683.jpeg 1024w\" sizes=\"auto, (max-width: 300px) 100vw, 300px\" \/><\/a>\n\t\t\t<\/div><\/figure><figure class='gallery-item'>\n\t\t\t<div class='gallery-icon landscape'>\n\t\t\t\t<a href='https:\/\/tucomarca.whitekongsoftware.com\/ca\/xest-commemora-els-naixements-de-2018-plantant-un-arbre-i-inaugurant-una-placa-a-lacte-el-bosc-dels-i-les-infants\/10bosque_ninxs-2019_-2\/'><img loading=\"lazy\" decoding=\"async\" width=\"300\" height=\"200\" src=\"https:\/\/tucomarca.whitekongsoftware.com\/wp-content\/uploads\/2019\/03\/10Bosque_ni\u00f1xs-2019_-300x200.jpeg\" class=\"attachment-medium size-medium\" alt=\"\" srcset=\"https:\/\/tucomarca.whitekongsoftware.com\/wp-content\/uploads\/2019\/03\/10Bosque_ni\u00f1xs-2019_-300x200.jpeg 300w, https:\/\/tucomarca.whitekongsoftware.com\/wp-content\/uploads\/2019\/03\/10Bosque_ni\u00f1xs-2019_-768x512.jpeg 768w, https:\/\/tucomarca.whitekongsoftware.com\/wp-content\/uploads\/2019\/03\/10Bosque_ni\u00f1xs-2019_-1024x683.jpeg 1024w\" sizes=\"auto, (max-width: 300px) 100vw, 300px\" \/><\/a>\n\t\t\t<\/div><\/figure><figure class='gallery-item'>\n\t\t\t<div class='gallery-icon landscape'>\n\t\t\t\t<a href='https:\/\/tucomarca.whitekongsoftware.com\/ca\/xest-commemora-els-naixements-de-2018-plantant-un-arbre-i-inaugurant-una-placa-a-lacte-el-bosc-dels-i-les-infants\/11bosque_ninxs-2019_-2\/'><img loading=\"lazy\" decoding=\"async\" width=\"300\" height=\"200\" src=\"https:\/\/tucomarca.whitekongsoftware.com\/wp-content\/uploads\/2019\/03\/11Bosque_ni\u00f1xs-2019_-300x200.jpeg\" class=\"attachment-medium size-medium\" alt=\"\" srcset=\"https:\/\/tucomarca.whitekongsoftware.com\/wp-content\/uploads\/2019\/03\/11Bosque_ni\u00f1xs-2019_-300x200.jpeg 300w, https:\/\/tucomarca.whitekongsoftware.com\/wp-content\/uploads\/2019\/03\/11Bosque_ni\u00f1xs-2019_-768x512.jpeg 768w, https:\/\/tucomarca.whitekongsoftware.com\/wp-content\/uploads\/2019\/03\/11Bosque_ni\u00f1xs-2019_-1024x683.jpeg 1024w\" sizes=\"auto, (max-width: 300px) 100vw, 300px\" \/><\/a>\n\t\t\t<\/div><\/figure><figure class='gallery-item'>\n\t\t\t<div class='gallery-icon landscape'>\n\t\t\t\t<a href='https:\/\/tucomarca.whitekongsoftware.com\/ca\/xest-commemora-els-naixements-de-2018-plantant-un-arbre-i-inaugurant-una-placa-a-lacte-el-bosc-dels-i-les-infants\/12bosque_ninxs-2019_-2\/'><img loading=\"lazy\" decoding=\"async\" width=\"300\" height=\"200\" src=\"https:\/\/tucomarca.whitekongsoftware.com\/wp-content\/uploads\/2019\/03\/12Bosque_ni\u00f1xs-2019_-300x200.jpeg\" class=\"attachment-medium size-medium\" alt=\"\" srcset=\"https:\/\/tucomarca.whitekongsoftware.com\/wp-content\/uploads\/2019\/03\/12Bosque_ni\u00f1xs-2019_-300x200.jpeg 300w, https:\/\/tucomarca.whitekongsoftware.com\/wp-content\/uploads\/2019\/03\/12Bosque_ni\u00f1xs-2019_-768x512.jpeg 768w, https:\/\/tucomarca.whitekongsoftware.com\/wp-content\/uploads\/2019\/03\/12Bosque_ni\u00f1xs-2019_-1024x683.jpeg 1024w\" sizes=\"auto, (max-width: 300px) 100vw, 300px\" \/><\/a>\n\t\t\t<\/div><\/figure><figure class='gallery-item'>\n\t\t\t<div class='gallery-icon landscape'>\n\t\t\t\t<a href='https:\/\/tucomarca.whitekongsoftware.com\/ca\/xest-commemora-els-naixements-de-2018-plantant-un-arbre-i-inaugurant-una-placa-a-lacte-el-bosc-dels-i-les-infants\/13bosque_ninxs-2019_-2\/'><img loading=\"lazy\" decoding=\"async\" width=\"300\" height=\"200\" src=\"https:\/\/tucomarca.whitekongsoftware.com\/wp-content\/uploads\/2019\/03\/13Bosque_ni\u00f1xs-2019_-300x200.jpeg\" class=\"attachment-medium size-medium\" alt=\"\" srcset=\"https:\/\/tucomarca.whitekongsoftware.com\/wp-content\/uploads\/2019\/03\/13Bosque_ni\u00f1xs-2019_-300x200.jpeg 300w, https:\/\/tucomarca.whitekongsoftware.com\/wp-content\/uploads\/2019\/03\/13Bosque_ni\u00f1xs-2019_-768x512.jpeg 768w, https:\/\/tucomarca.whitekongsoftware.com\/wp-content\/uploads\/2019\/03\/13Bosque_ni\u00f1xs-2019_-1024x683.jpeg 1024w\" sizes=\"auto, (max-width: 300px) 100vw, 300px\" \/><\/a>\n\t\t\t<\/div><\/figure><figure class='gallery-item'>\n\t\t\t<div class='gallery-icon landscape'>\n\t\t\t\t<a href='https:\/\/tucomarca.whitekongsoftware.com\/ca\/xest-commemora-els-naixements-de-2018-plantant-un-arbre-i-inaugurant-una-placa-a-lacte-el-bosc-dels-i-les-infants\/14bosque_ninxs-2019_-2\/'><img loading=\"lazy\" decoding=\"async\" width=\"300\" height=\"200\" src=\"https:\/\/tucomarca.whitekongsoftware.com\/wp-content\/uploads\/2019\/03\/14Bosque_ni\u00f1xs-2019_-300x200.jpeg\" class=\"attachment-medium size-medium\" alt=\"\" srcset=\"https:\/\/tucomarca.whitekongsoftware.com\/wp-content\/uploads\/2019\/03\/14Bosque_ni\u00f1xs-2019_-300x200.jpeg 300w, https:\/\/tucomarca.whitekongsoftware.com\/wp-content\/uploads\/2019\/03\/14Bosque_ni\u00f1xs-2019_-768x512.jpeg 768w, https:\/\/tucomarca.whitekongsoftware.com\/wp-content\/uploads\/2019\/03\/14Bosque_ni\u00f1xs-2019_-1024x683.jpeg 1024w\" sizes=\"auto, (max-width: 300px) 100vw, 300px\" \/><\/a>\n\t\t\t<\/div><\/figure>\n\t\t<\/div>\n\n<\/div>\n","protected":false},"excerpt":{"rendered":"<div class=\"mh-excerpt\">Ahir, diumenge 24 de mar\u00e7, al Parc de la Lomiquia de Xest, va tenir lloc l&#8217;acte &#8220;El Bosc dels i les infants&#8221;. Durant el mat\u00ed, com ja \u00e9s tradici\u00f3 cada any, les fam\u00edlies dels nous <a class=\"mh-excerpt-more\" href=\"https:\/\/tucomarca.whitekongsoftware.com\/ca\/xest-commemora-els-naixements-de-2018-plantant-un-arbre-i-inaugurant-una-placa-a-lacte-el-bosc-dels-i-les-infants\/\" title=\"Xest commemora els naixements de 2018 plantant un arbre i inaugurant una placa a l&#8217;acte &#8220;El Bosc dels i les infants&#8221;\">[+] <\/a><\/div>\n","protected":false},"author":2,"featured_media":83448,"comment_status":"open","ping_status":"open","sticky":false,"template":"","format":"standard","meta":{"footnotes":""},"categories":[10912,11004,10896,10974],"tags":[11109],"class_list":["post-83482","post","type-post","status-publish","format-standard","has-post-thumbnail","category-la-hoya-ca","category-la-semana-en-imagenes-ca","category-seccion-ca","category-cheste-ca","tag-xest"],"_links":{"self":[{"href":"https:\/\/tucomarca.whitekongsoftware.com\/ca\/wp-json\/wp\/v2\/posts\/83482","targetHints":{"allow":["GET"]}}],"collection":[{"href":"https:\/\/tucomarca.whitekongsoftware.com\/ca\/wp-json\/wp\/v2\/posts"}],"about":[{"href":"https:\/\/tucomarca.whitekongsoftware.com\/ca\/wp-json\/wp\/v2\/types\/post"}],"author":[{"embeddable":true,"href":"https:\/\/tucomarca.whitekongsoftware.com\/ca\/wp-json\/wp\/v2\/users\/2"}],"replies":[{"embeddable":true,"href":"https:\/\/tucomarca.whitekongsoftware.com\/ca\/wp-json\/wp\/v2\/comments?post=83482"}],"version-history":[{"count":0,"href":"https:\/\/tucomarca.whitekongsoftware.com\/ca\/wp-json\/wp\/v2\/posts\/83482\/revisions"}],"wp:featuredmedia":[{"embeddable":true,"href":"https:\/\/tucomarca.whitekongsoftware.com\/ca\/wp-json\/wp\/v2\/media\/83448"}],"wp:attachment":[{"href":"https:\/\/tucomarca.whitekongsoftware.com\/ca\/wp-json\/wp\/v2\/media?parent=83482"}],"wp:term":[{"taxonomy":"category","embeddable":true,"href":"https:\/\/tucomarca.whitekongsoftware.com\/ca\/wp-json\/wp\/v2\/categories?post=83482"},{"taxonomy":"post_tag","embeddable":true,"href":"https:\/\/tucomarca.whitekongsoftware.com\/ca\/wp-json\/wp\/v2\/tags?post=83482"}],"curies":[{"name":"wp","href":"https:\/\/api.w.org\/{rel}","templated":true}]}}